{"id":10732,"date":"2012-09-03T09:23:13","date_gmt":"2012-09-03T09:23:13","guid":{"rendered":"http:\/\/lamaneta.com\/news\/?p=10732"},"modified":"2013-03-09T16:20:11","modified_gmt":"2013-03-09T16:20:11","slug":"cabina-de-arenar-de-jose-manuel","status":"publish","type":"post","link":"https:\/\/lamaneta.com\/web\/cabina-de-arenar-de-jose-manuel\/","title":{"rendered":"Cabina de arenar de Jose Manuel"},"content":{"rendered":"<p>Sandblaster homemade DIY || Cabina de arenar artesanal<\/p>\n<p>El compresor es un Josval Cierzo de 2HP y 50 litros. Algo justo, pero no tengo prisa.\u00a0 Aunque no s\u00e9 si merecer\u00eda la pena poner un calder\u00edn m\u00e1s; si me viene alguno rodado tal vez lo aproveche y lo ponga.\u00a0 Como\u00a0 abrasivo ahora mismo estoy utilizando corind\u00f3n de 80. Me parece que para el aluminio es demasiado abrasivo, pero para pelar hierros es la ca\u00f1a. Probar\u00e9 con corind\u00f3n de 120 con el aluminio a ver qu\u00e9 tal va.\u00a0 Estoy buscando microesferas de vidrio, aunque todav\u00eda no he encontrado ning\u00fan sitio por aqu\u00ed cerca que lo tenga (por internet s\u00ed he encontrado en los enlaces que aqu\u00ed hay puestos, pero los portes son prohibitivos)<\/p>\n<p>Fotos.<\/p>\n<p><script type=\"text\/javascript\"><!--\ngoogle_ad_client = \"ca-pub-2643542936782028\";\n\/* 336x280, creado 3\/12\/10 *\/\ngoogle_ad_slot = \"3611613757\";\ngoogle_ad_width = 336;\ngoogle_ad_height = 280;\n\/\/-->\n<\/script><br \/>\n<script type=\"text\/javascript\"\nsrc=\"http:\/\/pagead2.googlesyndication.com\/pagead\/show_ads.js\">\n<\/script><\/p>\n<p><a href=\"https:\/\/lamaneta.com\/web\/wp-content\/uploads\/2012\/09\/100_4097_Large.jpg\"><img loading=\"lazy\" decoding=\"async\" class=\"alignnone size-large wp-image-10733\" title=\"100_4097_Large\" src=\"https:\/\/lamaneta.com\/web\/wp-content\/uploads\/2012\/09\/100_4097_Large-450x600.jpg\" alt=\"\" width=\"450\" height=\"600\" srcset=\"https:\/\/lamaneta.com\/web\/wp-content\/uploads\/2012\/09\/100_4097_Large-450x600.jpg 450w, https:\/\/lamaneta.com\/web\/wp-content\/uploads\/2012\/09\/100_4097_Large-225x300.jpg 225w, https:\/\/lamaneta.com\/web\/wp-content\/uploads\/2012\/09\/100_4097_Large.jpg 576w\" sizes=\"auto, (max-width: 450px) 100vw, 450px\" \/><\/a><\/p>\n<p><a href=\"https:\/\/lamaneta.com\/web\/wp-content\/uploads\/2012\/09\/100_4098_Large.jpg\"><img loading=\"lazy\" decoding=\"async\" class=\"alignnone size-large wp-image-10734\" title=\"100_4098_Large\" src=\"https:\/\/lamaneta.com\/web\/wp-content\/uploads\/2012\/09\/100_4098_Large-450x600.jpg\" alt=\"\" width=\"450\" height=\"600\" srcset=\"https:\/\/lamaneta.com\/web\/wp-content\/uploads\/2012\/09\/100_4098_Large-450x600.jpg 450w, https:\/\/lamaneta.com\/web\/wp-content\/uploads\/2012\/09\/100_4098_Large-225x300.jpg 225w, https:\/\/lamaneta.com\/web\/wp-content\/uploads\/2012\/09\/100_4098_Large.jpg 576w\" sizes=\"auto, (max-width: 450px) 100vw, 450px\" \/><\/a><\/p>\n<p>Si tienes una cabina artesanal de arenar, o alg\u00fan otro sistema de arenar por favor env\u00edanos fotos y textos para colgarlos en lamaneta.com.<\/p>\n<p>&nbsp;<\/p>\n","protected":false},"excerpt":{"rendered":"<p>Sandblaster homemade DIY || Cabina de arenar artesanal El compresor es un Josval Cierzo de 2HP y 50 litros. Algo justo, pero no tengo prisa.\u00a0 Aunque no s\u00e9 si merecer\u00eda la pena poner un calder\u00edn m\u00e1s; si me viene alguno rodado tal vez lo aproveche y lo ponga.\u00a0 Como\u00a0 abrasivo ahora mismo estoy utilizando corind\u00f3n [&hellip;]<\/p>\n","protected":false},"author":1,"featured_media":10733,"comment_status":"open","ping_status":"open","sticky":false,"template":"","format":"standard","meta":{"footnotes":""},"categories":[13],"tags":[298,2265,2264,2796],"class_list":["post-10732","post","type-post","status-publish","format-standard","has-post-thumbnail","hentry","category-restauracion-2","tag-arenado","tag-arenar","tag-cabina","tag-sand"],"yoast_head":"<!-- This site is optimized with the Yoast SEO plugin v27.5 - https:\/\/yoast.com\/product\/yoast-seo-wordpress\/ -->\n<title>Cabina de arenar de Jose Manuel - lamaneta<\/title>\n<meta name=\"robots\" content=\"index, follow, max-snippet:-1, max-image-preview:large, max-video-preview:-1\" \/>\n<link rel=\"canonical\" href=\"https:\/\/lamaneta.com\/web\/cabina-de-arenar-de-jose-manuel\/\" \/>\n<meta property=\"og:locale\" content=\"es_ES\" \/>\n<meta property=\"og:type\" content=\"article\" \/>\n<meta property=\"og:title\" content=\"Cabina de arenar de Jose Manuel - lamaneta\" \/>\n<meta property=\"og:description\" content=\"Sandblaster homemade DIY || Cabina de arenar artesanal El compresor es un Josval Cierzo de 2HP y 50 litros. Algo justo, pero no tengo prisa.\u00a0 Aunque no s\u00e9 si merecer\u00eda la pena poner un calder\u00edn m\u00e1s; si me viene alguno rodado tal vez lo aproveche y lo ponga.\u00a0 Como\u00a0 abrasivo ahora mismo estoy utilizando corind\u00f3n [&hellip;]\" \/>\n<meta property=\"og:url\" content=\"https:\/\/lamaneta.com\/web\/cabina-de-arenar-de-jose-manuel\/\" \/>\n<meta property=\"og:site_name\" content=\"lamaneta\" \/>\n<meta property=\"article:published_time\" content=\"2012-09-03T09:23:13+00:00\" \/>\n<meta property=\"article:modified_time\" content=\"2013-03-09T16:20:11+00:00\" \/>\n<meta property=\"og:image\" content=\"https:\/\/lamaneta.com\/web\/wp-content\/uploads\/2012\/09\/100_4097_Large.jpg\" \/>\n\t<meta property=\"og:image:width\" content=\"576\" \/>\n\t<meta property=\"og:image:height\" content=\"768\" \/>\n\t<meta property=\"og:image:type\" content=\"image\/jpeg\" \/>\n<meta name=\"author\" content=\"lamaneta\" \/>\n<meta name=\"twitter:card\" content=\"summary_large_image\" \/>\n<meta name=\"twitter:label1\" content=\"Escrito por\" \/>\n\t<meta name=\"twitter:data1\" content=\"lamaneta\" \/>\n\t<meta name=\"twitter:label2\" content=\"Tiempo de lectura\" \/>\n\t<meta name=\"twitter:data2\" content=\"1 minuto\" \/>\n<script type=\"application\/ld+json\" class=\"yoast-schema-graph\">{\"@context\":\"https:\\\/\\\/schema.org\",\"@graph\":[{\"@type\":\"Article\",\"@id\":\"https:\\\/\\\/lamaneta.com\\\/web\\\/cabina-de-arenar-de-jose-manuel\\\/#article\",\"isPartOf\":{\"@id\":\"https:\\\/\\\/lamaneta.com\\\/web\\\/cabina-de-arenar-de-jose-manuel\\\/\"},\"author\":{\"name\":\"lamaneta\",\"@id\":\"https:\\\/\\\/lamaneta.com\\\/web\\\/#\\\/schema\\\/person\\\/6be45709b77bdb9c8487ad333857fec1\"},\"headline\":\"Cabina de arenar de Jose Manuel\",\"datePublished\":\"2012-09-03T09:23:13+00:00\",\"dateModified\":\"2013-03-09T16:20:11+00:00\",\"mainEntityOfPage\":{\"@id\":\"https:\\\/\\\/lamaneta.com\\\/web\\\/cabina-de-arenar-de-jose-manuel\\\/\"},\"wordCount\":159,\"commentCount\":0,\"image\":{\"@id\":\"https:\\\/\\\/lamaneta.com\\\/web\\\/cabina-de-arenar-de-jose-manuel\\\/#primaryimage\"},\"thumbnailUrl\":\"https:\\\/\\\/lamaneta.com\\\/web\\\/wp-content\\\/uploads\\\/2012\\\/09\\\/100_4097_Large.jpg\",\"keywords\":[\"arenado\",\"arenar\",\"cabina\",\"sand\"],\"articleSection\":[\"Restauracion\"],\"inLanguage\":\"es\",\"potentialAction\":[{\"@type\":\"CommentAction\",\"name\":\"Comment\",\"target\":[\"https:\\\/\\\/lamaneta.com\\\/web\\\/cabina-de-arenar-de-jose-manuel\\\/#respond\"]}]},{\"@type\":\"WebPage\",\"@id\":\"https:\\\/\\\/lamaneta.com\\\/web\\\/cabina-de-arenar-de-jose-manuel\\\/\",\"url\":\"https:\\\/\\\/lamaneta.com\\\/web\\\/cabina-de-arenar-de-jose-manuel\\\/\",\"name\":\"Cabina de arenar de Jose Manuel - lamaneta\",\"isPartOf\":{\"@id\":\"https:\\\/\\\/lamaneta.com\\\/web\\\/#website\"},\"primaryImageOfPage\":{\"@id\":\"https:\\\/\\\/lamaneta.com\\\/web\\\/cabina-de-arenar-de-jose-manuel\\\/#primaryimage\"},\"image\":{\"@id\":\"https:\\\/\\\/lamaneta.com\\\/web\\\/cabina-de-arenar-de-jose-manuel\\\/#primaryimage\"},\"thumbnailUrl\":\"https:\\\/\\\/lamaneta.com\\\/web\\\/wp-content\\\/uploads\\\/2012\\\/09\\\/100_4097_Large.jpg\",\"datePublished\":\"2012-09-03T09:23:13+00:00\",\"dateModified\":\"2013-03-09T16:20:11+00:00\",\"author\":{\"@id\":\"https:\\\/\\\/lamaneta.com\\\/web\\\/#\\\/schema\\\/person\\\/6be45709b77bdb9c8487ad333857fec1\"},\"breadcrumb\":{\"@id\":\"https:\\\/\\\/lamaneta.com\\\/web\\\/cabina-de-arenar-de-jose-manuel\\\/#breadcrumb\"},\"inLanguage\":\"es\",\"potentialAction\":[{\"@type\":\"ReadAction\",\"target\":[\"https:\\\/\\\/lamaneta.com\\\/web\\\/cabina-de-arenar-de-jose-manuel\\\/\"]}]},{\"@type\":\"ImageObject\",\"inLanguage\":\"es\",\"@id\":\"https:\\\/\\\/lamaneta.com\\\/web\\\/cabina-de-arenar-de-jose-manuel\\\/#primaryimage\",\"url\":\"https:\\\/\\\/lamaneta.com\\\/web\\\/wp-content\\\/uploads\\\/2012\\\/09\\\/100_4097_Large.jpg\",\"contentUrl\":\"https:\\\/\\\/lamaneta.com\\\/web\\\/wp-content\\\/uploads\\\/2012\\\/09\\\/100_4097_Large.jpg\",\"width\":\"576\",\"height\":\"768\"},{\"@type\":\"BreadcrumbList\",\"@id\":\"https:\\\/\\\/lamaneta.com\\\/web\\\/cabina-de-arenar-de-jose-manuel\\\/#breadcrumb\",\"itemListElement\":[{\"@type\":\"ListItem\",\"position\":1,\"name\":\"Portada\",\"item\":\"https:\\\/\\\/lamaneta.com\\\/web\\\/\"},{\"@type\":\"ListItem\",\"position\":2,\"name\":\"Cabina de arenar de Jose Manuel\"}]},{\"@type\":\"WebSite\",\"@id\":\"https:\\\/\\\/lamaneta.com\\\/web\\\/#website\",\"url\":\"https:\\\/\\\/lamaneta.com\\\/web\\\/\",\"name\":\"lamaneta\",\"description\":\"El portal de la moto antigua y clasica.\",\"potentialAction\":[{\"@type\":\"SearchAction\",\"target\":{\"@type\":\"EntryPoint\",\"urlTemplate\":\"https:\\\/\\\/lamaneta.com\\\/web\\\/?s={search_term_string}\"},\"query-input\":{\"@type\":\"PropertyValueSpecification\",\"valueRequired\":true,\"valueName\":\"search_term_string\"}}],\"inLanguage\":\"es\"},{\"@type\":\"Person\",\"@id\":\"https:\\\/\\\/lamaneta.com\\\/web\\\/#\\\/schema\\\/person\\\/6be45709b77bdb9c8487ad333857fec1\",\"name\":\"lamaneta\",\"image\":{\"@type\":\"ImageObject\",\"inLanguage\":\"es\",\"@id\":\"https:\\\/\\\/secure.gravatar.com\\\/avatar\\\/6d68c86c57cfb5bc6f330fb377fef5a9?s=96&d=mm&r=g\",\"url\":\"https:\\\/\\\/secure.gravatar.com\\\/avatar\\\/6d68c86c57cfb5bc6f330fb377fef5a9?s=96&d=mm&r=g\",\"contentUrl\":\"https:\\\/\\\/secure.gravatar.com\\\/avatar\\\/6d68c86c57cfb5bc6f330fb377fef5a9?s=96&d=mm&r=g\",\"caption\":\"lamaneta\"},\"url\":\"https:\\\/\\\/lamaneta.com\\\/web\\\/author\\\/lamaneta\\\/\"}]}<\/script>\n<!-- \/ Yoast SEO plugin. -->","yoast_head_json":{"title":"Cabina de arenar de Jose Manuel - lamaneta","robots":{"index":"index","follow":"follow","max-snippet":"max-snippet:-1","max-image-preview":"max-image-preview:large","max-video-preview":"max-video-preview:-1"},"canonical":"https:\/\/lamaneta.com\/web\/cabina-de-arenar-de-jose-manuel\/","og_locale":"es_ES","og_type":"article","og_title":"Cabina de arenar de Jose Manuel - lamaneta","og_description":"Sandblaster homemade DIY || Cabina de arenar artesanal El compresor es un Josval Cierzo de 2HP y 50 litros. Algo justo, pero no tengo prisa.\u00a0 Aunque no s\u00e9 si merecer\u00eda la pena poner un calder\u00edn m\u00e1s; si me viene alguno rodado tal vez lo aproveche y lo ponga.\u00a0 Como\u00a0 abrasivo ahora mismo estoy utilizando corind\u00f3n [&hellip;]","og_url":"https:\/\/lamaneta.com\/web\/cabina-de-arenar-de-jose-manuel\/","og_site_name":"lamaneta","article_published_time":"2012-09-03T09:23:13+00:00","article_modified_time":"2013-03-09T16:20:11+00:00","og_image":[{"width":576,"height":768,"url":"https:\/\/lamaneta.com\/web\/wp-content\/uploads\/2012\/09\/100_4097_Large.jpg","type":"image\/jpeg"}],"author":"lamaneta","twitter_card":"summary_large_image","twitter_misc":{"Escrito por":"lamaneta","Tiempo de lectura":"1 minuto"},"schema":{"@context":"https:\/\/schema.org","@graph":[{"@type":"Article","@id":"https:\/\/lamaneta.com\/web\/cabina-de-arenar-de-jose-manuel\/#article","isPartOf":{"@id":"https:\/\/lamaneta.com\/web\/cabina-de-arenar-de-jose-manuel\/"},"author":{"name":"lamaneta","@id":"https:\/\/lamaneta.com\/web\/#\/schema\/person\/6be45709b77bdb9c8487ad333857fec1"},"headline":"Cabina de arenar de Jose Manuel","datePublished":"2012-09-03T09:23:13+00:00","dateModified":"2013-03-09T16:20:11+00:00","mainEntityOfPage":{"@id":"https:\/\/lamaneta.com\/web\/cabina-de-arenar-de-jose-manuel\/"},"wordCount":159,"commentCount":0,"image":{"@id":"https:\/\/lamaneta.com\/web\/cabina-de-arenar-de-jose-manuel\/#primaryimage"},"thumbnailUrl":"https:\/\/lamaneta.com\/web\/wp-content\/uploads\/2012\/09\/100_4097_Large.jpg","keywords":["arenado","arenar","cabina","sand"],"articleSection":["Restauracion"],"inLanguage":"es","potentialAction":[{"@type":"CommentAction","name":"Comment","target":["https:\/\/lamaneta.com\/web\/cabina-de-arenar-de-jose-manuel\/#respond"]}]},{"@type":"WebPage","@id":"https:\/\/lamaneta.com\/web\/cabina-de-arenar-de-jose-manuel\/","url":"https:\/\/lamaneta.com\/web\/cabina-de-arenar-de-jose-manuel\/","name":"Cabina de arenar de Jose Manuel - lamaneta","isPartOf":{"@id":"https:\/\/lamaneta.com\/web\/#website"},"primaryImageOfPage":{"@id":"https:\/\/lamaneta.com\/web\/cabina-de-arenar-de-jose-manuel\/#primaryimage"},"image":{"@id":"https:\/\/lamaneta.com\/web\/cabina-de-arenar-de-jose-manuel\/#primaryimage"},"thumbnailUrl":"https:\/\/lamaneta.com\/web\/wp-content\/uploads\/2012\/09\/100_4097_Large.jpg","datePublished":"2012-09-03T09:23:13+00:00","dateModified":"2013-03-09T16:20:11+00:00","author":{"@id":"https:\/\/lamaneta.com\/web\/#\/schema\/person\/6be45709b77bdb9c8487ad333857fec1"},"breadcrumb":{"@id":"https:\/\/lamaneta.com\/web\/cabina-de-arenar-de-jose-manuel\/#breadcrumb"},"inLanguage":"es","potentialAction":[{"@type":"ReadAction","target":["https:\/\/lamaneta.com\/web\/cabina-de-arenar-de-jose-manuel\/"]}]},{"@type":"ImageObject","inLanguage":"es","@id":"https:\/\/lamaneta.com\/web\/cabina-de-arenar-de-jose-manuel\/#primaryimage","url":"https:\/\/lamaneta.com\/web\/wp-content\/uploads\/2012\/09\/100_4097_Large.jpg","contentUrl":"https:\/\/lamaneta.com\/web\/wp-content\/uploads\/2012\/09\/100_4097_Large.jpg","width":"576","height":"768"},{"@type":"BreadcrumbList","@id":"https:\/\/lamaneta.com\/web\/cabina-de-arenar-de-jose-manuel\/#breadcrumb","itemListElement":[{"@type":"ListItem","position":1,"name":"Portada","item":"https:\/\/lamaneta.com\/web\/"},{"@type":"ListItem","position":2,"name":"Cabina de arenar de Jose Manuel"}]},{"@type":"WebSite","@id":"https:\/\/lamaneta.com\/web\/#website","url":"https:\/\/lamaneta.com\/web\/","name":"lamaneta","description":"El portal de la moto antigua y clasica.","potentialAction":[{"@type":"SearchAction","target":{"@type":"EntryPoint","urlTemplate":"https:\/\/lamaneta.com\/web\/?s={search_term_string}"},"query-input":{"@type":"PropertyValueSpecification","valueRequired":true,"valueName":"search_term_string"}}],"inLanguage":"es"},{"@type":"Person","@id":"https:\/\/lamaneta.com\/web\/#\/schema\/person\/6be45709b77bdb9c8487ad333857fec1","name":"lamaneta","image":{"@type":"ImageObject","inLanguage":"es","@id":"https:\/\/secure.gravatar.com\/avatar\/6d68c86c57cfb5bc6f330fb377fef5a9?s=96&d=mm&r=g","url":"https:\/\/secure.gravatar.com\/avatar\/6d68c86c57cfb5bc6f330fb377fef5a9?s=96&d=mm&r=g","contentUrl":"https:\/\/secure.gravatar.com\/avatar\/6d68c86c57cfb5bc6f330fb377fef5a9?s=96&d=mm&r=g","caption":"lamaneta"},"url":"https:\/\/lamaneta.com\/web\/author\/lamaneta\/"}]}},"_links":{"self":[{"href":"https:\/\/lamaneta.com\/web\/wp-json\/wp\/v2\/posts\/10732","targetHints":{"allow":["GET"]}}],"collection":[{"href":"https:\/\/lamaneta.com\/web\/wp-json\/wp\/v2\/posts"}],"about":[{"href":"https:\/\/lamaneta.com\/web\/wp-json\/wp\/v2\/types\/post"}],"author":[{"embeddable":true,"href":"https:\/\/lamaneta.com\/web\/wp-json\/wp\/v2\/users\/1"}],"replies":[{"embeddable":true,"href":"https:\/\/lamaneta.com\/web\/wp-json\/wp\/v2\/comments?post=10732"}],"version-history":[{"count":0,"href":"https:\/\/lamaneta.com\/web\/wp-json\/wp\/v2\/posts\/10732\/revisions"}],"wp:featuredmedia":[{"embeddable":true,"href":"https:\/\/lamaneta.com\/web\/wp-json\/wp\/v2\/media\/10733"}],"wp:attachment":[{"href":"https:\/\/lamaneta.com\/web\/wp-json\/wp\/v2\/media?parent=10732"}],"wp:term":[{"taxonomy":"category","embeddable":true,"href":"https:\/\/lamaneta.com\/web\/wp-json\/wp\/v2\/categories?post=10732"},{"taxonomy":"post_tag","embeddable":true,"href":"https:\/\/lamaneta.com\/web\/wp-json\/wp\/v2\/tags?post=10732"}],"curies":[{"name":"wp","href":"https:\/\/api.w.org\/{rel}","templated":true}]}}