{"id":14092,"date":"2013-02-27T16:12:04","date_gmt":"2013-02-27T16:12:04","guid":{"rendered":"http:\/\/lamaneta.com\/news\/?p=14092"},"modified":"2013-02-27T16:12:54","modified_gmt":"2013-02-27T16:12:54","slug":"fabricacion-de-una-palanca-de-arranque-para-una-fn-de-1928","status":"publish","type":"post","link":"https:\/\/lamaneta.com\/web\/fabricacion-de-una-palanca-de-arranque-para-una-fn-de-1928\/","title":{"rendered":"Fabricaci\u00f3n de una palanca de arranque para una FN de 1928"},"content":{"rendered":"<p><i><b>El trabajo consiste en la fabricaci\u00f3n de una palanca de arranque de una moto FN de 1928, l\u00f3gicamente si hubiera encontrado una palanca para esta moto en cualquier feria o en e-bay no me molestar\u00eda en fabricarla, pero evidentemente llevo bastantes meses detr\u00e1s de una pieza como esta y me ha sido imposible encontrarla, por lo que me he decidido fabricarme una (no me quedan otras narices\u2026) por lo que gracias a que un amigo posee una moto FN de 1932, pero la mec\u00e1nica es la misma, me prest\u00f3 su palanca y as\u00ed la pude copiar (Antonio S\u00e1bado, de Zaragoza). <\/b><\/i><\/p>\n<p>Por<strong> Irautza<\/strong><\/p>\n<p><a href=\"https:\/\/lamaneta.com\/web\/wp-content\/uploads\/2013\/02\/foto135.jpg\"><img loading=\"lazy\" decoding=\"async\" class=\"alignnone size-large wp-image-14093\" alt=\"foto1\" src=\"https:\/\/lamaneta.com\/web\/wp-content\/uploads\/2013\/02\/foto135-600x450.jpg\" width=\"600\" height=\"450\" srcset=\"https:\/\/lamaneta.com\/web\/wp-content\/uploads\/2013\/02\/foto135-600x450.jpg 600w, https:\/\/lamaneta.com\/web\/wp-content\/uploads\/2013\/02\/foto135-300x225.jpg 300w, https:\/\/lamaneta.com\/web\/wp-content\/uploads\/2013\/02\/foto135.jpg 800w\" sizes=\"auto, (max-width: 600px) 100vw, 600px\" \/><\/a><\/p>\n<div align=\"left\">Se parte de un pedal de mobilette, que es de buen acero y adem\u00e1s, curiosamente el agujero con el tornillo pasante que une con la caja de cambios es el apropiado, pero este pedal es mucho mas delgado que la palanca original.<\/div>\n<div align=\"left\"><b><i>Pedal de mobilette, puede verse lo \u00abfeo\u00bb que hace en una moto de los a\u00f1os 20, adem\u00e1s con el anagrama de GAC<\/i><\/b><\/div>\n<p><a href=\"https:\/\/lamaneta.com\/web\/wp-content\/uploads\/2013\/02\/foto224.jpg\"><img loading=\"lazy\" decoding=\"async\" class=\"alignnone size-large wp-image-14094\" alt=\"foto2\" src=\"https:\/\/lamaneta.com\/web\/wp-content\/uploads\/2013\/02\/foto224-600x450.jpg\" width=\"600\" height=\"450\" srcset=\"https:\/\/lamaneta.com\/web\/wp-content\/uploads\/2013\/02\/foto224-600x450.jpg 600w, https:\/\/lamaneta.com\/web\/wp-content\/uploads\/2013\/02\/foto224-300x225.jpg 300w, https:\/\/lamaneta.com\/web\/wp-content\/uploads\/2013\/02\/foto224.jpg 800w\" sizes=\"auto, (max-width: 600px) 100vw, 600px\" \/><\/a><\/p>\n<p>Pedal de mobilette y palanca original, puede verse como es mas fina<\/p>\n<p><a href=\"https:\/\/lamaneta.com\/web\/wp-content\/uploads\/2013\/02\/foto316.jpg\"><img loading=\"lazy\" decoding=\"async\" class=\"alignnone size-large wp-image-14095\" alt=\"foto3\" src=\"https:\/\/lamaneta.com\/web\/wp-content\/uploads\/2013\/02\/foto316-600x450.jpg\" width=\"600\" height=\"450\" srcset=\"https:\/\/lamaneta.com\/web\/wp-content\/uploads\/2013\/02\/foto316-600x450.jpg 600w, https:\/\/lamaneta.com\/web\/wp-content\/uploads\/2013\/02\/foto316-300x225.jpg 300w, https:\/\/lamaneta.com\/web\/wp-content\/uploads\/2013\/02\/foto316.jpg 800w\" sizes=\"auto, (max-width: 600px) 100vw, 600px\" \/><\/a><\/p>\n<p>Recargado con soldadura del pedal de mobilette para engrosar al mismo di\u00e1metro que la palanca original<\/p>\n<p><a href=\"https:\/\/lamaneta.com\/web\/wp-content\/uploads\/2013\/02\/foto415.jpg\"><img loading=\"lazy\" decoding=\"async\" class=\"alignnone size-large wp-image-14096\" alt=\"foto4\" src=\"https:\/\/lamaneta.com\/web\/wp-content\/uploads\/2013\/02\/foto415-600x450.jpg\" width=\"600\" height=\"450\" srcset=\"https:\/\/lamaneta.com\/web\/wp-content\/uploads\/2013\/02\/foto415-600x450.jpg 600w, https:\/\/lamaneta.com\/web\/wp-content\/uploads\/2013\/02\/foto415-300x225.jpg 300w, https:\/\/lamaneta.com\/web\/wp-content\/uploads\/2013\/02\/foto415.jpg 800w\" sizes=\"auto, (max-width: 600px) 100vw, 600px\" \/><\/a><\/p>\n<div align=\"left\">Durante el proceso de soldadura, se ha utilizado un sistema de captaci\u00f3n de gases, debido a la toxicidad de los humos de la soldadura, es mejor trabajar as\u00ed por seguridad<\/div>\n<p><a href=\"https:\/\/lamaneta.com\/web\/wp-content\/uploads\/2013\/02\/foto513.jpg\"><img loading=\"lazy\" decoding=\"async\" class=\"alignnone size-large wp-image-14097\" alt=\"foto5\" src=\"https:\/\/lamaneta.com\/web\/wp-content\/uploads\/2013\/02\/foto513-600x450.jpg\" width=\"600\" height=\"450\" srcset=\"https:\/\/lamaneta.com\/web\/wp-content\/uploads\/2013\/02\/foto513-600x450.jpg 600w, https:\/\/lamaneta.com\/web\/wp-content\/uploads\/2013\/02\/foto513-300x225.jpg 300w, https:\/\/lamaneta.com\/web\/wp-content\/uploads\/2013\/02\/foto513.jpg 800w\" sizes=\"auto, (max-width: 600px) 100vw, 600px\" \/><\/a><\/p>\n<p>Palanca \u00abengordada\u00bb con soldadura, ahora solo falta repasar con la rotaflex y con un disco de desbaste hasta dejar igual que la original, este trabajo me llevo varias horas y es muy desagradable\u2026<\/p>\n<p><a href=\"https:\/\/lamaneta.com\/web\/wp-content\/uploads\/2013\/02\/foto611.jpg\"><img loading=\"lazy\" decoding=\"async\" class=\"alignnone size-large wp-image-14098\" alt=\"foto6\" src=\"https:\/\/lamaneta.com\/web\/wp-content\/uploads\/2013\/02\/foto611-600x450.jpg\" width=\"600\" height=\"450\" srcset=\"https:\/\/lamaneta.com\/web\/wp-content\/uploads\/2013\/02\/foto611-600x450.jpg 600w, https:\/\/lamaneta.com\/web\/wp-content\/uploads\/2013\/02\/foto611-300x225.jpg 300w, https:\/\/lamaneta.com\/web\/wp-content\/uploads\/2013\/02\/foto611.jpg 800w\" sizes=\"auto, (max-width: 600px) 100vw, 600px\" \/><\/a><\/p>\n<p>Una vez que la palanca ya esta \u00abengordada\u00bb con la soldadura, fabricamos el pedal, partimos de un cuadradillo de 40&#215;40 para fabricar la zona de uni\u00f3n a la biela<\/p>\n<p><a href=\"https:\/\/lamaneta.com\/web\/wp-content\/uploads\/2013\/02\/foto710.jpg\"><img loading=\"lazy\" decoding=\"async\" class=\"alignnone size-large wp-image-14099\" alt=\"foto7\" src=\"https:\/\/lamaneta.com\/web\/wp-content\/uploads\/2013\/02\/foto710-600x450.jpg\" width=\"600\" height=\"450\" srcset=\"https:\/\/lamaneta.com\/web\/wp-content\/uploads\/2013\/02\/foto710-600x450.jpg 600w, https:\/\/lamaneta.com\/web\/wp-content\/uploads\/2013\/02\/foto710-300x225.jpg 300w, https:\/\/lamaneta.com\/web\/wp-content\/uploads\/2013\/02\/foto710.jpg 800w\" sizes=\"auto, (max-width: 600px) 100vw, 600px\" \/><\/a><\/p>\n<p>Trozo de material de partida para fabricar el pedal, se podr\u00eda haber hecho todo de una pieza (de cuadradillo de 40&#215;40, pero prefiero guardar este material para otros menesteres\u2026)<\/p>\n<p><a href=\"https:\/\/lamaneta.com\/web\/wp-content\/uploads\/2013\/02\/foto810.jpg\"><img loading=\"lazy\" decoding=\"async\" class=\"alignnone size-large wp-image-14100\" alt=\"foto8\" src=\"https:\/\/lamaneta.com\/web\/wp-content\/uploads\/2013\/02\/foto810-600x450.jpg\" width=\"600\" height=\"450\" srcset=\"https:\/\/lamaneta.com\/web\/wp-content\/uploads\/2013\/02\/foto810-600x450.jpg 600w, https:\/\/lamaneta.com\/web\/wp-content\/uploads\/2013\/02\/foto810-300x225.jpg 300w, https:\/\/lamaneta.com\/web\/wp-content\/uploads\/2013\/02\/foto810.jpg 800w\" sizes=\"auto, (max-width: 600px) 100vw, 600px\" \/><\/a><\/p>\n<p>Ranurado con el \u00fatil de fresar de la parte de uni\u00f3n de pedal a la biela<\/p>\n<p><a href=\"https:\/\/lamaneta.com\/web\/wp-content\/uploads\/2013\/02\/foto99.jpg\"><img loading=\"lazy\" decoding=\"async\" class=\"alignnone size-large wp-image-14101\" alt=\"foto9\" src=\"https:\/\/lamaneta.com\/web\/wp-content\/uploads\/2013\/02\/foto99-600x450.jpg\" width=\"600\" height=\"450\" srcset=\"https:\/\/lamaneta.com\/web\/wp-content\/uploads\/2013\/02\/foto99-600x450.jpg 600w, https:\/\/lamaneta.com\/web\/wp-content\/uploads\/2013\/02\/foto99-300x225.jpg 300w, https:\/\/lamaneta.com\/web\/wp-content\/uploads\/2013\/02\/foto99.jpg 800w\" sizes=\"auto, (max-width: 600px) 100vw, 600px\" \/><\/a><\/p>\n<p>Parte de uni\u00f3n del pedal a la biela ya terminada.<\/p>\n<p><a href=\"https:\/\/lamaneta.com\/web\/wp-content\/uploads\/2013\/02\/foto109.jpg\"><img loading=\"lazy\" decoding=\"async\" class=\"alignnone size-large wp-image-14102\" alt=\"foto10\" src=\"https:\/\/lamaneta.com\/web\/wp-content\/uploads\/2013\/02\/foto109-600x450.jpg\" width=\"600\" height=\"450\" srcset=\"https:\/\/lamaneta.com\/web\/wp-content\/uploads\/2013\/02\/foto109-600x450.jpg 600w, https:\/\/lamaneta.com\/web\/wp-content\/uploads\/2013\/02\/foto109-300x225.jpg 300w, https:\/\/lamaneta.com\/web\/wp-content\/uploads\/2013\/02\/foto109.jpg 800w\" sizes=\"auto, (max-width: 600px) 100vw, 600px\" \/><\/a><\/p>\n<p>Las 2 mitades que forman el pedal, y en la zona de uni\u00f3n, se hace un cono para que penetre la soldadura y suelde correctamente<\/p>\n<p><a href=\"https:\/\/lamaneta.com\/web\/wp-content\/uploads\/2013\/02\/foto1113.jpg\"><img loading=\"lazy\" decoding=\"async\" class=\"alignnone size-large wp-image-14103\" alt=\"foto11\" src=\"https:\/\/lamaneta.com\/web\/wp-content\/uploads\/2013\/02\/foto1113-600x450.jpg\" width=\"600\" height=\"450\" srcset=\"https:\/\/lamaneta.com\/web\/wp-content\/uploads\/2013\/02\/foto1113-600x450.jpg 600w, https:\/\/lamaneta.com\/web\/wp-content\/uploads\/2013\/02\/foto1113-300x225.jpg 300w, https:\/\/lamaneta.com\/web\/wp-content\/uploads\/2013\/02\/foto1113.jpg 800w\" sizes=\"auto, (max-width: 600px) 100vw, 600px\" \/><\/a><\/p>\n<p>Preparaci\u00f3n para soldar las 2 mitades que forman el pedal, han de estar totalmente alineadas las 2 mitades y lo hacemos en el tornillo de banco<\/p>\n<p><a href=\"https:\/\/lamaneta.com\/web\/wp-content\/uploads\/2013\/02\/foto1211.jpg\"><img loading=\"lazy\" decoding=\"async\" class=\"alignnone size-large wp-image-14104\" alt=\"foto12\" src=\"https:\/\/lamaneta.com\/web\/wp-content\/uploads\/2013\/02\/foto1211-600x450.jpg\" width=\"600\" height=\"450\" srcset=\"https:\/\/lamaneta.com\/web\/wp-content\/uploads\/2013\/02\/foto1211-600x450.jpg 600w, https:\/\/lamaneta.com\/web\/wp-content\/uploads\/2013\/02\/foto1211-300x225.jpg 300w, https:\/\/lamaneta.com\/web\/wp-content\/uploads\/2013\/02\/foto1211.jpg 800w\" sizes=\"auto, (max-width: 600px) 100vw, 600px\" \/><\/a><\/p>\n<p>Pedal una vez terminado de soldar las 2 partes que lo componen.<\/p>\n<p><a href=\"https:\/\/lamaneta.com\/web\/wp-content\/uploads\/2013\/02\/foto136.jpg\"><img loading=\"lazy\" decoding=\"async\" class=\"alignnone size-large wp-image-14105\" alt=\"foto13\" src=\"https:\/\/lamaneta.com\/web\/wp-content\/uploads\/2013\/02\/foto136-600x450.jpg\" width=\"600\" height=\"450\" srcset=\"https:\/\/lamaneta.com\/web\/wp-content\/uploads\/2013\/02\/foto136-600x450.jpg 600w, https:\/\/lamaneta.com\/web\/wp-content\/uploads\/2013\/02\/foto136-300x225.jpg 300w, https:\/\/lamaneta.com\/web\/wp-content\/uploads\/2013\/02\/foto136.jpg 800w\" sizes=\"auto, (max-width: 600px) 100vw, 600px\" \/><\/a><\/p>\n<div align=\"left\">Mecanizado en el torno del pedal de arranque, la zona de uni\u00f3n habr\u00e1 que calzarla con chapas de peque\u00f1o espesor hasta dejarla alineada ya que utilizamos un plato de 3 garras<\/div>\n<p><a href=\"https:\/\/lamaneta.com\/web\/wp-content\/uploads\/2013\/02\/foto143.jpg\"><img loading=\"lazy\" decoding=\"async\" class=\"alignnone size-large wp-image-14106\" alt=\"foto14\" src=\"https:\/\/lamaneta.com\/web\/wp-content\/uploads\/2013\/02\/foto143-600x450.jpg\" width=\"600\" height=\"450\" srcset=\"https:\/\/lamaneta.com\/web\/wp-content\/uploads\/2013\/02\/foto143-600x450.jpg 600w, https:\/\/lamaneta.com\/web\/wp-content\/uploads\/2013\/02\/foto143-300x225.jpg 300w, https:\/\/lamaneta.com\/web\/wp-content\/uploads\/2013\/02\/foto143.jpg 800w\" sizes=\"auto, (max-width: 600px) 100vw, 600px\" \/><\/a><\/p>\n<p>Detalle del pedal a medio hacer, puede apreciarse las dimensiones generales, falta por hacerle el agujero roscado y redondearle los laterales planos.<\/p>\n<p><a href=\"https:\/\/lamaneta.com\/web\/wp-content\/uploads\/2013\/02\/foto153.jpg\"><img loading=\"lazy\" decoding=\"async\" class=\"alignnone size-large wp-image-14107\" alt=\"foto15\" src=\"https:\/\/lamaneta.com\/web\/wp-content\/uploads\/2013\/02\/foto153-600x450.jpg\" width=\"600\" height=\"450\" srcset=\"https:\/\/lamaneta.com\/web\/wp-content\/uploads\/2013\/02\/foto153-600x450.jpg 600w, https:\/\/lamaneta.com\/web\/wp-content\/uploads\/2013\/02\/foto153-300x225.jpg 300w, https:\/\/lamaneta.com\/web\/wp-content\/uploads\/2013\/02\/foto153.jpg 800w\" sizes=\"auto, (max-width: 600px) 100vw, 600px\" \/><\/a><\/p>\n<div align=\"left\">Detalle de la biela y del pedal (los del centro refabricados, y los de los extremos, originales)<\/div>\n<p><a href=\"https:\/\/lamaneta.com\/web\/wp-content\/uploads\/2013\/02\/foto162.jpg\"><img loading=\"lazy\" decoding=\"async\" class=\"alignnone size-large wp-image-14108\" alt=\"foto16\" src=\"https:\/\/lamaneta.com\/web\/wp-content\/uploads\/2013\/02\/foto162-600x450.jpg\" width=\"600\" height=\"450\" srcset=\"https:\/\/lamaneta.com\/web\/wp-content\/uploads\/2013\/02\/foto162-600x450.jpg 600w, https:\/\/lamaneta.com\/web\/wp-content\/uploads\/2013\/02\/foto162-300x225.jpg 300w, https:\/\/lamaneta.com\/web\/wp-content\/uploads\/2013\/02\/foto162.jpg 800w\" sizes=\"auto, (max-width: 600px) 100vw, 600px\" \/><\/a><\/p>\n<div align=\"left\">La biela ha de ser doblada igual que la original, tendremos que acudir a la fragua para conseguir doblarla, aqu\u00ed el maestro forjador, Ignacio Leci\u00f1ena de Tauste me hizo el tremendo favor de utilizar su fragua para doblar la biela.<\/div>\n<p><a href=\"https:\/\/lamaneta.com\/web\/wp-content\/uploads\/2013\/02\/foto172.jpg\"><img loading=\"lazy\" decoding=\"async\" class=\"alignnone size-large wp-image-14109\" alt=\"foto17\" src=\"https:\/\/lamaneta.com\/web\/wp-content\/uploads\/2013\/02\/foto172-600x450.jpg\" width=\"600\" height=\"450\" srcset=\"https:\/\/lamaneta.com\/web\/wp-content\/uploads\/2013\/02\/foto172-600x450.jpg 600w, https:\/\/lamaneta.com\/web\/wp-content\/uploads\/2013\/02\/foto172-300x225.jpg 300w, https:\/\/lamaneta.com\/web\/wp-content\/uploads\/2013\/02\/foto172.jpg 800w\" sizes=\"auto, (max-width: 600px) 100vw, 600px\" \/><\/a><\/p>\n<p>Pieza una vez calentada al rojo, se sujeta en el tornillo de banco y se dobla lo necesario con un utillaje para ello<\/p>\n<p><a href=\"https:\/\/lamaneta.com\/web\/wp-content\/uploads\/2013\/02\/foto181.jpg\"><img loading=\"lazy\" decoding=\"async\" class=\"alignnone size-large wp-image-14110\" alt=\"foto18\" src=\"https:\/\/lamaneta.com\/web\/wp-content\/uploads\/2013\/02\/foto181-600x450.jpg\" width=\"600\" height=\"450\" srcset=\"https:\/\/lamaneta.com\/web\/wp-content\/uploads\/2013\/02\/foto181-600x450.jpg 600w, https:\/\/lamaneta.com\/web\/wp-content\/uploads\/2013\/02\/foto181-300x225.jpg 300w, https:\/\/lamaneta.com\/web\/wp-content\/uploads\/2013\/02\/foto181.jpg 800w\" sizes=\"auto, (max-width: 600px) 100vw, 600px\" \/><\/a><\/p>\n<div align=\"left\">Pieza una vez terminada de doblar<\/div>\n<p><a href=\"https:\/\/lamaneta.com\/web\/wp-content\/uploads\/2013\/02\/foto191.jpg\"><img loading=\"lazy\" decoding=\"async\" class=\"alignnone size-large wp-image-14111\" alt=\"foto19\" src=\"https:\/\/lamaneta.com\/web\/wp-content\/uploads\/2013\/02\/foto191-600x450.jpg\" width=\"600\" height=\"450\" srcset=\"https:\/\/lamaneta.com\/web\/wp-content\/uploads\/2013\/02\/foto191-600x450.jpg 600w, https:\/\/lamaneta.com\/web\/wp-content\/uploads\/2013\/02\/foto191-300x225.jpg 300w, https:\/\/lamaneta.com\/web\/wp-content\/uploads\/2013\/02\/foto191.jpg 800w\" sizes=\"auto, (max-width: 600px) 100vw, 600px\" \/><\/a><\/p>\n<p>Biela original y fabricada, las 2 ya presentan las mismas curvaturas\u2026<\/p>\n<p><a href=\"https:\/\/lamaneta.com\/web\/wp-content\/uploads\/2013\/02\/foto201.jpg\"><img loading=\"lazy\" decoding=\"async\" class=\"alignnone size-large wp-image-14112\" alt=\"foto20\" src=\"https:\/\/lamaneta.com\/web\/wp-content\/uploads\/2013\/02\/foto201-600x450.jpg\" width=\"600\" height=\"450\" srcset=\"https:\/\/lamaneta.com\/web\/wp-content\/uploads\/2013\/02\/foto201-600x450.jpg 600w, https:\/\/lamaneta.com\/web\/wp-content\/uploads\/2013\/02\/foto201-300x225.jpg 300w, https:\/\/lamaneta.com\/web\/wp-content\/uploads\/2013\/02\/foto201.jpg 800w\" sizes=\"auto, (max-width: 600px) 100vw, 600px\" \/><\/a><\/p>\n<div align=\"left\">Ahora debemos de a\u00f1adirle a la biela el trozo de acero que servir\u00e1 de uni\u00f3n con el pedal, partimos de un trozo de acero cortado con la rotaflex\u2026 aqu\u00ed lo podemos ver en bruto.<\/div>\n<p><a href=\"https:\/\/lamaneta.com\/web\/wp-content\/uploads\/2013\/02\/foto2110.jpg\"><img loading=\"lazy\" decoding=\"async\" class=\"alignnone size-large wp-image-14113\" alt=\"foto21\" src=\"https:\/\/lamaneta.com\/web\/wp-content\/uploads\/2013\/02\/foto2110-600x450.jpg\" width=\"600\" height=\"450\" srcset=\"https:\/\/lamaneta.com\/web\/wp-content\/uploads\/2013\/02\/foto2110-600x450.jpg 600w, https:\/\/lamaneta.com\/web\/wp-content\/uploads\/2013\/02\/foto2110-300x225.jpg 300w, https:\/\/lamaneta.com\/web\/wp-content\/uploads\/2013\/02\/foto2110.jpg 800w\" sizes=\"auto, (max-width: 600px) 100vw, 600px\" \/><\/a><\/p>\n<p>Pedazo a soldar a la biela, se le va dando forma a base de rotaflex, lima y dremel neum\u00e1tica hasta dejar con la forma apropiada, despu\u00e9s hay que preparar las aristas y soldar a la biela\u2026<\/p>\n<p><a href=\"https:\/\/lamaneta.com\/web\/wp-content\/uploads\/2013\/02\/foto225.jpg\"><img loading=\"lazy\" decoding=\"async\" class=\"alignnone size-large wp-image-14114\" alt=\"foto22\" src=\"https:\/\/lamaneta.com\/web\/wp-content\/uploads\/2013\/02\/foto225-600x450.jpg\" width=\"600\" height=\"450\" srcset=\"https:\/\/lamaneta.com\/web\/wp-content\/uploads\/2013\/02\/foto225-600x450.jpg 600w, https:\/\/lamaneta.com\/web\/wp-content\/uploads\/2013\/02\/foto225-300x225.jpg 300w, https:\/\/lamaneta.com\/web\/wp-content\/uploads\/2013\/02\/foto225.jpg 800w\" sizes=\"auto, (max-width: 600px) 100vw, 600px\" \/><\/a><\/p>\n<p>Palanca de arranque pr\u00e1cticamente terminada, solo falta hacer el agujero donde encajar\u00e1 el pedal, colocarle un muelle y una bola al pedal que har\u00e1 de posicionador, pulir y niquelar<\/p>\n<p><a href=\"https:\/\/lamaneta.com\/web\/wp-content\/uploads\/2013\/02\/foto231.jpg\"><img loading=\"lazy\" decoding=\"async\" class=\"alignnone size-large wp-image-14115\" alt=\"foto23\" src=\"https:\/\/lamaneta.com\/web\/wp-content\/uploads\/2013\/02\/foto231-600x450.jpg\" width=\"600\" height=\"450\" srcset=\"https:\/\/lamaneta.com\/web\/wp-content\/uploads\/2013\/02\/foto231-600x450.jpg 600w, https:\/\/lamaneta.com\/web\/wp-content\/uploads\/2013\/02\/foto231-300x225.jpg 300w, https:\/\/lamaneta.com\/web\/wp-content\/uploads\/2013\/02\/foto231.jpg 800w\" sizes=\"auto, (max-width: 600px) 100vw, 600px\" \/><\/a><\/p>\n<p>Palanca terminada y colocada en la moto para probarla, funciona perfectamente, ahora solamente falta pulir y niquelar<\/p>\n<p><b><i>No quiero ni pensar la cantidad de horas que he necesitado para hacer la dichosa palanquita, pero simplemente con ver el resultado, y lo bien que he sabido emplear todas las herramientas necesarias\u2026 me hace plantearme el fabricarme alguna que otra pieza mas complicada que necesito para mi moto o para alguna moto m\u00e1s de mi colecci\u00f3n.<\/i><\/b><\/p>\n<p>Por Irautza<\/p>\n<p>Para m\u00e1s info <a href=\"http:\/\/www.lamaneta.com\/irautza\" target=\"_blank\"><br \/>\nhttp:\/\/www.lamaneta.com\/irautza\/<\/a><\/p>\n<p>&nbsp;<\/p>\n","protected":false},"excerpt":{"rendered":"<p>El trabajo consiste en la fabricaci\u00f3n de una palanca de arranque de una moto FN de 1928, l\u00f3gicamente si hubiera encontrado una palanca para esta moto en cualquier feria o en e-bay no me molestar\u00eda en fabricarla, pero evidentemente llevo bastantes meses detr\u00e1s de una pieza como esta y me ha sido imposible encontrarla, por [&hellip;]<\/p>\n","protected":false},"author":1,"featured_media":14095,"comment_status":"open","ping_status":"open","sticky":false,"template":"","format":"standard","meta":{"footnotes":""},"categories":[13],"tags":[2749,226,1045,2744,2745,2747,2746,2750,2748],"class_list":["post-14092","post","type-post","status-publish","format-standard","has-post-thumbnail","hentry","category-restauracion-2","tag-arranque","tag-entretubos","tag-fn","tag-forja","tag-forjado","tag-herreria","tag-herrero","tag-palanca","tag-pedal"],"yoast_head":"<!-- This site is optimized with the Yoast SEO plugin v27.5 - https:\/\/yoast.com\/product\/yoast-seo-wordpress\/ -->\n<title>Fabricaci\u00f3n de una palanca de arranque para una FN de 1928 - lamaneta<\/title>\n<meta name=\"robots\" content=\"index, follow, max-snippet:-1, max-image-preview:large, max-video-preview:-1\" \/>\n<link rel=\"canonical\" href=\"https:\/\/lamaneta.com\/web\/fabricacion-de-una-palanca-de-arranque-para-una-fn-de-1928\/\" \/>\n<meta property=\"og:locale\" content=\"es_ES\" \/>\n<meta property=\"og:type\" content=\"article\" \/>\n<meta property=\"og:title\" content=\"Fabricaci\u00f3n de una palanca de arranque para una FN de 1928 - lamaneta\" \/>\n<meta property=\"og:description\" content=\"El trabajo consiste en la fabricaci\u00f3n de una palanca de arranque de una moto FN de 1928, l\u00f3gicamente si hubiera encontrado una palanca para esta moto en cualquier feria o en e-bay no me molestar\u00eda en fabricarla, pero evidentemente llevo bastantes meses detr\u00e1s de una pieza como esta y me ha sido imposible encontrarla, por [&hellip;]\" \/>\n<meta property=\"og:url\" content=\"https:\/\/lamaneta.com\/web\/fabricacion-de-una-palanca-de-arranque-para-una-fn-de-1928\/\" \/>\n<meta property=\"og:site_name\" content=\"lamaneta\" \/>\n<meta property=\"article:published_time\" content=\"2013-02-27T16:12:04+00:00\" \/>\n<meta property=\"article:modified_time\" content=\"2013-02-27T16:12:54+00:00\" \/>\n<meta property=\"og:image\" content=\"https:\/\/lamaneta.com\/web\/wp-content\/uploads\/2013\/02\/foto316.jpg\" \/>\n\t<meta property=\"og:image:width\" content=\"800\" \/>\n\t<meta property=\"og:image:height\" content=\"600\" \/>\n\t<meta property=\"og:image:type\" content=\"image\/jpeg\" \/>\n<meta name=\"author\" content=\"lamaneta\" \/>\n<meta name=\"twitter:card\" content=\"summary_large_image\" \/>\n<meta name=\"twitter:label1\" content=\"Escrito por\" \/>\n\t<meta name=\"twitter:data1\" content=\"lamaneta\" \/>\n\t<meta name=\"twitter:label2\" content=\"Tiempo de lectura\" \/>\n\t<meta name=\"twitter:data2\" content=\"4 minutos\" \/>\n<script type=\"application\/ld+json\" class=\"yoast-schema-graph\">{\"@context\":\"https:\\\/\\\/schema.org\",\"@graph\":[{\"@type\":\"Article\",\"@id\":\"https:\\\/\\\/lamaneta.com\\\/web\\\/fabricacion-de-una-palanca-de-arranque-para-una-fn-de-1928\\\/#article\",\"isPartOf\":{\"@id\":\"https:\\\/\\\/lamaneta.com\\\/web\\\/fabricacion-de-una-palanca-de-arranque-para-una-fn-de-1928\\\/\"},\"author\":{\"name\":\"lamaneta\",\"@id\":\"https:\\\/\\\/lamaneta.com\\\/web\\\/#\\\/schema\\\/person\\\/6be45709b77bdb9c8487ad333857fec1\"},\"headline\":\"Fabricaci\u00f3n de una palanca de arranque para una FN de 1928\",\"datePublished\":\"2013-02-27T16:12:04+00:00\",\"dateModified\":\"2013-02-27T16:12:54+00:00\",\"mainEntityOfPage\":{\"@id\":\"https:\\\/\\\/lamaneta.com\\\/web\\\/fabricacion-de-una-palanca-de-arranque-para-una-fn-de-1928\\\/\"},\"wordCount\":768,\"commentCount\":0,\"image\":{\"@id\":\"https:\\\/\\\/lamaneta.com\\\/web\\\/fabricacion-de-una-palanca-de-arranque-para-una-fn-de-1928\\\/#primaryimage\"},\"thumbnailUrl\":\"https:\\\/\\\/lamaneta.com\\\/web\\\/wp-content\\\/uploads\\\/2013\\\/02\\\/foto316.jpg\",\"keywords\":[\"arranque\",\"entretubos\",\"FN\",\"forja\",\"forjado\",\"herreria\",\"herrero\",\"palanca\",\"pedal\"],\"articleSection\":[\"Restauracion\"],\"inLanguage\":\"es\",\"potentialAction\":[{\"@type\":\"CommentAction\",\"name\":\"Comment\",\"target\":[\"https:\\\/\\\/lamaneta.com\\\/web\\\/fabricacion-de-una-palanca-de-arranque-para-una-fn-de-1928\\\/#respond\"]}]},{\"@type\":\"WebPage\",\"@id\":\"https:\\\/\\\/lamaneta.com\\\/web\\\/fabricacion-de-una-palanca-de-arranque-para-una-fn-de-1928\\\/\",\"url\":\"https:\\\/\\\/lamaneta.com\\\/web\\\/fabricacion-de-una-palanca-de-arranque-para-una-fn-de-1928\\\/\",\"name\":\"Fabricaci\u00f3n de una palanca de arranque para una FN de 1928 - lamaneta\",\"isPartOf\":{\"@id\":\"https:\\\/\\\/lamaneta.com\\\/web\\\/#website\"},\"primaryImageOfPage\":{\"@id\":\"https:\\\/\\\/lamaneta.com\\\/web\\\/fabricacion-de-una-palanca-de-arranque-para-una-fn-de-1928\\\/#primaryimage\"},\"image\":{\"@id\":\"https:\\\/\\\/lamaneta.com\\\/web\\\/fabricacion-de-una-palanca-de-arranque-para-una-fn-de-1928\\\/#primaryimage\"},\"thumbnailUrl\":\"https:\\\/\\\/lamaneta.com\\\/web\\\/wp-content\\\/uploads\\\/2013\\\/02\\\/foto316.jpg\",\"datePublished\":\"2013-02-27T16:12:04+00:00\",\"dateModified\":\"2013-02-27T16:12:54+00:00\",\"author\":{\"@id\":\"https:\\\/\\\/lamaneta.com\\\/web\\\/#\\\/schema\\\/person\\\/6be45709b77bdb9c8487ad333857fec1\"},\"breadcrumb\":{\"@id\":\"https:\\\/\\\/lamaneta.com\\\/web\\\/fabricacion-de-una-palanca-de-arranque-para-una-fn-de-1928\\\/#breadcrumb\"},\"inLanguage\":\"es\",\"potentialAction\":[{\"@type\":\"ReadAction\",\"target\":[\"https:\\\/\\\/lamaneta.com\\\/web\\\/fabricacion-de-una-palanca-de-arranque-para-una-fn-de-1928\\\/\"]}]},{\"@type\":\"ImageObject\",\"inLanguage\":\"es\",\"@id\":\"https:\\\/\\\/lamaneta.com\\\/web\\\/fabricacion-de-una-palanca-de-arranque-para-una-fn-de-1928\\\/#primaryimage\",\"url\":\"https:\\\/\\\/lamaneta.com\\\/web\\\/wp-content\\\/uploads\\\/2013\\\/02\\\/foto316.jpg\",\"contentUrl\":\"https:\\\/\\\/lamaneta.com\\\/web\\\/wp-content\\\/uploads\\\/2013\\\/02\\\/foto316.jpg\",\"width\":800,\"height\":600},{\"@type\":\"BreadcrumbList\",\"@id\":\"https:\\\/\\\/lamaneta.com\\\/web\\\/fabricacion-de-una-palanca-de-arranque-para-una-fn-de-1928\\\/#breadcrumb\",\"itemListElement\":[{\"@type\":\"ListItem\",\"position\":1,\"name\":\"Portada\",\"item\":\"https:\\\/\\\/lamaneta.com\\\/web\\\/\"},{\"@type\":\"ListItem\",\"position\":2,\"name\":\"Fabricaci\u00f3n de una palanca de arranque para una FN de 1928\"}]},{\"@type\":\"WebSite\",\"@id\":\"https:\\\/\\\/lamaneta.com\\\/web\\\/#website\",\"url\":\"https:\\\/\\\/lamaneta.com\\\/web\\\/\",\"name\":\"lamaneta\",\"description\":\"El portal de la moto antigua y clasica.\",\"potentialAction\":[{\"@type\":\"SearchAction\",\"target\":{\"@type\":\"EntryPoint\",\"urlTemplate\":\"https:\\\/\\\/lamaneta.com\\\/web\\\/?s={search_term_string}\"},\"query-input\":{\"@type\":\"PropertyValueSpecification\",\"valueRequired\":true,\"valueName\":\"search_term_string\"}}],\"inLanguage\":\"es\"},{\"@type\":\"Person\",\"@id\":\"https:\\\/\\\/lamaneta.com\\\/web\\\/#\\\/schema\\\/person\\\/6be45709b77bdb9c8487ad333857fec1\",\"name\":\"lamaneta\",\"image\":{\"@type\":\"ImageObject\",\"inLanguage\":\"es\",\"@id\":\"https:\\\/\\\/secure.gravatar.com\\\/avatar\\\/6d68c86c57cfb5bc6f330fb377fef5a9?s=96&d=mm&r=g\",\"url\":\"https:\\\/\\\/secure.gravatar.com\\\/avatar\\\/6d68c86c57cfb5bc6f330fb377fef5a9?s=96&d=mm&r=g\",\"contentUrl\":\"https:\\\/\\\/secure.gravatar.com\\\/avatar\\\/6d68c86c57cfb5bc6f330fb377fef5a9?s=96&d=mm&r=g\",\"caption\":\"lamaneta\"},\"url\":\"https:\\\/\\\/lamaneta.com\\\/web\\\/author\\\/lamaneta\\\/\"}]}<\/script>\n<!-- \/ Yoast SEO plugin. -->","yoast_head_json":{"title":"Fabricaci\u00f3n de una palanca de arranque para una FN de 1928 - lamaneta","robots":{"index":"index","follow":"follow","max-snippet":"max-snippet:-1","max-image-preview":"max-image-preview:large","max-video-preview":"max-video-preview:-1"},"canonical":"https:\/\/lamaneta.com\/web\/fabricacion-de-una-palanca-de-arranque-para-una-fn-de-1928\/","og_locale":"es_ES","og_type":"article","og_title":"Fabricaci\u00f3n de una palanca de arranque para una FN de 1928 - lamaneta","og_description":"El trabajo consiste en la fabricaci\u00f3n de una palanca de arranque de una moto FN de 1928, l\u00f3gicamente si hubiera encontrado una palanca para esta moto en cualquier feria o en e-bay no me molestar\u00eda en fabricarla, pero evidentemente llevo bastantes meses detr\u00e1s de una pieza como esta y me ha sido imposible encontrarla, por [&hellip;]","og_url":"https:\/\/lamaneta.com\/web\/fabricacion-de-una-palanca-de-arranque-para-una-fn-de-1928\/","og_site_name":"lamaneta","article_published_time":"2013-02-27T16:12:04+00:00","article_modified_time":"2013-02-27T16:12:54+00:00","og_image":[{"width":800,"height":600,"url":"https:\/\/lamaneta.com\/web\/wp-content\/uploads\/2013\/02\/foto316.jpg","type":"image\/jpeg"}],"author":"lamaneta","twitter_card":"summary_large_image","twitter_misc":{"Escrito por":"lamaneta","Tiempo de lectura":"4 minutos"},"schema":{"@context":"https:\/\/schema.org","@graph":[{"@type":"Article","@id":"https:\/\/lamaneta.com\/web\/fabricacion-de-una-palanca-de-arranque-para-una-fn-de-1928\/#article","isPartOf":{"@id":"https:\/\/lamaneta.com\/web\/fabricacion-de-una-palanca-de-arranque-para-una-fn-de-1928\/"},"author":{"name":"lamaneta","@id":"https:\/\/lamaneta.com\/web\/#\/schema\/person\/6be45709b77bdb9c8487ad333857fec1"},"headline":"Fabricaci\u00f3n de una palanca de arranque para una FN de 1928","datePublished":"2013-02-27T16:12:04+00:00","dateModified":"2013-02-27T16:12:54+00:00","mainEntityOfPage":{"@id":"https:\/\/lamaneta.com\/web\/fabricacion-de-una-palanca-de-arranque-para-una-fn-de-1928\/"},"wordCount":768,"commentCount":0,"image":{"@id":"https:\/\/lamaneta.com\/web\/fabricacion-de-una-palanca-de-arranque-para-una-fn-de-1928\/#primaryimage"},"thumbnailUrl":"https:\/\/lamaneta.com\/web\/wp-content\/uploads\/2013\/02\/foto316.jpg","keywords":["arranque","entretubos","FN","forja","forjado","herreria","herrero","palanca","pedal"],"articleSection":["Restauracion"],"inLanguage":"es","potentialAction":[{"@type":"CommentAction","name":"Comment","target":["https:\/\/lamaneta.com\/web\/fabricacion-de-una-palanca-de-arranque-para-una-fn-de-1928\/#respond"]}]},{"@type":"WebPage","@id":"https:\/\/lamaneta.com\/web\/fabricacion-de-una-palanca-de-arranque-para-una-fn-de-1928\/","url":"https:\/\/lamaneta.com\/web\/fabricacion-de-una-palanca-de-arranque-para-una-fn-de-1928\/","name":"Fabricaci\u00f3n de una palanca de arranque para una FN de 1928 - lamaneta","isPartOf":{"@id":"https:\/\/lamaneta.com\/web\/#website"},"primaryImageOfPage":{"@id":"https:\/\/lamaneta.com\/web\/fabricacion-de-una-palanca-de-arranque-para-una-fn-de-1928\/#primaryimage"},"image":{"@id":"https:\/\/lamaneta.com\/web\/fabricacion-de-una-palanca-de-arranque-para-una-fn-de-1928\/#primaryimage"},"thumbnailUrl":"https:\/\/lamaneta.com\/web\/wp-content\/uploads\/2013\/02\/foto316.jpg","datePublished":"2013-02-27T16:12:04+00:00","dateModified":"2013-02-27T16:12:54+00:00","author":{"@id":"https:\/\/lamaneta.com\/web\/#\/schema\/person\/6be45709b77bdb9c8487ad333857fec1"},"breadcrumb":{"@id":"https:\/\/lamaneta.com\/web\/fabricacion-de-una-palanca-de-arranque-para-una-fn-de-1928\/#breadcrumb"},"inLanguage":"es","potentialAction":[{"@type":"ReadAction","target":["https:\/\/lamaneta.com\/web\/fabricacion-de-una-palanca-de-arranque-para-una-fn-de-1928\/"]}]},{"@type":"ImageObject","inLanguage":"es","@id":"https:\/\/lamaneta.com\/web\/fabricacion-de-una-palanca-de-arranque-para-una-fn-de-1928\/#primaryimage","url":"https:\/\/lamaneta.com\/web\/wp-content\/uploads\/2013\/02\/foto316.jpg","contentUrl":"https:\/\/lamaneta.com\/web\/wp-content\/uploads\/2013\/02\/foto316.jpg","width":800,"height":600},{"@type":"BreadcrumbList","@id":"https:\/\/lamaneta.com\/web\/fabricacion-de-una-palanca-de-arranque-para-una-fn-de-1928\/#breadcrumb","itemListElement":[{"@type":"ListItem","position":1,"name":"Portada","item":"https:\/\/lamaneta.com\/web\/"},{"@type":"ListItem","position":2,"name":"Fabricaci\u00f3n de una palanca de arranque para una FN de 1928"}]},{"@type":"WebSite","@id":"https:\/\/lamaneta.com\/web\/#website","url":"https:\/\/lamaneta.com\/web\/","name":"lamaneta","description":"El portal de la moto antigua y clasica.","potentialAction":[{"@type":"SearchAction","target":{"@type":"EntryPoint","urlTemplate":"https:\/\/lamaneta.com\/web\/?s={search_term_string}"},"query-input":{"@type":"PropertyValueSpecification","valueRequired":true,"valueName":"search_term_string"}}],"inLanguage":"es"},{"@type":"Person","@id":"https:\/\/lamaneta.com\/web\/#\/schema\/person\/6be45709b77bdb9c8487ad333857fec1","name":"lamaneta","image":{"@type":"ImageObject","inLanguage":"es","@id":"https:\/\/secure.gravatar.com\/avatar\/6d68c86c57cfb5bc6f330fb377fef5a9?s=96&d=mm&r=g","url":"https:\/\/secure.gravatar.com\/avatar\/6d68c86c57cfb5bc6f330fb377fef5a9?s=96&d=mm&r=g","contentUrl":"https:\/\/secure.gravatar.com\/avatar\/6d68c86c57cfb5bc6f330fb377fef5a9?s=96&d=mm&r=g","caption":"lamaneta"},"url":"https:\/\/lamaneta.com\/web\/author\/lamaneta\/"}]}},"_links":{"self":[{"href":"https:\/\/lamaneta.com\/web\/wp-json\/wp\/v2\/posts\/14092","targetHints":{"allow":["GET"]}}],"collection":[{"href":"https:\/\/lamaneta.com\/web\/wp-json\/wp\/v2\/posts"}],"about":[{"href":"https:\/\/lamaneta.com\/web\/wp-json\/wp\/v2\/types\/post"}],"author":[{"embeddable":true,"href":"https:\/\/lamaneta.com\/web\/wp-json\/wp\/v2\/users\/1"}],"replies":[{"embeddable":true,"href":"https:\/\/lamaneta.com\/web\/wp-json\/wp\/v2\/comments?post=14092"}],"version-history":[{"count":0,"href":"https:\/\/lamaneta.com\/web\/wp-json\/wp\/v2\/posts\/14092\/revisions"}],"wp:featuredmedia":[{"embeddable":true,"href":"https:\/\/lamaneta.com\/web\/wp-json\/wp\/v2\/media\/14095"}],"wp:attachment":[{"href":"https:\/\/lamaneta.com\/web\/wp-json\/wp\/v2\/media?parent=14092"}],"wp:term":[{"taxonomy":"category","embeddable":true,"href":"https:\/\/lamaneta.com\/web\/wp-json\/wp\/v2\/categories?post=14092"},{"taxonomy":"post_tag","embeddable":true,"href":"https:\/\/lamaneta.com\/web\/wp-json\/wp\/v2\/tags?post=14092"}],"curies":[{"name":"wp","href":"https:\/\/api.w.org\/{rel}","templated":true}]}}