{"id":15133,"date":"2013-04-01T10:21:18","date_gmt":"2013-04-01T10:21:18","guid":{"rendered":"http:\/\/lamaneta.com\/news\/?p=15133"},"modified":"2013-04-01T10:23:40","modified_gmt":"2013-04-01T10:23:40","slug":"mymsa-x-3-agricola-con-motor-a-petroleo","status":"publish","type":"post","link":"https:\/\/lamaneta.com\/web\/mymsa-x-3-agricola-con-motor-a-petroleo\/","title":{"rendered":"MYMSA X-3 Agricola. Con motor a Petroleo."},"content":{"rendered":"<p>&nbsp;<\/p>\n<p>&nbsp;<\/p>\n<p>Esta moto es con tracci\u00f3n a las dos ruedas traseras con diferencial y\/o autobloqueante, Con marcha atras, y reductora que le da un total\u00a0 de 8 marchas hacia delante y 2 hacia atr\u00e1s.<\/p>\n<p><a href=\"https:\/\/lamaneta.com\/web\/wp-content\/uploads\/2013\/04\/mymsaagricola001.jpg\"><img loading=\"lazy\" decoding=\"async\" class=\"alignnone size-large wp-image-15134\" alt=\"mymsaagricola001\" src=\"https:\/\/lamaneta.com\/web\/wp-content\/uploads\/2013\/04\/mymsaagricola001-600x450.jpg\" width=\"600\" height=\"450\" srcset=\"https:\/\/lamaneta.com\/web\/wp-content\/uploads\/2013\/04\/mymsaagricola001-600x450.jpg 600w, https:\/\/lamaneta.com\/web\/wp-content\/uploads\/2013\/04\/mymsaagricola001-300x225.jpg 300w, https:\/\/lamaneta.com\/web\/wp-content\/uploads\/2013\/04\/mymsaagricola001.jpg 800w\" sizes=\"auto, (max-width: 600px) 100vw, 600px\" \/><\/a><\/p>\n<p><span style=\"color: #408080; font-family: Verdana; font-size: small;\">As\u00ed fue como vino, aqu\u00ed estoy al principio de la limpieza.<\/span><\/p>\n<p align=\"left\"><span style=\"color: #408080; font-family: Verdana; font-size: small;\">&#8211; Esta moto me la consiguieron dos buenos amigos de Valencia, y al principio cuando me lo dijeron casi me muero del susto, porque sin lugar a dudas esta es la moto mas rara que se ha fabricado en Espa\u00f1a, cuando la traje arranco a la primera y este bonito color azul es sulfato de cobre, ya que su antiguo propietario la hacia servir como veh\u00edculo sulfatador.<\/span><\/p>\n<p><a href=\"https:\/\/lamaneta.com\/web\/wp-content\/uploads\/2013\/04\/mymsaagricola002.jpg\"><img loading=\"lazy\" decoding=\"async\" class=\"alignnone size-large wp-image-15135\" alt=\"mymsaagricola002\" src=\"https:\/\/lamaneta.com\/web\/wp-content\/uploads\/2013\/04\/mymsaagricola002-600x450.jpg\" width=\"600\" height=\"450\" srcset=\"https:\/\/lamaneta.com\/web\/wp-content\/uploads\/2013\/04\/mymsaagricola002-600x450.jpg 600w, https:\/\/lamaneta.com\/web\/wp-content\/uploads\/2013\/04\/mymsaagricola002-300x225.jpg 300w, https:\/\/lamaneta.com\/web\/wp-content\/uploads\/2013\/04\/mymsaagricola002.jpg 800w\" sizes=\"auto, (max-width: 600px) 100vw, 600px\" \/><\/a><\/p>\n<p><a href=\"https:\/\/lamaneta.com\/web\/wp-content\/uploads\/2013\/04\/mymsaagricola003.jpg\">\u00a0<\/a><\/p>\n<p><a href=\"https:\/\/lamaneta.com\/web\/wp-content\/uploads\/2013\/04\/mymsaagricola003.jpg\"><img loading=\"lazy\" decoding=\"async\" class=\"alignnone size-large wp-image-15136\" alt=\"mymsaagricola003\" src=\"https:\/\/lamaneta.com\/web\/wp-content\/uploads\/2013\/04\/mymsaagricola003-600x450.jpg\" width=\"600\" height=\"450\" srcset=\"https:\/\/lamaneta.com\/web\/wp-content\/uploads\/2013\/04\/mymsaagricola003-600x450.jpg 600w, https:\/\/lamaneta.com\/web\/wp-content\/uploads\/2013\/04\/mymsaagricola003-300x225.jpg 300w, https:\/\/lamaneta.com\/web\/wp-content\/uploads\/2013\/04\/mymsaagricola003.jpg 800w\" sizes=\"auto, (max-width: 600px) 100vw, 600px\" \/><\/a><\/p>\n<p>&#8211; No conservaba ni el guardabarros ni alguna otras piezas que ya le voy consiguiendo, la rueda delantera tenia casi todos los radios rotos, en el mercadillo consegui un guardabarros original, y algunas piezas mas. Aun me queda mucho trabajo pero tiene buena pinta.<\/p>\n<p><a href=\"https:\/\/lamaneta.com\/web\/wp-content\/uploads\/2013\/04\/mymsaagricola004.jpg\">\u00a0<img loading=\"lazy\" decoding=\"async\" class=\"alignnone size-large wp-image-15137\" alt=\"mymsaagricola004\" src=\"https:\/\/lamaneta.com\/web\/wp-content\/uploads\/2013\/04\/mymsaagricola004-600x492.jpg\" width=\"600\" height=\"492\" srcset=\"https:\/\/lamaneta.com\/web\/wp-content\/uploads\/2013\/04\/mymsaagricola004-600x492.jpg 600w, https:\/\/lamaneta.com\/web\/wp-content\/uploads\/2013\/04\/mymsaagricola004-300x246.jpg 300w, https:\/\/lamaneta.com\/web\/wp-content\/uploads\/2013\/04\/mymsaagricola004.jpg 800w\" sizes=\"auto, (max-width: 600px) 100vw, 600px\" \/><\/a><\/p>\n<p>Ahora la tengo bastante mas completa&#8230;<\/p>\n<p><a href=\"https:\/\/lamaneta.com\/web\/wp-content\/uploads\/2013\/04\/mymsaagricola005.jpg\">\u00a0<img loading=\"lazy\" decoding=\"async\" class=\"alignnone size-large wp-image-15138\" alt=\"mymsaagricola005\" src=\"https:\/\/lamaneta.com\/web\/wp-content\/uploads\/2013\/04\/mymsaagricola005-600x468.jpg\" width=\"600\" height=\"468\" srcset=\"https:\/\/lamaneta.com\/web\/wp-content\/uploads\/2013\/04\/mymsaagricola005-600x468.jpg 600w, https:\/\/lamaneta.com\/web\/wp-content\/uploads\/2013\/04\/mymsaagricola005-300x234.jpg 300w, https:\/\/lamaneta.com\/web\/wp-content\/uploads\/2013\/04\/mymsaagricola005.jpg 800w\" sizes=\"auto, (max-width: 600px) 100vw, 600px\" \/><\/a><\/p>\n<p><span style=\"color: #408080; font-family: Verdana; font-size: small;\"><span style=\"color: #408080; font-family: Verdana; font-size: small;\">En la foto de arriba se ve como ya le he conseguido una llanta nueva, neumatico y radios, ademas el guardabarros y el bisel del faro.<\/span><\/span><\/p>\n<p><span style=\"color: #408080; font-family: Verdana; font-size: small;\">Cuando tenga el caj\u00f3n sidecar va a dar miedo verla.<\/span><\/p>\n<p><a href=\"https:\/\/lamaneta.com\/web\/wp-content\/uploads\/2013\/04\/mymsaagricola006.jpg\">\u00a0<img loading=\"lazy\" decoding=\"async\" class=\"alignnone size-large wp-image-15139\" alt=\"mymsaagricola006\" src=\"https:\/\/lamaneta.com\/web\/wp-content\/uploads\/2013\/04\/mymsaagricola006-600x338.jpg\" width=\"600\" height=\"338\" srcset=\"https:\/\/lamaneta.com\/web\/wp-content\/uploads\/2013\/04\/mymsaagricola006-600x338.jpg 600w, https:\/\/lamaneta.com\/web\/wp-content\/uploads\/2013\/04\/mymsaagricola006-300x169.jpg 300w, https:\/\/lamaneta.com\/web\/wp-content\/uploads\/2013\/04\/mymsaagricola006.jpg 800w\" sizes=\"auto, (max-width: 600px) 100vw, 600px\" \/><\/a><\/p>\n<p><a href=\"https:\/\/lamaneta.com\/web\/wp-content\/uploads\/2013\/04\/mynsaruralcz6.jpg\"><img loading=\"lazy\" decoding=\"async\" class=\"alignnone size-large wp-image-15140\" alt=\"mynsaruralcz6\" src=\"https:\/\/lamaneta.com\/web\/wp-content\/uploads\/2013\/04\/mynsaruralcz6-600x433.jpg\" width=\"600\" height=\"433\" srcset=\"https:\/\/lamaneta.com\/web\/wp-content\/uploads\/2013\/04\/mynsaruralcz6-600x433.jpg 600w, https:\/\/lamaneta.com\/web\/wp-content\/uploads\/2013\/04\/mynsaruralcz6-300x216.jpg 300w, https:\/\/lamaneta.com\/web\/wp-content\/uploads\/2013\/04\/mynsaruralcz6.jpg 800w\" sizes=\"auto, (max-width: 600px) 100vw, 600px\" \/><\/a><\/p>\n","protected":false},"excerpt":{"rendered":"<p>&nbsp; &nbsp; Esta moto es con tracci\u00f3n a las dos ruedas traseras con diferencial y\/o autobloqueante, Con marcha atras, y reductora que le da un total\u00a0 de 8 marchas hacia delante y 2 hacia atr\u00e1s. As\u00ed fue como vino, aqu\u00ed estoy al principio de la limpieza. &#8211; Esta moto me la consiguieron dos buenos amigos [&hellip;]<\/p>\n","protected":false},"author":1,"featured_media":15135,"comment_status":"open","ping_status":"open","sticky":false,"template":"","format":"standard","meta":{"footnotes":""},"categories":[107],"tags":[1405,1493,30,3036,3035],"class_list":["post-15133","post","type-post","status-publish","format-standard","has-post-thumbnail","hentry","category-nuestras-motos","tag-mymsa","tag-rural","tag-sidecar","tag-trciclo","tag-x-3"],"yoast_head":"<!-- This site is optimized with the Yoast SEO plugin v27.5 - https:\/\/yoast.com\/product\/yoast-seo-wordpress\/ -->\n<title>MYMSA X-3 Agricola. Con motor a Petroleo. - lamaneta<\/title>\n<meta name=\"robots\" content=\"index, follow, max-snippet:-1, max-image-preview:large, max-video-preview:-1\" \/>\n<link rel=\"canonical\" href=\"https:\/\/lamaneta.com\/web\/mymsa-x-3-agricola-con-motor-a-petroleo\/\" \/>\n<meta property=\"og:locale\" content=\"es_ES\" \/>\n<meta property=\"og:type\" content=\"article\" \/>\n<meta property=\"og:title\" content=\"MYMSA X-3 Agricola. Con motor a Petroleo. - lamaneta\" \/>\n<meta property=\"og:description\" content=\"&nbsp; &nbsp; Esta moto es con tracci\u00f3n a las dos ruedas traseras con diferencial y\/o autobloqueante, Con marcha atras, y reductora que le da un total\u00a0 de 8 marchas hacia delante y 2 hacia atr\u00e1s. As\u00ed fue como vino, aqu\u00ed estoy al principio de la limpieza. &#8211; Esta moto me la consiguieron dos buenos amigos [&hellip;]\" \/>\n<meta property=\"og:url\" content=\"https:\/\/lamaneta.com\/web\/mymsa-x-3-agricola-con-motor-a-petroleo\/\" \/>\n<meta property=\"og:site_name\" content=\"lamaneta\" \/>\n<meta property=\"article:published_time\" content=\"2013-04-01T10:21:18+00:00\" \/>\n<meta property=\"article:modified_time\" content=\"2013-04-01T10:23:40+00:00\" \/>\n<meta property=\"og:image\" content=\"https:\/\/lamaneta.com\/web\/wp-content\/uploads\/2013\/04\/mymsaagricola002.jpg\" \/>\n\t<meta property=\"og:image:width\" content=\"800\" \/>\n\t<meta property=\"og:image:height\" content=\"600\" \/>\n\t<meta property=\"og:image:type\" content=\"image\/jpeg\" \/>\n<meta name=\"author\" content=\"lamaneta\" \/>\n<meta name=\"twitter:card\" content=\"summary_large_image\" \/>\n<meta name=\"twitter:label1\" content=\"Escrito por\" \/>\n\t<meta name=\"twitter:data1\" content=\"lamaneta\" \/>\n\t<meta name=\"twitter:label2\" content=\"Tiempo de lectura\" \/>\n\t<meta name=\"twitter:data2\" content=\"1 minuto\" \/>\n<script type=\"application\/ld+json\" class=\"yoast-schema-graph\">{\"@context\":\"https:\\\/\\\/schema.org\",\"@graph\":[{\"@type\":\"Article\",\"@id\":\"https:\\\/\\\/lamaneta.com\\\/web\\\/mymsa-x-3-agricola-con-motor-a-petroleo\\\/#article\",\"isPartOf\":{\"@id\":\"https:\\\/\\\/lamaneta.com\\\/web\\\/mymsa-x-3-agricola-con-motor-a-petroleo\\\/\"},\"author\":{\"name\":\"lamaneta\",\"@id\":\"https:\\\/\\\/lamaneta.com\\\/web\\\/#\\\/schema\\\/person\\\/6be45709b77bdb9c8487ad333857fec1\"},\"headline\":\"MYMSA X-3 Agricola. Con motor a Petroleo.\",\"datePublished\":\"2013-04-01T10:21:18+00:00\",\"dateModified\":\"2013-04-01T10:23:40+00:00\",\"mainEntityOfPage\":{\"@id\":\"https:\\\/\\\/lamaneta.com\\\/web\\\/mymsa-x-3-agricola-con-motor-a-petroleo\\\/\"},\"wordCount\":210,\"commentCount\":3,\"image\":{\"@id\":\"https:\\\/\\\/lamaneta.com\\\/web\\\/mymsa-x-3-agricola-con-motor-a-petroleo\\\/#primaryimage\"},\"thumbnailUrl\":\"https:\\\/\\\/lamaneta.com\\\/web\\\/wp-content\\\/uploads\\\/2013\\\/04\\\/mymsaagricola002.jpg\",\"keywords\":[\"Mymsa\",\"Rural\",\"sidecar\",\"trciclo\",\"x-3\"],\"articleSection\":[\"Nuestras motos\"],\"inLanguage\":\"es\",\"potentialAction\":[{\"@type\":\"CommentAction\",\"name\":\"Comment\",\"target\":[\"https:\\\/\\\/lamaneta.com\\\/web\\\/mymsa-x-3-agricola-con-motor-a-petroleo\\\/#respond\"]}]},{\"@type\":\"WebPage\",\"@id\":\"https:\\\/\\\/lamaneta.com\\\/web\\\/mymsa-x-3-agricola-con-motor-a-petroleo\\\/\",\"url\":\"https:\\\/\\\/lamaneta.com\\\/web\\\/mymsa-x-3-agricola-con-motor-a-petroleo\\\/\",\"name\":\"MYMSA X-3 Agricola. Con motor a Petroleo. - lamaneta\",\"isPartOf\":{\"@id\":\"https:\\\/\\\/lamaneta.com\\\/web\\\/#website\"},\"primaryImageOfPage\":{\"@id\":\"https:\\\/\\\/lamaneta.com\\\/web\\\/mymsa-x-3-agricola-con-motor-a-petroleo\\\/#primaryimage\"},\"image\":{\"@id\":\"https:\\\/\\\/lamaneta.com\\\/web\\\/mymsa-x-3-agricola-con-motor-a-petroleo\\\/#primaryimage\"},\"thumbnailUrl\":\"https:\\\/\\\/lamaneta.com\\\/web\\\/wp-content\\\/uploads\\\/2013\\\/04\\\/mymsaagricola002.jpg\",\"datePublished\":\"2013-04-01T10:21:18+00:00\",\"dateModified\":\"2013-04-01T10:23:40+00:00\",\"author\":{\"@id\":\"https:\\\/\\\/lamaneta.com\\\/web\\\/#\\\/schema\\\/person\\\/6be45709b77bdb9c8487ad333857fec1\"},\"breadcrumb\":{\"@id\":\"https:\\\/\\\/lamaneta.com\\\/web\\\/mymsa-x-3-agricola-con-motor-a-petroleo\\\/#breadcrumb\"},\"inLanguage\":\"es\",\"potentialAction\":[{\"@type\":\"ReadAction\",\"target\":[\"https:\\\/\\\/lamaneta.com\\\/web\\\/mymsa-x-3-agricola-con-motor-a-petroleo\\\/\"]}]},{\"@type\":\"ImageObject\",\"inLanguage\":\"es\",\"@id\":\"https:\\\/\\\/lamaneta.com\\\/web\\\/mymsa-x-3-agricola-con-motor-a-petroleo\\\/#primaryimage\",\"url\":\"https:\\\/\\\/lamaneta.com\\\/web\\\/wp-content\\\/uploads\\\/2013\\\/04\\\/mymsaagricola002.jpg\",\"contentUrl\":\"https:\\\/\\\/lamaneta.com\\\/web\\\/wp-content\\\/uploads\\\/2013\\\/04\\\/mymsaagricola002.jpg\",\"width\":800,\"height\":600},{\"@type\":\"BreadcrumbList\",\"@id\":\"https:\\\/\\\/lamaneta.com\\\/web\\\/mymsa-x-3-agricola-con-motor-a-petroleo\\\/#breadcrumb\",\"itemListElement\":[{\"@type\":\"ListItem\",\"position\":1,\"name\":\"Portada\",\"item\":\"https:\\\/\\\/lamaneta.com\\\/web\\\/\"},{\"@type\":\"ListItem\",\"position\":2,\"name\":\"MYMSA X-3 Agricola. Con motor a Petroleo.\"}]},{\"@type\":\"WebSite\",\"@id\":\"https:\\\/\\\/lamaneta.com\\\/web\\\/#website\",\"url\":\"https:\\\/\\\/lamaneta.com\\\/web\\\/\",\"name\":\"lamaneta\",\"description\":\"El portal de la moto antigua y clasica.\",\"potentialAction\":[{\"@type\":\"SearchAction\",\"target\":{\"@type\":\"EntryPoint\",\"urlTemplate\":\"https:\\\/\\\/lamaneta.com\\\/web\\\/?s={search_term_string}\"},\"query-input\":{\"@type\":\"PropertyValueSpecification\",\"valueRequired\":true,\"valueName\":\"search_term_string\"}}],\"inLanguage\":\"es\"},{\"@type\":\"Person\",\"@id\":\"https:\\\/\\\/lamaneta.com\\\/web\\\/#\\\/schema\\\/person\\\/6be45709b77bdb9c8487ad333857fec1\",\"name\":\"lamaneta\",\"image\":{\"@type\":\"ImageObject\",\"inLanguage\":\"es\",\"@id\":\"https:\\\/\\\/secure.gravatar.com\\\/avatar\\\/6d68c86c57cfb5bc6f330fb377fef5a9?s=96&d=mm&r=g\",\"url\":\"https:\\\/\\\/secure.gravatar.com\\\/avatar\\\/6d68c86c57cfb5bc6f330fb377fef5a9?s=96&d=mm&r=g\",\"contentUrl\":\"https:\\\/\\\/secure.gravatar.com\\\/avatar\\\/6d68c86c57cfb5bc6f330fb377fef5a9?s=96&d=mm&r=g\",\"caption\":\"lamaneta\"},\"url\":\"https:\\\/\\\/lamaneta.com\\\/web\\\/author\\\/lamaneta\\\/\"}]}<\/script>\n<!-- \/ Yoast SEO plugin. -->","yoast_head_json":{"title":"MYMSA X-3 Agricola. Con motor a Petroleo. - lamaneta","robots":{"index":"index","follow":"follow","max-snippet":"max-snippet:-1","max-image-preview":"max-image-preview:large","max-video-preview":"max-video-preview:-1"},"canonical":"https:\/\/lamaneta.com\/web\/mymsa-x-3-agricola-con-motor-a-petroleo\/","og_locale":"es_ES","og_type":"article","og_title":"MYMSA X-3 Agricola. Con motor a Petroleo. - lamaneta","og_description":"&nbsp; &nbsp; Esta moto es con tracci\u00f3n a las dos ruedas traseras con diferencial y\/o autobloqueante, Con marcha atras, y reductora que le da un total\u00a0 de 8 marchas hacia delante y 2 hacia atr\u00e1s. As\u00ed fue como vino, aqu\u00ed estoy al principio de la limpieza. &#8211; Esta moto me la consiguieron dos buenos amigos [&hellip;]","og_url":"https:\/\/lamaneta.com\/web\/mymsa-x-3-agricola-con-motor-a-petroleo\/","og_site_name":"lamaneta","article_published_time":"2013-04-01T10:21:18+00:00","article_modified_time":"2013-04-01T10:23:40+00:00","og_image":[{"width":800,"height":600,"url":"https:\/\/lamaneta.com\/web\/wp-content\/uploads\/2013\/04\/mymsaagricola002.jpg","type":"image\/jpeg"}],"author":"lamaneta","twitter_card":"summary_large_image","twitter_misc":{"Escrito por":"lamaneta","Tiempo de lectura":"1 minuto"},"schema":{"@context":"https:\/\/schema.org","@graph":[{"@type":"Article","@id":"https:\/\/lamaneta.com\/web\/mymsa-x-3-agricola-con-motor-a-petroleo\/#article","isPartOf":{"@id":"https:\/\/lamaneta.com\/web\/mymsa-x-3-agricola-con-motor-a-petroleo\/"},"author":{"name":"lamaneta","@id":"https:\/\/lamaneta.com\/web\/#\/schema\/person\/6be45709b77bdb9c8487ad333857fec1"},"headline":"MYMSA X-3 Agricola. Con motor a Petroleo.","datePublished":"2013-04-01T10:21:18+00:00","dateModified":"2013-04-01T10:23:40+00:00","mainEntityOfPage":{"@id":"https:\/\/lamaneta.com\/web\/mymsa-x-3-agricola-con-motor-a-petroleo\/"},"wordCount":210,"commentCount":3,"image":{"@id":"https:\/\/lamaneta.com\/web\/mymsa-x-3-agricola-con-motor-a-petroleo\/#primaryimage"},"thumbnailUrl":"https:\/\/lamaneta.com\/web\/wp-content\/uploads\/2013\/04\/mymsaagricola002.jpg","keywords":["Mymsa","Rural","sidecar","trciclo","x-3"],"articleSection":["Nuestras motos"],"inLanguage":"es","potentialAction":[{"@type":"CommentAction","name":"Comment","target":["https:\/\/lamaneta.com\/web\/mymsa-x-3-agricola-con-motor-a-petroleo\/#respond"]}]},{"@type":"WebPage","@id":"https:\/\/lamaneta.com\/web\/mymsa-x-3-agricola-con-motor-a-petroleo\/","url":"https:\/\/lamaneta.com\/web\/mymsa-x-3-agricola-con-motor-a-petroleo\/","name":"MYMSA X-3 Agricola. Con motor a Petroleo. - lamaneta","isPartOf":{"@id":"https:\/\/lamaneta.com\/web\/#website"},"primaryImageOfPage":{"@id":"https:\/\/lamaneta.com\/web\/mymsa-x-3-agricola-con-motor-a-petroleo\/#primaryimage"},"image":{"@id":"https:\/\/lamaneta.com\/web\/mymsa-x-3-agricola-con-motor-a-petroleo\/#primaryimage"},"thumbnailUrl":"https:\/\/lamaneta.com\/web\/wp-content\/uploads\/2013\/04\/mymsaagricola002.jpg","datePublished":"2013-04-01T10:21:18+00:00","dateModified":"2013-04-01T10:23:40+00:00","author":{"@id":"https:\/\/lamaneta.com\/web\/#\/schema\/person\/6be45709b77bdb9c8487ad333857fec1"},"breadcrumb":{"@id":"https:\/\/lamaneta.com\/web\/mymsa-x-3-agricola-con-motor-a-petroleo\/#breadcrumb"},"inLanguage":"es","potentialAction":[{"@type":"ReadAction","target":["https:\/\/lamaneta.com\/web\/mymsa-x-3-agricola-con-motor-a-petroleo\/"]}]},{"@type":"ImageObject","inLanguage":"es","@id":"https:\/\/lamaneta.com\/web\/mymsa-x-3-agricola-con-motor-a-petroleo\/#primaryimage","url":"https:\/\/lamaneta.com\/web\/wp-content\/uploads\/2013\/04\/mymsaagricola002.jpg","contentUrl":"https:\/\/lamaneta.com\/web\/wp-content\/uploads\/2013\/04\/mymsaagricola002.jpg","width":800,"height":600},{"@type":"BreadcrumbList","@id":"https:\/\/lamaneta.com\/web\/mymsa-x-3-agricola-con-motor-a-petroleo\/#breadcrumb","itemListElement":[{"@type":"ListItem","position":1,"name":"Portada","item":"https:\/\/lamaneta.com\/web\/"},{"@type":"ListItem","position":2,"name":"MYMSA X-3 Agricola. Con motor a Petroleo."}]},{"@type":"WebSite","@id":"https:\/\/lamaneta.com\/web\/#website","url":"https:\/\/lamaneta.com\/web\/","name":"lamaneta","description":"El portal de la moto antigua y clasica.","potentialAction":[{"@type":"SearchAction","target":{"@type":"EntryPoint","urlTemplate":"https:\/\/lamaneta.com\/web\/?s={search_term_string}"},"query-input":{"@type":"PropertyValueSpecification","valueRequired":true,"valueName":"search_term_string"}}],"inLanguage":"es"},{"@type":"Person","@id":"https:\/\/lamaneta.com\/web\/#\/schema\/person\/6be45709b77bdb9c8487ad333857fec1","name":"lamaneta","image":{"@type":"ImageObject","inLanguage":"es","@id":"https:\/\/secure.gravatar.com\/avatar\/6d68c86c57cfb5bc6f330fb377fef5a9?s=96&d=mm&r=g","url":"https:\/\/secure.gravatar.com\/avatar\/6d68c86c57cfb5bc6f330fb377fef5a9?s=96&d=mm&r=g","contentUrl":"https:\/\/secure.gravatar.com\/avatar\/6d68c86c57cfb5bc6f330fb377fef5a9?s=96&d=mm&r=g","caption":"lamaneta"},"url":"https:\/\/lamaneta.com\/web\/author\/lamaneta\/"}]}},"_links":{"self":[{"href":"https:\/\/lamaneta.com\/web\/wp-json\/wp\/v2\/posts\/15133","targetHints":{"allow":["GET"]}}],"collection":[{"href":"https:\/\/lamaneta.com\/web\/wp-json\/wp\/v2\/posts"}],"about":[{"href":"https:\/\/lamaneta.com\/web\/wp-json\/wp\/v2\/types\/post"}],"author":[{"embeddable":true,"href":"https:\/\/lamaneta.com\/web\/wp-json\/wp\/v2\/users\/1"}],"replies":[{"embeddable":true,"href":"https:\/\/lamaneta.com\/web\/wp-json\/wp\/v2\/comments?post=15133"}],"version-history":[{"count":0,"href":"https:\/\/lamaneta.com\/web\/wp-json\/wp\/v2\/posts\/15133\/revisions"}],"wp:featuredmedia":[{"embeddable":true,"href":"https:\/\/lamaneta.com\/web\/wp-json\/wp\/v2\/media\/15135"}],"wp:attachment":[{"href":"https:\/\/lamaneta.com\/web\/wp-json\/wp\/v2\/media?parent=15133"}],"wp:term":[{"taxonomy":"category","embeddable":true,"href":"https:\/\/lamaneta.com\/web\/wp-json\/wp\/v2\/categories?post=15133"},{"taxonomy":"post_tag","embeddable":true,"href":"https:\/\/lamaneta.com\/web\/wp-json\/wp\/v2\/tags?post=15133"}],"curies":[{"name":"wp","href":"https:\/\/api.w.org\/{rel}","templated":true}]}}