{"id":19064,"date":"2013-06-30T17:43:12","date_gmt":"2013-06-30T17:43:12","guid":{"rendered":"http:\/\/lamaneta.com\/news\/?p=19064"},"modified":"2014-07-27T16:59:09","modified_gmt":"2014-07-27T16:59:09","slug":"no-le-digas-a-mama-que-me-he-ido-a-mongolia-en-moto","status":"publish","type":"post","link":"https:\/\/lamaneta.com\/web\/no-le-digas-a-mama-que-me-he-ido-a-mongolia-en-moto\/","title":{"rendered":"No le digas a Mama que me he ido a Mongolia en moto&#8230;."},"content":{"rendered":"<p>En el verano del 2011, Ricardo Fit\u00e9 particip\u00f3 en el Rally ben\u00e9fico MONGOL RALLY con una Yamaha SR250.<\/p>\n<p>Y si al final no es la moto, la cilindrada, las prestaciones, la velocidad&#8230;?, y si lo que realmente importa es el viaje&#8230;?<\/p>\n<p>Una Yamaha SR250, un iphone 3, una c\u00e1mara compacta de 100 euros&#8230;<\/p>\n<p><a href=\"http:\/\/vimeo.com\/63073570\">Este es el v\u00eddeo de su aventura&#8230; <\/a><\/p>\n<p><a href=\"http:\/\/vimeo.com\/63073570\"><img loading=\"lazy\" decoding=\"async\" class=\"alignnone size-large wp-image-19068\" src=\"https:\/\/lamaneta.com\/web\/wp-content\/uploads\/2013\/06\/foto0041-600x340.jpg\" alt=\"foto004\" width=\"600\" height=\"340\" srcset=\"https:\/\/lamaneta.com\/web\/wp-content\/uploads\/2013\/06\/foto0041-600x340.jpg 600w, https:\/\/lamaneta.com\/web\/wp-content\/uploads\/2013\/06\/foto0041-300x170.jpg 300w, https:\/\/lamaneta.com\/web\/wp-content\/uploads\/2013\/06\/foto0041-800x453.jpg 800w, https:\/\/lamaneta.com\/web\/wp-content\/uploads\/2013\/06\/foto0041.jpg 950w\" sizes=\"auto, (max-width: 600px) 100vw, 600px\" \/><\/a><\/p>\n<p><a href=\"http:\/\/vimeo.com\/63073570\"><img loading=\"lazy\" decoding=\"async\" class=\"alignnone size-large wp-image-19067\" src=\"https:\/\/lamaneta.com\/web\/wp-content\/uploads\/2013\/06\/foto0032-600x443.jpg\" alt=\"foto003\" width=\"600\" height=\"443\" srcset=\"https:\/\/lamaneta.com\/web\/wp-content\/uploads\/2013\/06\/foto0032-600x443.jpg 600w, https:\/\/lamaneta.com\/web\/wp-content\/uploads\/2013\/06\/foto0032-300x221.jpg 300w, https:\/\/lamaneta.com\/web\/wp-content\/uploads\/2013\/06\/foto0032.jpg 719w\" sizes=\"auto, (max-width: 600px) 100vw, 600px\" \/><\/a><\/p>\n<p><a href=\"http:\/\/vimeo.com\/63073570\"><img loading=\"lazy\" decoding=\"async\" class=\"alignnone size-large wp-image-19066\" src=\"https:\/\/lamaneta.com\/web\/wp-content\/uploads\/2013\/06\/foto0021-600x336.jpg\" alt=\"foto002\" width=\"600\" height=\"336\" srcset=\"https:\/\/lamaneta.com\/web\/wp-content\/uploads\/2013\/06\/foto0021-600x336.jpg 600w, https:\/\/lamaneta.com\/web\/wp-content\/uploads\/2013\/06\/foto0021-300x168.jpg 300w, https:\/\/lamaneta.com\/web\/wp-content\/uploads\/2013\/06\/foto0021-800x449.jpg 800w, https:\/\/lamaneta.com\/web\/wp-content\/uploads\/2013\/06\/foto0021.jpg 955w\" sizes=\"auto, (max-width: 600px) 100vw, 600px\" \/><\/a><\/p>\n<p><a href=\"http:\/\/vimeo.com\/63073570\"><img loading=\"lazy\" decoding=\"async\" class=\"alignnone size-large wp-image-19065\" src=\"https:\/\/lamaneta.com\/web\/wp-content\/uploads\/2013\/06\/foto0011-600x336.jpg\" alt=\"foto001\" width=\"600\" height=\"336\" srcset=\"https:\/\/lamaneta.com\/web\/wp-content\/uploads\/2013\/06\/foto0011-600x336.jpg 600w, https:\/\/lamaneta.com\/web\/wp-content\/uploads\/2013\/06\/foto0011-300x168.jpg 300w, https:\/\/lamaneta.com\/web\/wp-content\/uploads\/2013\/06\/foto0011-800x448.jpg 800w, https:\/\/lamaneta.com\/web\/wp-content\/uploads\/2013\/06\/foto0011.jpg 959w\" sizes=\"auto, (max-width: 600px) 100vw, 600px\" \/><\/a><\/p>\n<p>&nbsp;<\/p>\n<p>&nbsp;<\/p>\n","protected":false},"excerpt":{"rendered":"<p>En el verano del 2011, Ricardo Fit\u00e9 particip\u00f3 en el Rally ben\u00e9fico MONGOL RALLY con una Yamaha SR250. Y si al final no es la moto, la cilindrada, las prestaciones, la velocidad&#8230;?, y si lo que realmente importa es el viaje&#8230;? Una Yamaha SR250, un iphone 3, una c\u00e1mara compacta de 100 euros&#8230; Este es [&hellip;]<\/p>\n","protected":false},"author":1,"featured_media":19068,"comment_status":"open","ping_status":"open","sticky":false,"template":"","format":"standard","meta":{"footnotes":""},"categories":[331,48],"tags":[2567,4075,4077,4076,4033,2397,773],"class_list":["post-19064","post","type-post","status-publish","format-standard","has-post-thumbnail","hentry","category-reportajes","category-rutas","tag-2567","tag-mongolia","tag-sr","tag-sr250","tag-viaje","tag-video","tag-yamaha"],"yoast_head":"<!-- This site is optimized with the Yoast SEO plugin v27.5 - https:\/\/yoast.com\/product\/yoast-seo-wordpress\/ -->\n<title>No le digas a Mama que me he ido a Mongolia en moto.... - lamaneta<\/title>\n<meta name=\"robots\" content=\"index, follow, max-snippet:-1, max-image-preview:large, max-video-preview:-1\" \/>\n<link rel=\"canonical\" href=\"https:\/\/lamaneta.com\/web\/no-le-digas-a-mama-que-me-he-ido-a-mongolia-en-moto\/\" \/>\n<meta property=\"og:locale\" content=\"es_ES\" \/>\n<meta property=\"og:type\" content=\"article\" \/>\n<meta property=\"og:title\" content=\"No le digas a Mama que me he ido a Mongolia en moto.... - lamaneta\" \/>\n<meta property=\"og:description\" content=\"En el verano del 2011, Ricardo Fit\u00e9 particip\u00f3 en el Rally ben\u00e9fico MONGOL RALLY con una Yamaha SR250. Y si al final no es la moto, la cilindrada, las prestaciones, la velocidad&#8230;?, y si lo que realmente importa es el viaje&#8230;? Una Yamaha SR250, un iphone 3, una c\u00e1mara compacta de 100 euros&#8230; Este es [&hellip;]\" \/>\n<meta property=\"og:url\" content=\"https:\/\/lamaneta.com\/web\/no-le-digas-a-mama-que-me-he-ido-a-mongolia-en-moto\/\" \/>\n<meta property=\"og:site_name\" content=\"lamaneta\" \/>\n<meta property=\"article:published_time\" content=\"2013-06-30T17:43:12+00:00\" \/>\n<meta property=\"article:modified_time\" content=\"2014-07-27T16:59:09+00:00\" \/>\n<meta property=\"og:image\" content=\"https:\/\/lamaneta.com\/web\/wp-content\/uploads\/2013\/06\/foto0041.jpg\" \/>\n\t<meta property=\"og:image:width\" content=\"950\" \/>\n\t<meta property=\"og:image:height\" content=\"539\" \/>\n\t<meta property=\"og:image:type\" content=\"image\/jpeg\" \/>\n<meta name=\"author\" content=\"lamaneta\" \/>\n<meta name=\"twitter:card\" content=\"summary_large_image\" \/>\n<meta name=\"twitter:label1\" content=\"Escrito por\" \/>\n\t<meta name=\"twitter:data1\" content=\"lamaneta\" \/>\n<script type=\"application\/ld+json\" class=\"yoast-schema-graph\">{\"@context\":\"https:\\\/\\\/schema.org\",\"@graph\":[{\"@type\":\"Article\",\"@id\":\"https:\\\/\\\/lamaneta.com\\\/web\\\/no-le-digas-a-mama-que-me-he-ido-a-mongolia-en-moto\\\/#article\",\"isPartOf\":{\"@id\":\"https:\\\/\\\/lamaneta.com\\\/web\\\/no-le-digas-a-mama-que-me-he-ido-a-mongolia-en-moto\\\/\"},\"author\":{\"name\":\"lamaneta\",\"@id\":\"https:\\\/\\\/lamaneta.com\\\/web\\\/#\\\/schema\\\/person\\\/6be45709b77bdb9c8487ad333857fec1\"},\"headline\":\"No le digas a Mama que me he ido a Mongolia en moto&#8230;.\",\"datePublished\":\"2013-06-30T17:43:12+00:00\",\"dateModified\":\"2014-07-27T16:59:09+00:00\",\"mainEntityOfPage\":{\"@id\":\"https:\\\/\\\/lamaneta.com\\\/web\\\/no-le-digas-a-mama-que-me-he-ido-a-mongolia-en-moto\\\/\"},\"wordCount\":75,\"commentCount\":1,\"image\":{\"@id\":\"https:\\\/\\\/lamaneta.com\\\/web\\\/no-le-digas-a-mama-que-me-he-ido-a-mongolia-en-moto\\\/#primaryimage\"},\"thumbnailUrl\":\"https:\\\/\\\/lamaneta.com\\\/web\\\/wp-content\\\/uploads\\\/2013\\\/06\\\/foto0041.jpg\",\"keywords\":[\"25\",\"mongolia\",\"sr\",\"sr250\",\"viaje\",\"video\",\"Yamaha\"],\"articleSection\":[\"Reportajes\",\"Rutas\"],\"inLanguage\":\"es\",\"potentialAction\":[{\"@type\":\"CommentAction\",\"name\":\"Comment\",\"target\":[\"https:\\\/\\\/lamaneta.com\\\/web\\\/no-le-digas-a-mama-que-me-he-ido-a-mongolia-en-moto\\\/#respond\"]}]},{\"@type\":\"WebPage\",\"@id\":\"https:\\\/\\\/lamaneta.com\\\/web\\\/no-le-digas-a-mama-que-me-he-ido-a-mongolia-en-moto\\\/\",\"url\":\"https:\\\/\\\/lamaneta.com\\\/web\\\/no-le-digas-a-mama-que-me-he-ido-a-mongolia-en-moto\\\/\",\"name\":\"No le digas a Mama que me he ido a Mongolia en moto.... - lamaneta\",\"isPartOf\":{\"@id\":\"https:\\\/\\\/lamaneta.com\\\/web\\\/#website\"},\"primaryImageOfPage\":{\"@id\":\"https:\\\/\\\/lamaneta.com\\\/web\\\/no-le-digas-a-mama-que-me-he-ido-a-mongolia-en-moto\\\/#primaryimage\"},\"image\":{\"@id\":\"https:\\\/\\\/lamaneta.com\\\/web\\\/no-le-digas-a-mama-que-me-he-ido-a-mongolia-en-moto\\\/#primaryimage\"},\"thumbnailUrl\":\"https:\\\/\\\/lamaneta.com\\\/web\\\/wp-content\\\/uploads\\\/2013\\\/06\\\/foto0041.jpg\",\"datePublished\":\"2013-06-30T17:43:12+00:00\",\"dateModified\":\"2014-07-27T16:59:09+00:00\",\"author\":{\"@id\":\"https:\\\/\\\/lamaneta.com\\\/web\\\/#\\\/schema\\\/person\\\/6be45709b77bdb9c8487ad333857fec1\"},\"breadcrumb\":{\"@id\":\"https:\\\/\\\/lamaneta.com\\\/web\\\/no-le-digas-a-mama-que-me-he-ido-a-mongolia-en-moto\\\/#breadcrumb\"},\"inLanguage\":\"es\",\"potentialAction\":[{\"@type\":\"ReadAction\",\"target\":[\"https:\\\/\\\/lamaneta.com\\\/web\\\/no-le-digas-a-mama-que-me-he-ido-a-mongolia-en-moto\\\/\"]}]},{\"@type\":\"ImageObject\",\"inLanguage\":\"es\",\"@id\":\"https:\\\/\\\/lamaneta.com\\\/web\\\/no-le-digas-a-mama-que-me-he-ido-a-mongolia-en-moto\\\/#primaryimage\",\"url\":\"https:\\\/\\\/lamaneta.com\\\/web\\\/wp-content\\\/uploads\\\/2013\\\/06\\\/foto0041.jpg\",\"contentUrl\":\"https:\\\/\\\/lamaneta.com\\\/web\\\/wp-content\\\/uploads\\\/2013\\\/06\\\/foto0041.jpg\",\"width\":950,\"height\":539},{\"@type\":\"BreadcrumbList\",\"@id\":\"https:\\\/\\\/lamaneta.com\\\/web\\\/no-le-digas-a-mama-que-me-he-ido-a-mongolia-en-moto\\\/#breadcrumb\",\"itemListElement\":[{\"@type\":\"ListItem\",\"position\":1,\"name\":\"Portada\",\"item\":\"https:\\\/\\\/lamaneta.com\\\/web\\\/\"},{\"@type\":\"ListItem\",\"position\":2,\"name\":\"No le digas a Mama que me he ido a Mongolia en moto&#8230;.\"}]},{\"@type\":\"WebSite\",\"@id\":\"https:\\\/\\\/lamaneta.com\\\/web\\\/#website\",\"url\":\"https:\\\/\\\/lamaneta.com\\\/web\\\/\",\"name\":\"lamaneta\",\"description\":\"El portal de la moto antigua y clasica.\",\"potentialAction\":[{\"@type\":\"SearchAction\",\"target\":{\"@type\":\"EntryPoint\",\"urlTemplate\":\"https:\\\/\\\/lamaneta.com\\\/web\\\/?s={search_term_string}\"},\"query-input\":{\"@type\":\"PropertyValueSpecification\",\"valueRequired\":true,\"valueName\":\"search_term_string\"}}],\"inLanguage\":\"es\"},{\"@type\":\"Person\",\"@id\":\"https:\\\/\\\/lamaneta.com\\\/web\\\/#\\\/schema\\\/person\\\/6be45709b77bdb9c8487ad333857fec1\",\"name\":\"lamaneta\",\"image\":{\"@type\":\"ImageObject\",\"inLanguage\":\"es\",\"@id\":\"https:\\\/\\\/secure.gravatar.com\\\/avatar\\\/6d68c86c57cfb5bc6f330fb377fef5a9?s=96&d=mm&r=g\",\"url\":\"https:\\\/\\\/secure.gravatar.com\\\/avatar\\\/6d68c86c57cfb5bc6f330fb377fef5a9?s=96&d=mm&r=g\",\"contentUrl\":\"https:\\\/\\\/secure.gravatar.com\\\/avatar\\\/6d68c86c57cfb5bc6f330fb377fef5a9?s=96&d=mm&r=g\",\"caption\":\"lamaneta\"},\"url\":\"https:\\\/\\\/lamaneta.com\\\/web\\\/author\\\/lamaneta\\\/\"}]}<\/script>\n<!-- \/ Yoast SEO plugin. -->","yoast_head_json":{"title":"No le digas a Mama que me he ido a Mongolia en moto.... - lamaneta","robots":{"index":"index","follow":"follow","max-snippet":"max-snippet:-1","max-image-preview":"max-image-preview:large","max-video-preview":"max-video-preview:-1"},"canonical":"https:\/\/lamaneta.com\/web\/no-le-digas-a-mama-que-me-he-ido-a-mongolia-en-moto\/","og_locale":"es_ES","og_type":"article","og_title":"No le digas a Mama que me he ido a Mongolia en moto.... - lamaneta","og_description":"En el verano del 2011, Ricardo Fit\u00e9 particip\u00f3 en el Rally ben\u00e9fico MONGOL RALLY con una Yamaha SR250. Y si al final no es la moto, la cilindrada, las prestaciones, la velocidad&#8230;?, y si lo que realmente importa es el viaje&#8230;? Una Yamaha SR250, un iphone 3, una c\u00e1mara compacta de 100 euros&#8230; Este es [&hellip;]","og_url":"https:\/\/lamaneta.com\/web\/no-le-digas-a-mama-que-me-he-ido-a-mongolia-en-moto\/","og_site_name":"lamaneta","article_published_time":"2013-06-30T17:43:12+00:00","article_modified_time":"2014-07-27T16:59:09+00:00","og_image":[{"width":950,"height":539,"url":"https:\/\/lamaneta.com\/web\/wp-content\/uploads\/2013\/06\/foto0041.jpg","type":"image\/jpeg"}],"author":"lamaneta","twitter_card":"summary_large_image","twitter_misc":{"Escrito por":"lamaneta"},"schema":{"@context":"https:\/\/schema.org","@graph":[{"@type":"Article","@id":"https:\/\/lamaneta.com\/web\/no-le-digas-a-mama-que-me-he-ido-a-mongolia-en-moto\/#article","isPartOf":{"@id":"https:\/\/lamaneta.com\/web\/no-le-digas-a-mama-que-me-he-ido-a-mongolia-en-moto\/"},"author":{"name":"lamaneta","@id":"https:\/\/lamaneta.com\/web\/#\/schema\/person\/6be45709b77bdb9c8487ad333857fec1"},"headline":"No le digas a Mama que me he ido a Mongolia en moto&#8230;.","datePublished":"2013-06-30T17:43:12+00:00","dateModified":"2014-07-27T16:59:09+00:00","mainEntityOfPage":{"@id":"https:\/\/lamaneta.com\/web\/no-le-digas-a-mama-que-me-he-ido-a-mongolia-en-moto\/"},"wordCount":75,"commentCount":1,"image":{"@id":"https:\/\/lamaneta.com\/web\/no-le-digas-a-mama-que-me-he-ido-a-mongolia-en-moto\/#primaryimage"},"thumbnailUrl":"https:\/\/lamaneta.com\/web\/wp-content\/uploads\/2013\/06\/foto0041.jpg","keywords":["25","mongolia","sr","sr250","viaje","video","Yamaha"],"articleSection":["Reportajes","Rutas"],"inLanguage":"es","potentialAction":[{"@type":"CommentAction","name":"Comment","target":["https:\/\/lamaneta.com\/web\/no-le-digas-a-mama-que-me-he-ido-a-mongolia-en-moto\/#respond"]}]},{"@type":"WebPage","@id":"https:\/\/lamaneta.com\/web\/no-le-digas-a-mama-que-me-he-ido-a-mongolia-en-moto\/","url":"https:\/\/lamaneta.com\/web\/no-le-digas-a-mama-que-me-he-ido-a-mongolia-en-moto\/","name":"No le digas a Mama que me he ido a Mongolia en moto.... - lamaneta","isPartOf":{"@id":"https:\/\/lamaneta.com\/web\/#website"},"primaryImageOfPage":{"@id":"https:\/\/lamaneta.com\/web\/no-le-digas-a-mama-que-me-he-ido-a-mongolia-en-moto\/#primaryimage"},"image":{"@id":"https:\/\/lamaneta.com\/web\/no-le-digas-a-mama-que-me-he-ido-a-mongolia-en-moto\/#primaryimage"},"thumbnailUrl":"https:\/\/lamaneta.com\/web\/wp-content\/uploads\/2013\/06\/foto0041.jpg","datePublished":"2013-06-30T17:43:12+00:00","dateModified":"2014-07-27T16:59:09+00:00","author":{"@id":"https:\/\/lamaneta.com\/web\/#\/schema\/person\/6be45709b77bdb9c8487ad333857fec1"},"breadcrumb":{"@id":"https:\/\/lamaneta.com\/web\/no-le-digas-a-mama-que-me-he-ido-a-mongolia-en-moto\/#breadcrumb"},"inLanguage":"es","potentialAction":[{"@type":"ReadAction","target":["https:\/\/lamaneta.com\/web\/no-le-digas-a-mama-que-me-he-ido-a-mongolia-en-moto\/"]}]},{"@type":"ImageObject","inLanguage":"es","@id":"https:\/\/lamaneta.com\/web\/no-le-digas-a-mama-que-me-he-ido-a-mongolia-en-moto\/#primaryimage","url":"https:\/\/lamaneta.com\/web\/wp-content\/uploads\/2013\/06\/foto0041.jpg","contentUrl":"https:\/\/lamaneta.com\/web\/wp-content\/uploads\/2013\/06\/foto0041.jpg","width":950,"height":539},{"@type":"BreadcrumbList","@id":"https:\/\/lamaneta.com\/web\/no-le-digas-a-mama-que-me-he-ido-a-mongolia-en-moto\/#breadcrumb","itemListElement":[{"@type":"ListItem","position":1,"name":"Portada","item":"https:\/\/lamaneta.com\/web\/"},{"@type":"ListItem","position":2,"name":"No le digas a Mama que me he ido a Mongolia en moto&#8230;."}]},{"@type":"WebSite","@id":"https:\/\/lamaneta.com\/web\/#website","url":"https:\/\/lamaneta.com\/web\/","name":"lamaneta","description":"El portal de la moto antigua y clasica.","potentialAction":[{"@type":"SearchAction","target":{"@type":"EntryPoint","urlTemplate":"https:\/\/lamaneta.com\/web\/?s={search_term_string}"},"query-input":{"@type":"PropertyValueSpecification","valueRequired":true,"valueName":"search_term_string"}}],"inLanguage":"es"},{"@type":"Person","@id":"https:\/\/lamaneta.com\/web\/#\/schema\/person\/6be45709b77bdb9c8487ad333857fec1","name":"lamaneta","image":{"@type":"ImageObject","inLanguage":"es","@id":"https:\/\/secure.gravatar.com\/avatar\/6d68c86c57cfb5bc6f330fb377fef5a9?s=96&d=mm&r=g","url":"https:\/\/secure.gravatar.com\/avatar\/6d68c86c57cfb5bc6f330fb377fef5a9?s=96&d=mm&r=g","contentUrl":"https:\/\/secure.gravatar.com\/avatar\/6d68c86c57cfb5bc6f330fb377fef5a9?s=96&d=mm&r=g","caption":"lamaneta"},"url":"https:\/\/lamaneta.com\/web\/author\/lamaneta\/"}]}},"_links":{"self":[{"href":"https:\/\/lamaneta.com\/web\/wp-json\/wp\/v2\/posts\/19064","targetHints":{"allow":["GET"]}}],"collection":[{"href":"https:\/\/lamaneta.com\/web\/wp-json\/wp\/v2\/posts"}],"about":[{"href":"https:\/\/lamaneta.com\/web\/wp-json\/wp\/v2\/types\/post"}],"author":[{"embeddable":true,"href":"https:\/\/lamaneta.com\/web\/wp-json\/wp\/v2\/users\/1"}],"replies":[{"embeddable":true,"href":"https:\/\/lamaneta.com\/web\/wp-json\/wp\/v2\/comments?post=19064"}],"version-history":[{"count":0,"href":"https:\/\/lamaneta.com\/web\/wp-json\/wp\/v2\/posts\/19064\/revisions"}],"wp:featuredmedia":[{"embeddable":true,"href":"https:\/\/lamaneta.com\/web\/wp-json\/wp\/v2\/media\/19068"}],"wp:attachment":[{"href":"https:\/\/lamaneta.com\/web\/wp-json\/wp\/v2\/media?parent=19064"}],"wp:term":[{"taxonomy":"category","embeddable":true,"href":"https:\/\/lamaneta.com\/web\/wp-json\/wp\/v2\/categories?post=19064"},{"taxonomy":"post_tag","embeddable":true,"href":"https:\/\/lamaneta.com\/web\/wp-json\/wp\/v2\/tags?post=19064"}],"curies":[{"name":"wp","href":"https:\/\/api.w.org\/{rel}","templated":true}]}}