{"id":21519,"date":"2013-09-11T19:45:13","date_gmt":"2013-09-11T19:45:13","guid":{"rendered":"http:\/\/lamaneta.com\/news\/?p=21519"},"modified":"2013-09-11T21:57:11","modified_gmt":"2013-09-11T21:57:11","slug":"como-acertar-que-lampara-necesitamos-por-el-casquillo","status":"publish","type":"post","link":"https:\/\/lamaneta.com\/web\/como-acertar-que-lampara-necesitamos-por-el-casquillo\/","title":{"rendered":"Como acertar que lampara necesitamos, \u00bfpor el casquillo?."},"content":{"rendered":"<p><a href=\"https:\/\/lamaneta.com\/web\/wp-content\/uploads\/2013\/09\/100_5601.jpg\"><img loading=\"lazy\" decoding=\"async\" class=\"aligncenter size-full wp-image-21552\" alt=\"100_5601\" src=\"https:\/\/lamaneta.com\/web\/wp-content\/uploads\/2013\/09\/100_5601.jpg\" width=\"600\" height=\"652\" srcset=\"https:\/\/lamaneta.com\/web\/wp-content\/uploads\/2013\/09\/100_5601.jpg 600w, https:\/\/lamaneta.com\/web\/wp-content\/uploads\/2013\/09\/100_5601-276x300.jpg 276w, https:\/\/lamaneta.com\/web\/wp-content\/uploads\/2013\/09\/100_5601-552x600.jpg 552w\" sizes=\"auto, (max-width: 600px) 100vw, 600px\" \/><\/a><\/p>\n<p style=\"text-align: left\">Hay una gran variedad de casquillos, algunos utilizados para diferentes usos e incluso hay lamparas que aunque comparten tipo de casquillo var\u00edan en la forma de la ampolla de cristal y la forma del filamento y sus watios seg\u00fan las necesidades.\u00a0He aqu\u00ed una peque\u00f1a muestra de estos modelos y su denominaci\u00f3n o ref.<\/p>\n<p>&nbsp;<\/p>\n<p>Casquillo \u00a0S7 o plafonier<\/p>\n<p>Utilizado en pilotos como posici\u00f3n o freno. hay varios di\u00e1metros y varios gruesos.<\/p>\n<p><a href=\"https:\/\/lamaneta.com\/web\/wp-content\/uploads\/2013\/09\/s7-plafon-12v.gif\"><img loading=\"lazy\" decoding=\"async\" class=\"alignleft size-full wp-image-21526\" alt=\"s7-plafon 12v\" src=\"https:\/\/lamaneta.com\/web\/wp-content\/uploads\/2013\/09\/s7-plafon-12v.gif\" width=\"207\" height=\"104\" \/><\/a><\/p>\n<p>&nbsp;<\/p>\n<p>&nbsp;<\/p>\n<p>&nbsp;<\/p>\n<p>&nbsp;<\/p>\n<p>&nbsp;<\/p>\n<p>Casquillo S 85 o Plafonier.<\/p>\n<p>Utilizado en pilotos como posici\u00f3n o freno. hay varios di\u00e1metros y varios gruesos.<\/p>\n<p><a href=\"https:\/\/lamaneta.com\/web\/wp-content\/uploads\/2013\/09\/s85-plafonier.gif\"><img loading=\"lazy\" decoding=\"async\" class=\"alignleft size-full wp-image-21544\" alt=\"s85-plafonier\" src=\"https:\/\/lamaneta.com\/web\/wp-content\/uploads\/2013\/09\/s85-plafonier.gif\" width=\"242\" height=\"125\" \/><\/a><\/p>\n<p>&nbsp;<\/p>\n<p>&nbsp;<\/p>\n<p>&nbsp;<\/p>\n<p>&nbsp;<\/p>\n<p>&nbsp;<\/p>\n<p>Casquillo Bay15 d<\/p>\n<p>Utilizado para posici\u00f3n y freno. 2 polos y dos W diferenciados.<\/p>\n<p><a href=\"https:\/\/lamaneta.com\/web\/wp-content\/uploads\/2013\/09\/bay15d-stop-freno.gif\"><img loading=\"lazy\" decoding=\"async\" class=\"alignleft size-full wp-image-21522\" alt=\"bay15d-stop-freno\" src=\"https:\/\/lamaneta.com\/web\/wp-content\/uploads\/2013\/09\/bay15d-stop-freno.gif\" width=\"213\" height=\"202\" \/><\/a><\/p>\n<p>&nbsp;<\/p>\n<p>&nbsp;<\/p>\n<p>&nbsp;<\/p>\n<p>&nbsp;<\/p>\n<p>&nbsp;<\/p>\n<p>&nbsp;<\/p>\n<p>&nbsp;<\/p>\n<p>&nbsp;<\/p>\n<p>Casquillo Ba 15s<\/p>\n<p>Utilizado para luces de posicion Trs, intermitentes. 1 solo polo.<\/p>\n<ul>\n<li><a href=\"https:\/\/lamaneta.com\/web\/wp-content\/uploads\/2013\/09\/ba9s-posicion.gif\"><img loading=\"lazy\" decoding=\"async\" class=\"alignleft size-full wp-image-21520\" alt=\"ba9s-posicion\" src=\"https:\/\/lamaneta.com\/web\/wp-content\/uploads\/2013\/09\/ba9s-posicion.gif\" width=\"115\" height=\"197\" \/><\/a><\/li>\n<\/ul>\n<p>&nbsp;<\/p>\n<p>&nbsp;<\/p>\n<p>&nbsp;<\/p>\n<p>&nbsp;<\/p>\n<p>&nbsp;<\/p>\n<p>&nbsp;<\/p>\n<p>&nbsp;<\/p>\n<p>Casquillo Ba 15s<\/p>\n<p>Utilizadas para pilotos de posici\u00f3n, intermitente. 1 solo polo<\/p>\n<p><a href=\"https:\/\/lamaneta.com\/web\/wp-content\/uploads\/2013\/09\/ba15s-esquema1.gif\"><img loading=\"lazy\" decoding=\"async\" class=\"alignleft size-full wp-image-21547\" alt=\"ba15s-esquema\" src=\"https:\/\/lamaneta.com\/web\/wp-content\/uploads\/2013\/09\/ba15s-esquema1.gif\" width=\"270\" height=\"437\" \/><\/a><\/p>\n<p>&nbsp;<\/p>\n<p>&nbsp;<\/p>\n<p>&nbsp;<\/p>\n<p>&nbsp;<\/p>\n<p>&nbsp;<\/p>\n<p>&nbsp;<\/p>\n<p>&nbsp;<\/p>\n<p>&nbsp;<\/p>\n<p>&nbsp;<\/p>\n<p>&nbsp;<\/p>\n<p>&nbsp;<\/p>\n<p>&nbsp;<\/p>\n<p>&nbsp;<\/p>\n<p>&nbsp;<\/p>\n<p>&nbsp;<\/p>\n<p>&nbsp;<\/p>\n<p>Casquillo Ba 20 d<\/p>\n<p>Utilizado para luz principal Dlt. con filamento de largas y cortas.<\/p>\n<p><a href=\"https:\/\/lamaneta.com\/web\/wp-content\/uploads\/2013\/09\/ba20d-esquema.gif\"><img loading=\"lazy\" decoding=\"async\" class=\"alignleft size-full wp-image-21523\" alt=\"ba20d-esquema\" src=\"https:\/\/lamaneta.com\/web\/wp-content\/uploads\/2013\/09\/ba20d-esquema.gif\" width=\"278\" height=\"253\" \/><\/a><\/p>\n<p>&nbsp;<\/p>\n<p>&nbsp;<\/p>\n<p>&nbsp;<\/p>\n<p>&nbsp;<\/p>\n<p>&nbsp;<\/p>\n<p>&nbsp;<\/p>\n<p>&nbsp;<\/p>\n<p>&nbsp;<\/p>\n<p>&nbsp;<\/p>\n<p>&nbsp;<\/p>\n<p>&nbsp;<\/p>\n<p>Casquillo Ba 15 d. ( casquillo americano)<\/p>\n<p>Utilizado en faro principal, con filamentos de larga y cortas.<\/p>\n<p>&nbsp;<\/p>\n<p><a href=\"https:\/\/lamaneta.com\/web\/wp-content\/uploads\/2013\/09\/ba15d-americano.gif\"><img loading=\"lazy\" decoding=\"async\" class=\"alignleft size-full wp-image-21524\" alt=\"ba15d-americano\" src=\"https:\/\/lamaneta.com\/web\/wp-content\/uploads\/2013\/09\/ba15d-americano.gif\" width=\"222\" height=\"189\" \/><\/a><\/p>\n<p>&nbsp;<\/p>\n<p>&nbsp;<\/p>\n<p>&nbsp;<\/p>\n<p>&nbsp;<\/p>\n<p>&nbsp;<\/p>\n<p>&nbsp;<\/p>\n<p>&nbsp;<\/p>\n<p>&nbsp;<\/p>\n<p>Casquillo Ba 15S<\/p>\n<p>Utilizada como luz de freno de un solo polo o se\u00f1alizacion.<\/p>\n<p><a href=\"https:\/\/lamaneta.com\/web\/wp-content\/uploads\/2013\/09\/ba15s-color-esquema.gif\"><img loading=\"lazy\" decoding=\"async\" class=\"alignleft size-full wp-image-21545\" alt=\"ba15s-color-esquema\" src=\"https:\/\/lamaneta.com\/web\/wp-content\/uploads\/2013\/09\/ba15s-color-esquema.gif\" width=\"324\" height=\"186\" \/><\/a><\/p>\n<p>&nbsp;<\/p>\n<p>&nbsp;<\/p>\n<p>&nbsp;<\/p>\n<p>&nbsp;<\/p>\n<p>&nbsp;<\/p>\n<p>&nbsp;<\/p>\n<p>&nbsp;<\/p>\n<p>&nbsp;<\/p>\n<p>Casquillo Lucas.<\/p>\n<p>Utilizado en algunos faros de la marca lucas, tiene filamento de cortas y largas.<\/p>\n<p><a href=\"https:\/\/lamaneta.com\/web\/wp-content\/uploads\/2013\/09\/p22d-montadero.gif\"><img loading=\"lazy\" decoding=\"async\" class=\"alignleft size-full wp-image-21525\" alt=\"p22d-montadero\" src=\"https:\/\/lamaneta.com\/web\/wp-content\/uploads\/2013\/09\/p22d-montadero.gif\" width=\"157\" height=\"193\" \/><\/a><\/p>\n<p>&nbsp;<\/p>\n<p>&nbsp;<\/p>\n<p>&nbsp;<\/p>\n<p>&nbsp;<\/p>\n<p>&nbsp;<\/p>\n<p>&nbsp;<\/p>\n<p>&nbsp;<\/p>\n<p>&nbsp;<\/p>\n<p>&nbsp;<\/p>\n<p>Articulo redactado por Juan J. Padilla<\/p>\n<p>Cortesia de <a href=\"http:\/\/www.almacendclasicas.com\">www.almacendclasicas.com<\/a><\/p>\n<p>&nbsp;<\/p>\n<p>&nbsp;<\/p>\n<p>&nbsp;<\/p>\n","protected":false},"excerpt":{"rendered":"<p>Hay una gran variedad de casquillos, algunos utilizados para diferentes usos e incluso hay lamparas que aunque comparten tipo de casquillo var\u00edan en la forma de la ampolla de cristal y la forma del filamento y sus watios seg\u00fan las necesidades.\u00a0He aqu\u00ed una peque\u00f1a muestra de estos modelos y su denominaci\u00f3n o ref. &nbsp; Casquillo [&hellip;]<\/p>\n","protected":false},"author":3,"featured_media":21552,"comment_status":"open","ping_status":"open","sticky":false,"template":"","format":"standard","meta":{"footnotes":""},"categories":[13],"tags":[629,4385,4384,188],"class_list":["post-21519","post","type-post","status-publish","format-standard","has-post-thumbnail","hentry","category-restauracion-2","tag-bombillas","tag-casquillos","tag-lamparas","tag-manuales-2"],"yoast_head":"<!-- This site is optimized with the Yoast SEO plugin v27.5 - https:\/\/yoast.com\/product\/yoast-seo-wordpress\/ -->\n<title>Como acertar que lampara necesitamos, \u00bfpor el casquillo?. - lamaneta<\/title>\n<meta name=\"robots\" content=\"index, follow, max-snippet:-1, max-image-preview:large, max-video-preview:-1\" \/>\n<link rel=\"canonical\" href=\"https:\/\/lamaneta.com\/web\/como-acertar-que-lampara-necesitamos-por-el-casquillo\/\" \/>\n<meta property=\"og:locale\" content=\"es_ES\" \/>\n<meta property=\"og:type\" content=\"article\" \/>\n<meta property=\"og:title\" content=\"Como acertar que lampara necesitamos, \u00bfpor el casquillo?. - lamaneta\" \/>\n<meta property=\"og:description\" content=\"Hay una gran variedad de casquillos, algunos utilizados para diferentes usos e incluso hay lamparas que aunque comparten tipo de casquillo var\u00edan en la forma de la ampolla de cristal y la forma del filamento y sus watios seg\u00fan las necesidades.\u00a0He aqu\u00ed una peque\u00f1a muestra de estos modelos y su denominaci\u00f3n o ref. &nbsp; Casquillo [&hellip;]\" \/>\n<meta property=\"og:url\" content=\"https:\/\/lamaneta.com\/web\/como-acertar-que-lampara-necesitamos-por-el-casquillo\/\" \/>\n<meta property=\"og:site_name\" content=\"lamaneta\" \/>\n<meta property=\"article:author\" content=\"www.facebook.com\/almacendclasicas\" \/>\n<meta property=\"article:published_time\" content=\"2013-09-11T19:45:13+00:00\" \/>\n<meta property=\"article:modified_time\" content=\"2013-09-11T21:57:11+00:00\" \/>\n<meta property=\"og:image\" content=\"https:\/\/lamaneta.com\/web\/wp-content\/uploads\/2013\/09\/100_5601.jpg\" \/>\n\t<meta property=\"og:image:width\" content=\"600\" \/>\n\t<meta property=\"og:image:height\" content=\"652\" \/>\n\t<meta property=\"og:image:type\" content=\"image\/jpeg\" \/>\n<meta name=\"author\" content=\"Juan Jose\" \/>\n<meta name=\"twitter:card\" content=\"summary_large_image\" \/>\n<meta name=\"twitter:label1\" content=\"Escrito por\" \/>\n\t<meta name=\"twitter:data1\" content=\"Juan Jose\" \/>\n\t<meta name=\"twitter:label2\" content=\"Tiempo de lectura\" \/>\n\t<meta name=\"twitter:data2\" content=\"1 minuto\" \/>\n<script type=\"application\/ld+json\" class=\"yoast-schema-graph\">{\"@context\":\"https:\\\/\\\/schema.org\",\"@graph\":[{\"@type\":\"Article\",\"@id\":\"https:\\\/\\\/lamaneta.com\\\/web\\\/como-acertar-que-lampara-necesitamos-por-el-casquillo\\\/#article\",\"isPartOf\":{\"@id\":\"https:\\\/\\\/lamaneta.com\\\/web\\\/como-acertar-que-lampara-necesitamos-por-el-casquillo\\\/\"},\"author\":{\"name\":\"Juan Jose\",\"@id\":\"https:\\\/\\\/lamaneta.com\\\/web\\\/#\\\/schema\\\/person\\\/697dc5ef912c897beeb5f8f0a0a66f17\"},\"headline\":\"Como acertar que lampara necesitamos, \u00bfpor el casquillo?.\",\"datePublished\":\"2013-09-11T19:45:13+00:00\",\"dateModified\":\"2013-09-11T21:57:11+00:00\",\"mainEntityOfPage\":{\"@id\":\"https:\\\/\\\/lamaneta.com\\\/web\\\/como-acertar-que-lampara-necesitamos-por-el-casquillo\\\/\"},\"wordCount\":295,\"commentCount\":0,\"image\":{\"@id\":\"https:\\\/\\\/lamaneta.com\\\/web\\\/como-acertar-que-lampara-necesitamos-por-el-casquillo\\\/#primaryimage\"},\"thumbnailUrl\":\"https:\\\/\\\/lamaneta.com\\\/web\\\/wp-content\\\/uploads\\\/2013\\\/09\\\/100_5601.jpg\",\"keywords\":[\"Bombillas\",\"casquillos\",\"lamparas\",\"manuales\"],\"articleSection\":[\"Restauracion\"],\"inLanguage\":\"es\",\"potentialAction\":[{\"@type\":\"CommentAction\",\"name\":\"Comment\",\"target\":[\"https:\\\/\\\/lamaneta.com\\\/web\\\/como-acertar-que-lampara-necesitamos-por-el-casquillo\\\/#respond\"]}]},{\"@type\":\"WebPage\",\"@id\":\"https:\\\/\\\/lamaneta.com\\\/web\\\/como-acertar-que-lampara-necesitamos-por-el-casquillo\\\/\",\"url\":\"https:\\\/\\\/lamaneta.com\\\/web\\\/como-acertar-que-lampara-necesitamos-por-el-casquillo\\\/\",\"name\":\"Como acertar que lampara necesitamos, \u00bfpor el casquillo?. - lamaneta\",\"isPartOf\":{\"@id\":\"https:\\\/\\\/lamaneta.com\\\/web\\\/#website\"},\"primaryImageOfPage\":{\"@id\":\"https:\\\/\\\/lamaneta.com\\\/web\\\/como-acertar-que-lampara-necesitamos-por-el-casquillo\\\/#primaryimage\"},\"image\":{\"@id\":\"https:\\\/\\\/lamaneta.com\\\/web\\\/como-acertar-que-lampara-necesitamos-por-el-casquillo\\\/#primaryimage\"},\"thumbnailUrl\":\"https:\\\/\\\/lamaneta.com\\\/web\\\/wp-content\\\/uploads\\\/2013\\\/09\\\/100_5601.jpg\",\"datePublished\":\"2013-09-11T19:45:13+00:00\",\"dateModified\":\"2013-09-11T21:57:11+00:00\",\"author\":{\"@id\":\"https:\\\/\\\/lamaneta.com\\\/web\\\/#\\\/schema\\\/person\\\/697dc5ef912c897beeb5f8f0a0a66f17\"},\"breadcrumb\":{\"@id\":\"https:\\\/\\\/lamaneta.com\\\/web\\\/como-acertar-que-lampara-necesitamos-por-el-casquillo\\\/#breadcrumb\"},\"inLanguage\":\"es\",\"potentialAction\":[{\"@type\":\"ReadAction\",\"target\":[\"https:\\\/\\\/lamaneta.com\\\/web\\\/como-acertar-que-lampara-necesitamos-por-el-casquillo\\\/\"]}]},{\"@type\":\"ImageObject\",\"inLanguage\":\"es\",\"@id\":\"https:\\\/\\\/lamaneta.com\\\/web\\\/como-acertar-que-lampara-necesitamos-por-el-casquillo\\\/#primaryimage\",\"url\":\"https:\\\/\\\/lamaneta.com\\\/web\\\/wp-content\\\/uploads\\\/2013\\\/09\\\/100_5601.jpg\",\"contentUrl\":\"https:\\\/\\\/lamaneta.com\\\/web\\\/wp-content\\\/uploads\\\/2013\\\/09\\\/100_5601.jpg\",\"width\":600,\"height\":652},{\"@type\":\"BreadcrumbList\",\"@id\":\"https:\\\/\\\/lamaneta.com\\\/web\\\/como-acertar-que-lampara-necesitamos-por-el-casquillo\\\/#breadcrumb\",\"itemListElement\":[{\"@type\":\"ListItem\",\"position\":1,\"name\":\"Portada\",\"item\":\"https:\\\/\\\/lamaneta.com\\\/web\\\/\"},{\"@type\":\"ListItem\",\"position\":2,\"name\":\"Como acertar que lampara necesitamos, \u00bfpor el casquillo?.\"}]},{\"@type\":\"WebSite\",\"@id\":\"https:\\\/\\\/lamaneta.com\\\/web\\\/#website\",\"url\":\"https:\\\/\\\/lamaneta.com\\\/web\\\/\",\"name\":\"lamaneta\",\"description\":\"El portal de la moto antigua y clasica.\",\"potentialAction\":[{\"@type\":\"SearchAction\",\"target\":{\"@type\":\"EntryPoint\",\"urlTemplate\":\"https:\\\/\\\/lamaneta.com\\\/web\\\/?s={search_term_string}\"},\"query-input\":{\"@type\":\"PropertyValueSpecification\",\"valueRequired\":true,\"valueName\":\"search_term_string\"}}],\"inLanguage\":\"es\"},{\"@type\":\"Person\",\"@id\":\"https:\\\/\\\/lamaneta.com\\\/web\\\/#\\\/schema\\\/person\\\/697dc5ef912c897beeb5f8f0a0a66f17\",\"name\":\"Juan Jose\",\"image\":{\"@type\":\"ImageObject\",\"inLanguage\":\"es\",\"@id\":\"https:\\\/\\\/secure.gravatar.com\\\/avatar\\\/ebb9560f73b98a413c596b029e5a3a26?s=96&d=mm&r=g\",\"url\":\"https:\\\/\\\/secure.gravatar.com\\\/avatar\\\/ebb9560f73b98a413c596b029e5a3a26?s=96&d=mm&r=g\",\"contentUrl\":\"https:\\\/\\\/secure.gravatar.com\\\/avatar\\\/ebb9560f73b98a413c596b029e5a3a26?s=96&d=mm&r=g\",\"caption\":\"Juan Jose\"},\"sameAs\":[\"http:\\\/\\\/www.almacendclasicas.com\",\"www.facebook.com\\\/almacendclasicas\"],\"url\":\"https:\\\/\\\/lamaneta.com\\\/web\\\/author\\\/padilla\\\/\"}]}<\/script>\n<!-- \/ Yoast SEO plugin. -->","yoast_head_json":{"title":"Como acertar que lampara necesitamos, \u00bfpor el casquillo?. - lamaneta","robots":{"index":"index","follow":"follow","max-snippet":"max-snippet:-1","max-image-preview":"max-image-preview:large","max-video-preview":"max-video-preview:-1"},"canonical":"https:\/\/lamaneta.com\/web\/como-acertar-que-lampara-necesitamos-por-el-casquillo\/","og_locale":"es_ES","og_type":"article","og_title":"Como acertar que lampara necesitamos, \u00bfpor el casquillo?. - lamaneta","og_description":"Hay una gran variedad de casquillos, algunos utilizados para diferentes usos e incluso hay lamparas que aunque comparten tipo de casquillo var\u00edan en la forma de la ampolla de cristal y la forma del filamento y sus watios seg\u00fan las necesidades.\u00a0He aqu\u00ed una peque\u00f1a muestra de estos modelos y su denominaci\u00f3n o ref. &nbsp; Casquillo [&hellip;]","og_url":"https:\/\/lamaneta.com\/web\/como-acertar-que-lampara-necesitamos-por-el-casquillo\/","og_site_name":"lamaneta","article_author":"www.facebook.com\/almacendclasicas","article_published_time":"2013-09-11T19:45:13+00:00","article_modified_time":"2013-09-11T21:57:11+00:00","og_image":[{"width":600,"height":652,"url":"https:\/\/lamaneta.com\/web\/wp-content\/uploads\/2013\/09\/100_5601.jpg","type":"image\/jpeg"}],"author":"Juan Jose","twitter_card":"summary_large_image","twitter_misc":{"Escrito por":"Juan Jose","Tiempo de lectura":"1 minuto"},"schema":{"@context":"https:\/\/schema.org","@graph":[{"@type":"Article","@id":"https:\/\/lamaneta.com\/web\/como-acertar-que-lampara-necesitamos-por-el-casquillo\/#article","isPartOf":{"@id":"https:\/\/lamaneta.com\/web\/como-acertar-que-lampara-necesitamos-por-el-casquillo\/"},"author":{"name":"Juan Jose","@id":"https:\/\/lamaneta.com\/web\/#\/schema\/person\/697dc5ef912c897beeb5f8f0a0a66f17"},"headline":"Como acertar que lampara necesitamos, \u00bfpor el casquillo?.","datePublished":"2013-09-11T19:45:13+00:00","dateModified":"2013-09-11T21:57:11+00:00","mainEntityOfPage":{"@id":"https:\/\/lamaneta.com\/web\/como-acertar-que-lampara-necesitamos-por-el-casquillo\/"},"wordCount":295,"commentCount":0,"image":{"@id":"https:\/\/lamaneta.com\/web\/como-acertar-que-lampara-necesitamos-por-el-casquillo\/#primaryimage"},"thumbnailUrl":"https:\/\/lamaneta.com\/web\/wp-content\/uploads\/2013\/09\/100_5601.jpg","keywords":["Bombillas","casquillos","lamparas","manuales"],"articleSection":["Restauracion"],"inLanguage":"es","potentialAction":[{"@type":"CommentAction","name":"Comment","target":["https:\/\/lamaneta.com\/web\/como-acertar-que-lampara-necesitamos-por-el-casquillo\/#respond"]}]},{"@type":"WebPage","@id":"https:\/\/lamaneta.com\/web\/como-acertar-que-lampara-necesitamos-por-el-casquillo\/","url":"https:\/\/lamaneta.com\/web\/como-acertar-que-lampara-necesitamos-por-el-casquillo\/","name":"Como acertar que lampara necesitamos, \u00bfpor el casquillo?. - lamaneta","isPartOf":{"@id":"https:\/\/lamaneta.com\/web\/#website"},"primaryImageOfPage":{"@id":"https:\/\/lamaneta.com\/web\/como-acertar-que-lampara-necesitamos-por-el-casquillo\/#primaryimage"},"image":{"@id":"https:\/\/lamaneta.com\/web\/como-acertar-que-lampara-necesitamos-por-el-casquillo\/#primaryimage"},"thumbnailUrl":"https:\/\/lamaneta.com\/web\/wp-content\/uploads\/2013\/09\/100_5601.jpg","datePublished":"2013-09-11T19:45:13+00:00","dateModified":"2013-09-11T21:57:11+00:00","author":{"@id":"https:\/\/lamaneta.com\/web\/#\/schema\/person\/697dc5ef912c897beeb5f8f0a0a66f17"},"breadcrumb":{"@id":"https:\/\/lamaneta.com\/web\/como-acertar-que-lampara-necesitamos-por-el-casquillo\/#breadcrumb"},"inLanguage":"es","potentialAction":[{"@type":"ReadAction","target":["https:\/\/lamaneta.com\/web\/como-acertar-que-lampara-necesitamos-por-el-casquillo\/"]}]},{"@type":"ImageObject","inLanguage":"es","@id":"https:\/\/lamaneta.com\/web\/como-acertar-que-lampara-necesitamos-por-el-casquillo\/#primaryimage","url":"https:\/\/lamaneta.com\/web\/wp-content\/uploads\/2013\/09\/100_5601.jpg","contentUrl":"https:\/\/lamaneta.com\/web\/wp-content\/uploads\/2013\/09\/100_5601.jpg","width":600,"height":652},{"@type":"BreadcrumbList","@id":"https:\/\/lamaneta.com\/web\/como-acertar-que-lampara-necesitamos-por-el-casquillo\/#breadcrumb","itemListElement":[{"@type":"ListItem","position":1,"name":"Portada","item":"https:\/\/lamaneta.com\/web\/"},{"@type":"ListItem","position":2,"name":"Como acertar que lampara necesitamos, \u00bfpor el casquillo?."}]},{"@type":"WebSite","@id":"https:\/\/lamaneta.com\/web\/#website","url":"https:\/\/lamaneta.com\/web\/","name":"lamaneta","description":"El portal de la moto antigua y clasica.","potentialAction":[{"@type":"SearchAction","target":{"@type":"EntryPoint","urlTemplate":"https:\/\/lamaneta.com\/web\/?s={search_term_string}"},"query-input":{"@type":"PropertyValueSpecification","valueRequired":true,"valueName":"search_term_string"}}],"inLanguage":"es"},{"@type":"Person","@id":"https:\/\/lamaneta.com\/web\/#\/schema\/person\/697dc5ef912c897beeb5f8f0a0a66f17","name":"Juan Jose","image":{"@type":"ImageObject","inLanguage":"es","@id":"https:\/\/secure.gravatar.com\/avatar\/ebb9560f73b98a413c596b029e5a3a26?s=96&d=mm&r=g","url":"https:\/\/secure.gravatar.com\/avatar\/ebb9560f73b98a413c596b029e5a3a26?s=96&d=mm&r=g","contentUrl":"https:\/\/secure.gravatar.com\/avatar\/ebb9560f73b98a413c596b029e5a3a26?s=96&d=mm&r=g","caption":"Juan Jose"},"sameAs":["http:\/\/www.almacendclasicas.com","www.facebook.com\/almacendclasicas"],"url":"https:\/\/lamaneta.com\/web\/author\/padilla\/"}]}},"_links":{"self":[{"href":"https:\/\/lamaneta.com\/web\/wp-json\/wp\/v2\/posts\/21519","targetHints":{"allow":["GET"]}}],"collection":[{"href":"https:\/\/lamaneta.com\/web\/wp-json\/wp\/v2\/posts"}],"about":[{"href":"https:\/\/lamaneta.com\/web\/wp-json\/wp\/v2\/types\/post"}],"author":[{"embeddable":true,"href":"https:\/\/lamaneta.com\/web\/wp-json\/wp\/v2\/users\/3"}],"replies":[{"embeddable":true,"href":"https:\/\/lamaneta.com\/web\/wp-json\/wp\/v2\/comments?post=21519"}],"version-history":[{"count":0,"href":"https:\/\/lamaneta.com\/web\/wp-json\/wp\/v2\/posts\/21519\/revisions"}],"wp:featuredmedia":[{"embeddable":true,"href":"https:\/\/lamaneta.com\/web\/wp-json\/wp\/v2\/media\/21552"}],"wp:attachment":[{"href":"https:\/\/lamaneta.com\/web\/wp-json\/wp\/v2\/media?parent=21519"}],"wp:term":[{"taxonomy":"category","embeddable":true,"href":"https:\/\/lamaneta.com\/web\/wp-json\/wp\/v2\/categories?post=21519"},{"taxonomy":"post_tag","embeddable":true,"href":"https:\/\/lamaneta.com\/web\/wp-json\/wp\/v2\/tags?post=21519"}],"curies":[{"name":"wp","href":"https:\/\/api.w.org\/{rel}","templated":true}]}}