{"id":21991,"date":"2013-10-08T07:49:31","date_gmt":"2013-10-08T07:49:31","guid":{"rendered":"http:\/\/lamaneta.com\/news\/?p=21991"},"modified":"2013-10-08T07:49:31","modified_gmt":"2013-10-08T07:49:31","slug":"nuevo-modulo-de-avance-variable-cdi-para-encendidos-electronicos-motoplat","status":"publish","type":"post","link":"https:\/\/lamaneta.com\/web\/nuevo-modulo-de-avance-variable-cdi-para-encendidos-electronicos-motoplat\/","title":{"rendered":"Nuevo m\u00f3dulo de Avance Variable CDI para encendidos electr\u00f3nicos Motoplat"},"content":{"rendered":"<div id=\"post-body-6983802258420388694\">\nSupongo que muchos lectores de La Maneta sabr\u00e1n que llevamos casi dos a\u00f1os trabajando para mejorar los encendidos de las motos cl\u00e1sicas espa\u00f1olas, porque durante este tiempo la ayuda que nos ha prestado Ram\u00f3n Ort\u00edz y los compa\u00f1eros del foro ha sido importante para perfeccionar el producto y darnos a conocer.<\/div>\n<div id=\"post-body-6983802258420388694\"><\/div>\n<div id=\"post-body-6983802258420388694\">Precisamente en estos d\u00edas se va a cumplir nuestro primer a\u00f1o como fabricantes en activo, puesto que presentamos RM Lightning durante la pasada Montesada en Tona, y la casualidad ha querido que en estos d\u00edas estemos terminando de poner a punto una serie de nuevos productos que van a ampliar nuestra clientela, extendi\u00e9ndola a las motos que ya ten\u00edan un encendido electr\u00f3nico antiguo.<\/div>\n<div id=\"post-body-6983802258420388694\"><\/div>\n<div id=\"post-body-6983802258420388694\">Por si eso fuera poco, hemos tenido la suerte de contar con una ayuda inesperada en las personas de V\u00edctor y Andr\u00e9s Men\u00e9ndez -m\u00e1s conocidos en el mundillo de las cl\u00e1sicas como \u00ablos Vitale\u00bb- que hace un par de d\u00edas pusieron a nuestra disposici\u00f3n un banco de potencia para poder medir el resultado que da el nuevo producto. Y por si eso fuera poco, nos dejaron para ello una Ossa Mick Andrews R\u00e9plica de 250 cc perfectamente puesta a punto, para que nos sirviera de \u00abm\u00e1quina de contraste\u00bb.<\/div>\n<div id=\"post-body-6983802258420388694\"><\/div>\n<div id=\"post-body-6983802258420388694\">Es decir, que por primera vez hemos tenido la posibilidad de medir cient\u00edficamente el cambio de rendimiento en un motor como consecuencia del uso de uno de nuestros productos. Primera oportunidad de poner en pr\u00e1ctica lo que dec\u00eda Joseph M. Juran uno de los padres de la Gesti\u00f3n de la Calidad cuando afirmaba que lo que no puede ser medido no puede ser mejorado.<\/div>\n<div id=\"post-body-6983802258420388694\"><\/div>\n<div>Como no s\u00e9 si todo el mundo los conoce, aunque asumo que s\u00ed, comento antes de seguir que V\u00edctor y Andr\u00e9s producen en su taller de Mejorada del Campo algunas de las Ossa m\u00e1s competitivas actualmente, tanto en trial como en circuito.<\/div>\n<div><\/div>\n<div>Y la verdad es que disfrut\u00e9 la experiencia de trabajar con ellos. Gente seria, rigurosa, profesional, y que busca respuestas medibles a los problemas con que se enfrentan.<\/div>\n<div><\/div>\n<div>As\u00ed que empezamos la ma\u00f1ana poniendo sobre el banco a la pobre Mick Andrews R\u00e9plica que \u00edbamos a torturar para medir en primer lugar el rendimiento de la moto con la puesta a punto que V\u00edctor le hab\u00eda dejado: 2,25 mm antes del punto muerto superior.<\/div>\n<div><\/div>\n<div><a href=\"https:\/\/lamaneta.com\/web\/wp-content\/uploads\/2013\/10\/Export_001.jpg\"><img loading=\"lazy\" decoding=\"async\" class=\"alignnone size-large wp-image-21994\" alt=\"Export_001\" src=\"https:\/\/lamaneta.com\/web\/wp-content\/uploads\/2013\/10\/Export_001-600x450.jpg\" width=\"600\" height=\"450\" srcset=\"https:\/\/lamaneta.com\/web\/wp-content\/uploads\/2013\/10\/Export_001-600x450.jpg 600w, https:\/\/lamaneta.com\/web\/wp-content\/uploads\/2013\/10\/Export_001-300x225.jpg 300w, https:\/\/lamaneta.com\/web\/wp-content\/uploads\/2013\/10\/Export_001-800x600.jpg 800w, https:\/\/lamaneta.com\/web\/wp-content\/uploads\/2013\/10\/Export_001.jpg 1600w\" sizes=\"auto, (max-width: 600px) 100vw, 600px\" \/><\/a><\/div>\n<div><\/div>\n<div>\nA partir de ah\u00ed, motor arrancado, rueda trasera sobre el rodillo, Andr\u00e9s a los mandos del PC y V\u00edctor sobre la moto, acelerando como si no hubiera un ma\u00f1ana:<\/div>\n<div><\/div>\n<div><a href=\"https:\/\/lamaneta.com\/web\/wp-content\/uploads\/2013\/10\/Export_002.jpg\"><img loading=\"lazy\" decoding=\"async\" class=\"alignnone size-large wp-image-21995\" alt=\"Export_002\" src=\"https:\/\/lamaneta.com\/web\/wp-content\/uploads\/2013\/10\/Export_002-600x450.jpg\" width=\"600\" height=\"450\" srcset=\"https:\/\/lamaneta.com\/web\/wp-content\/uploads\/2013\/10\/Export_002-600x450.jpg 600w, https:\/\/lamaneta.com\/web\/wp-content\/uploads\/2013\/10\/Export_002-300x225.jpg 300w, https:\/\/lamaneta.com\/web\/wp-content\/uploads\/2013\/10\/Export_002-800x600.jpg 800w, https:\/\/lamaneta.com\/web\/wp-content\/uploads\/2013\/10\/Export_002.jpg 1600w\" sizes=\"auto, (max-width: 600px) 100vw, 600px\" \/><\/a><\/div>\n<div><\/div>\n<div>Pero como esta pareja es la leche, despu\u00e9s de haber grabado los datos de potencia y par, antes de seguir adelante, V\u00edctor decidi\u00f3 que lo l\u00f3gico era comprobar con la pistola estrobosc\u00f3pica la puesta a punto est\u00e1tica. Y as\u00ed lo hicimos, comprobando que el avance eran exactamente los 2,25 mm antes de PMS que comentamos antes. Y una vez hecho eso, pusimos nuestro m\u00f3dulo CDI sin cambiar el avance. En la foto siguiente\u00a0pod\u00e9is ver el montaje provisional del nuestro nuevo m\u00f3dulo sobre el manillar de la Mick Andrews. La instalaci\u00f3n, al no requerir de retirada de platinos ni manipulaciones de volante, es rapid\u00edsima.<\/div>\n<div><\/div>\n<div><a href=\"https:\/\/lamaneta.com\/web\/wp-content\/uploads\/2013\/10\/Export_003.jpg\"><img loading=\"lazy\" decoding=\"async\" class=\"alignnone size-large wp-image-21993\" alt=\"Export_003\" src=\"https:\/\/lamaneta.com\/web\/wp-content\/uploads\/2013\/10\/Export_003-450x600.jpg\" width=\"450\" height=\"600\" srcset=\"https:\/\/lamaneta.com\/web\/wp-content\/uploads\/2013\/10\/Export_003-450x600.jpg 450w, https:\/\/lamaneta.com\/web\/wp-content\/uploads\/2013\/10\/Export_003-225x300.jpg 225w, https:\/\/lamaneta.com\/web\/wp-content\/uploads\/2013\/10\/Export_003-800x1066.jpg 800w, https:\/\/lamaneta.com\/web\/wp-content\/uploads\/2013\/10\/Export_003.jpg 1200w\" sizes=\"auto, (max-width: 450px) 100vw, 450px\" \/><\/a><\/div>\n<div><\/div>\n<div>\nPero antes de subirla al banco, quisieron probar qu\u00e9 tal iba sin modificar avance. Y, honestamente, el resultado fue catastr\u00f3fico. La moto iba bastante mal &#8230; como no pod\u00eda ser de otro modo, puesto que la chispa llegaba a saltar &#8230; \u00a1despu\u00e9s del PMS! Una pena, vamos. Pero afortunadamente, despu\u00e9s de ver con la estrobosc\u00f3pica lo mucho que variaba el avance con el m\u00f3dulo conectado, aceptaron que era mejor modificar la puesta a punto est\u00e1tica antes de subirla al banco de nuevo. Y le metimos 5 mm de avance a la buena de la MAR.<\/p>\n<div id=\"post-body-6983802258420388694\"><\/div>\n<p>Acto seguido, moto al banco, gas a fondo y toma de datos. Con un resultado espectacular, que se puede ver en los gr\u00e1ficos siguientes. El primero que os pongo es el de par &#8230;<\/p>\n<div><\/div>\n<div><a href=\"https:\/\/lamaneta.com\/web\/wp-content\/uploads\/2013\/10\/Par-1.jpg\"><img loading=\"lazy\" decoding=\"async\" class=\"alignnone size-large wp-image-21992\" alt=\"Par-1\" src=\"https:\/\/lamaneta.com\/web\/wp-content\/uploads\/2013\/10\/Par-1-600x290.jpg\" width=\"600\" height=\"290\" srcset=\"https:\/\/lamaneta.com\/web\/wp-content\/uploads\/2013\/10\/Par-1-600x290.jpg 600w, https:\/\/lamaneta.com\/web\/wp-content\/uploads\/2013\/10\/Par-1-300x145.jpg 300w, https:\/\/lamaneta.com\/web\/wp-content\/uploads\/2013\/10\/Par-1-800x387.jpg 800w, https:\/\/lamaneta.com\/web\/wp-content\/uploads\/2013\/10\/Par-1.jpg 988w\" sizes=\"auto, (max-width: 600px) 100vw, 600px\" \/><\/a><\/div>\n<div><\/div>\n<div><\/div>\n<\/div>\n<div>&#8230; donde puede apreciarse que la l\u00ednea superior (que es la del m\u00f3dulo CDI) supera en todo r\u00e9gimen el funcionamiento del encendido original, entregando un par m\u00e1s alto y con una curva m\u00e1s plana, id\u00f3nea para una moto de campo.<\/p>\n<div id=\"post-body-6983802258420388694\"><\/div>\n<div id=\"post-body-6983802258420388694\">El siguiente gr\u00e1fico es el de potencia m\u00e1xima &#8230;<\/div>\n<div><\/div>\n<div><a href=\"https:\/\/lamaneta.com\/web\/wp-content\/uploads\/2013\/10\/Potencia-1.jpg\"><img loading=\"lazy\" decoding=\"async\" class=\"alignnone size-large wp-image-21996\" alt=\"Potencia-1\" src=\"https:\/\/lamaneta.com\/web\/wp-content\/uploads\/2013\/10\/Potencia-1-600x290.jpg\" width=\"600\" height=\"290\" srcset=\"https:\/\/lamaneta.com\/web\/wp-content\/uploads\/2013\/10\/Potencia-1-600x290.jpg 600w, https:\/\/lamaneta.com\/web\/wp-content\/uploads\/2013\/10\/Potencia-1-300x145.jpg 300w, https:\/\/lamaneta.com\/web\/wp-content\/uploads\/2013\/10\/Potencia-1-800x387.jpg 800w, https:\/\/lamaneta.com\/web\/wp-content\/uploads\/2013\/10\/Potencia-1.jpg 988w\" sizes=\"auto, (max-width: 600px) 100vw, 600px\" \/><\/a><\/div>\n<div><\/div>\n<div>\n&#8230; que nos muestra c\u00f3mo la moto pasa de 11 a 13 caballos a la rueda, que en porcentaje es un aumento m\u00e1s que significativo. Y adem\u00e1s la ganancia es homog\u00e9nea en todo momento, pese a los 5 mm de avance est\u00e1tico, que nos dejar\u00edan un motor sin bajos, de no haber tenido el avance variable.<\/p>\n<div id=\"post-body-6983802258420388694\"><\/div>\n<div id=\"post-body-6983802258420388694\">Como no pod\u00eda ser de otro modo, hemos dejado uno de los m\u00f3dulos en manos de V\u00edctor y Andr\u00e9s para que hagan pruebas con \u00e9l en los motores de circuito. Y si es necesario hablaremos con ellos para dise\u00f1arles una curva a medida de sus necesidades. Aunque de momento, lo que nos alegra que el banco confirme lo que los pilotos nos vienen diciendo: que la mejora de los motores con estos encendidos no es s\u00f3lo de fiabilidad, sino de rendimiento. Es una recompensa estupenda a tanto esfuerzo como hemos venido haciendo.<\/p>\n<p>Y a efectos de cerrar el c\u00edrculo, comentar que en la Montesada 2013 presentaremos dos m\u00f3dulos para electr\u00f3nico: uno destinado a Impala 2 y otro al resto de los encendidos Motoplat electr\u00f3nicos, que incluye un regulador de corriente que la Impala no necesita.<\/p><\/div>\n<div id=\"post-body-6983802258420388694\"><\/div>\n<div id=\"post-body-6983802258420388694\">Ojal\u00e1 den muchas horas de alegr\u00edas a nuestros clientes.<\/div>\n<div><\/div>\n<div><a href=\"http:\/\/rmlightning.com\"><strong>http:\/\/rmlightning.com<\/strong><\/a><\/div>\n<div><\/div>\n<div><\/div>\n<\/div>\n<\/div>\n","protected":false},"excerpt":{"rendered":"<p>Supongo que muchos lectores de La Maneta sabr\u00e1n que llevamos casi dos a\u00f1os trabajando para mejorar los encendidos de las motos cl\u00e1sicas espa\u00f1olas, porque durante este tiempo la ayuda que nos ha prestado Ram\u00f3n Ort\u00edz y los compa\u00f1eros del foro ha sido importante para perfeccionar el producto y darnos a conocer. Precisamente en estos d\u00edas [&hellip;]<\/p>\n","protected":false},"author":1,"featured_media":21995,"comment_status":"open","ping_status":"open","sticky":false,"template":"","format":"standard","meta":{"footnotes":""},"categories":[346],"tags":[2404,4453,122,4451,4452],"class_list":["post-21991","post","type-post","status-publish","format-standard","has-post-thumbnail","hentry","category-articulos-articulos","tag-encendido","tag-maquinas","tag-ossa","tag-rmlightning-com","tag-vitale"],"yoast_head":"<!-- This site is optimized with the Yoast SEO plugin v27.5 - https:\/\/yoast.com\/product\/yoast-seo-wordpress\/ -->\n<title>Nuevo m\u00f3dulo de Avance Variable CDI para encendidos electr\u00f3nicos Motoplat - lamaneta<\/title>\n<meta name=\"robots\" content=\"index, follow, max-snippet:-1, max-image-preview:large, max-video-preview:-1\" \/>\n<link rel=\"canonical\" href=\"https:\/\/lamaneta.com\/web\/nuevo-modulo-de-avance-variable-cdi-para-encendidos-electronicos-motoplat\/\" \/>\n<meta property=\"og:locale\" content=\"es_ES\" \/>\n<meta property=\"og:type\" content=\"article\" \/>\n<meta property=\"og:title\" content=\"Nuevo m\u00f3dulo de Avance Variable CDI para encendidos electr\u00f3nicos Motoplat - lamaneta\" \/>\n<meta property=\"og:description\" content=\"Supongo que muchos lectores de La Maneta sabr\u00e1n que llevamos casi dos a\u00f1os trabajando para mejorar los encendidos de las motos cl\u00e1sicas espa\u00f1olas, porque durante este tiempo la ayuda que nos ha prestado Ram\u00f3n Ort\u00edz y los compa\u00f1eros del foro ha sido importante para perfeccionar el producto y darnos a conocer. Precisamente en estos d\u00edas [&hellip;]\" \/>\n<meta property=\"og:url\" content=\"https:\/\/lamaneta.com\/web\/nuevo-modulo-de-avance-variable-cdi-para-encendidos-electronicos-motoplat\/\" \/>\n<meta property=\"og:site_name\" content=\"lamaneta\" \/>\n<meta property=\"article:published_time\" content=\"2013-10-08T07:49:31+00:00\" \/>\n<meta property=\"og:image\" content=\"https:\/\/lamaneta.com\/web\/wp-content\/uploads\/2013\/10\/Export_002.jpg\" \/>\n\t<meta property=\"og:image:width\" content=\"1600\" \/>\n\t<meta property=\"og:image:height\" content=\"1200\" \/>\n\t<meta property=\"og:image:type\" content=\"image\/jpeg\" \/>\n<meta name=\"author\" content=\"lamaneta\" \/>\n<meta name=\"twitter:card\" content=\"summary_large_image\" \/>\n<meta name=\"twitter:label1\" content=\"Escrito por\" \/>\n\t<meta name=\"twitter:data1\" content=\"lamaneta\" \/>\n\t<meta name=\"twitter:label2\" content=\"Tiempo de lectura\" \/>\n\t<meta name=\"twitter:data2\" content=\"5 minutos\" \/>\n<script type=\"application\/ld+json\" class=\"yoast-schema-graph\">{\"@context\":\"https:\\\/\\\/schema.org\",\"@graph\":[{\"@type\":\"Article\",\"@id\":\"https:\\\/\\\/lamaneta.com\\\/web\\\/nuevo-modulo-de-avance-variable-cdi-para-encendidos-electronicos-motoplat\\\/#article\",\"isPartOf\":{\"@id\":\"https:\\\/\\\/lamaneta.com\\\/web\\\/nuevo-modulo-de-avance-variable-cdi-para-encendidos-electronicos-motoplat\\\/\"},\"author\":{\"name\":\"lamaneta\",\"@id\":\"https:\\\/\\\/lamaneta.com\\\/web\\\/#\\\/schema\\\/person\\\/6be45709b77bdb9c8487ad333857fec1\"},\"headline\":\"Nuevo m\u00f3dulo de Avance Variable CDI para encendidos electr\u00f3nicos Motoplat\",\"datePublished\":\"2013-10-08T07:49:31+00:00\",\"mainEntityOfPage\":{\"@id\":\"https:\\\/\\\/lamaneta.com\\\/web\\\/nuevo-modulo-de-avance-variable-cdi-para-encendidos-electronicos-motoplat\\\/\"},\"wordCount\":973,\"commentCount\":0,\"image\":{\"@id\":\"https:\\\/\\\/lamaneta.com\\\/web\\\/nuevo-modulo-de-avance-variable-cdi-para-encendidos-electronicos-motoplat\\\/#primaryimage\"},\"thumbnailUrl\":\"https:\\\/\\\/lamaneta.com\\\/web\\\/wp-content\\\/uploads\\\/2013\\\/10\\\/Export_002.jpg\",\"keywords\":[\"encendido\",\"maquinas\",\"ossa\",\"rmlightning.com\",\"vitale\"],\"articleSection\":[\"Articulos\"],\"inLanguage\":\"es\",\"potentialAction\":[{\"@type\":\"CommentAction\",\"name\":\"Comment\",\"target\":[\"https:\\\/\\\/lamaneta.com\\\/web\\\/nuevo-modulo-de-avance-variable-cdi-para-encendidos-electronicos-motoplat\\\/#respond\"]}]},{\"@type\":\"WebPage\",\"@id\":\"https:\\\/\\\/lamaneta.com\\\/web\\\/nuevo-modulo-de-avance-variable-cdi-para-encendidos-electronicos-motoplat\\\/\",\"url\":\"https:\\\/\\\/lamaneta.com\\\/web\\\/nuevo-modulo-de-avance-variable-cdi-para-encendidos-electronicos-motoplat\\\/\",\"name\":\"Nuevo m\u00f3dulo de Avance Variable CDI para encendidos electr\u00f3nicos Motoplat - lamaneta\",\"isPartOf\":{\"@id\":\"https:\\\/\\\/lamaneta.com\\\/web\\\/#website\"},\"primaryImageOfPage\":{\"@id\":\"https:\\\/\\\/lamaneta.com\\\/web\\\/nuevo-modulo-de-avance-variable-cdi-para-encendidos-electronicos-motoplat\\\/#primaryimage\"},\"image\":{\"@id\":\"https:\\\/\\\/lamaneta.com\\\/web\\\/nuevo-modulo-de-avance-variable-cdi-para-encendidos-electronicos-motoplat\\\/#primaryimage\"},\"thumbnailUrl\":\"https:\\\/\\\/lamaneta.com\\\/web\\\/wp-content\\\/uploads\\\/2013\\\/10\\\/Export_002.jpg\",\"datePublished\":\"2013-10-08T07:49:31+00:00\",\"author\":{\"@id\":\"https:\\\/\\\/lamaneta.com\\\/web\\\/#\\\/schema\\\/person\\\/6be45709b77bdb9c8487ad333857fec1\"},\"breadcrumb\":{\"@id\":\"https:\\\/\\\/lamaneta.com\\\/web\\\/nuevo-modulo-de-avance-variable-cdi-para-encendidos-electronicos-motoplat\\\/#breadcrumb\"},\"inLanguage\":\"es\",\"potentialAction\":[{\"@type\":\"ReadAction\",\"target\":[\"https:\\\/\\\/lamaneta.com\\\/web\\\/nuevo-modulo-de-avance-variable-cdi-para-encendidos-electronicos-motoplat\\\/\"]}]},{\"@type\":\"ImageObject\",\"inLanguage\":\"es\",\"@id\":\"https:\\\/\\\/lamaneta.com\\\/web\\\/nuevo-modulo-de-avance-variable-cdi-para-encendidos-electronicos-motoplat\\\/#primaryimage\",\"url\":\"https:\\\/\\\/lamaneta.com\\\/web\\\/wp-content\\\/uploads\\\/2013\\\/10\\\/Export_002.jpg\",\"contentUrl\":\"https:\\\/\\\/lamaneta.com\\\/web\\\/wp-content\\\/uploads\\\/2013\\\/10\\\/Export_002.jpg\",\"width\":1600,\"height\":1200},{\"@type\":\"BreadcrumbList\",\"@id\":\"https:\\\/\\\/lamaneta.com\\\/web\\\/nuevo-modulo-de-avance-variable-cdi-para-encendidos-electronicos-motoplat\\\/#breadcrumb\",\"itemListElement\":[{\"@type\":\"ListItem\",\"position\":1,\"name\":\"Portada\",\"item\":\"https:\\\/\\\/lamaneta.com\\\/web\\\/\"},{\"@type\":\"ListItem\",\"position\":2,\"name\":\"Nuevo m\u00f3dulo de Avance Variable CDI para encendidos electr\u00f3nicos Motoplat\"}]},{\"@type\":\"WebSite\",\"@id\":\"https:\\\/\\\/lamaneta.com\\\/web\\\/#website\",\"url\":\"https:\\\/\\\/lamaneta.com\\\/web\\\/\",\"name\":\"lamaneta\",\"description\":\"El portal de la moto antigua y clasica.\",\"potentialAction\":[{\"@type\":\"SearchAction\",\"target\":{\"@type\":\"EntryPoint\",\"urlTemplate\":\"https:\\\/\\\/lamaneta.com\\\/web\\\/?s={search_term_string}\"},\"query-input\":{\"@type\":\"PropertyValueSpecification\",\"valueRequired\":true,\"valueName\":\"search_term_string\"}}],\"inLanguage\":\"es\"},{\"@type\":\"Person\",\"@id\":\"https:\\\/\\\/lamaneta.com\\\/web\\\/#\\\/schema\\\/person\\\/6be45709b77bdb9c8487ad333857fec1\",\"name\":\"lamaneta\",\"image\":{\"@type\":\"ImageObject\",\"inLanguage\":\"es\",\"@id\":\"https:\\\/\\\/secure.gravatar.com\\\/avatar\\\/6d68c86c57cfb5bc6f330fb377fef5a9?s=96&d=mm&r=g\",\"url\":\"https:\\\/\\\/secure.gravatar.com\\\/avatar\\\/6d68c86c57cfb5bc6f330fb377fef5a9?s=96&d=mm&r=g\",\"contentUrl\":\"https:\\\/\\\/secure.gravatar.com\\\/avatar\\\/6d68c86c57cfb5bc6f330fb377fef5a9?s=96&d=mm&r=g\",\"caption\":\"lamaneta\"},\"url\":\"https:\\\/\\\/lamaneta.com\\\/web\\\/author\\\/lamaneta\\\/\"}]}<\/script>\n<!-- \/ Yoast SEO plugin. -->","yoast_head_json":{"title":"Nuevo m\u00f3dulo de Avance Variable CDI para encendidos electr\u00f3nicos Motoplat - lamaneta","robots":{"index":"index","follow":"follow","max-snippet":"max-snippet:-1","max-image-preview":"max-image-preview:large","max-video-preview":"max-video-preview:-1"},"canonical":"https:\/\/lamaneta.com\/web\/nuevo-modulo-de-avance-variable-cdi-para-encendidos-electronicos-motoplat\/","og_locale":"es_ES","og_type":"article","og_title":"Nuevo m\u00f3dulo de Avance Variable CDI para encendidos electr\u00f3nicos Motoplat - lamaneta","og_description":"Supongo que muchos lectores de La Maneta sabr\u00e1n que llevamos casi dos a\u00f1os trabajando para mejorar los encendidos de las motos cl\u00e1sicas espa\u00f1olas, porque durante este tiempo la ayuda que nos ha prestado Ram\u00f3n Ort\u00edz y los compa\u00f1eros del foro ha sido importante para perfeccionar el producto y darnos a conocer. Precisamente en estos d\u00edas [&hellip;]","og_url":"https:\/\/lamaneta.com\/web\/nuevo-modulo-de-avance-variable-cdi-para-encendidos-electronicos-motoplat\/","og_site_name":"lamaneta","article_published_time":"2013-10-08T07:49:31+00:00","og_image":[{"width":1600,"height":1200,"url":"https:\/\/lamaneta.com\/web\/wp-content\/uploads\/2013\/10\/Export_002.jpg","type":"image\/jpeg"}],"author":"lamaneta","twitter_card":"summary_large_image","twitter_misc":{"Escrito por":"lamaneta","Tiempo de lectura":"5 minutos"},"schema":{"@context":"https:\/\/schema.org","@graph":[{"@type":"Article","@id":"https:\/\/lamaneta.com\/web\/nuevo-modulo-de-avance-variable-cdi-para-encendidos-electronicos-motoplat\/#article","isPartOf":{"@id":"https:\/\/lamaneta.com\/web\/nuevo-modulo-de-avance-variable-cdi-para-encendidos-electronicos-motoplat\/"},"author":{"name":"lamaneta","@id":"https:\/\/lamaneta.com\/web\/#\/schema\/person\/6be45709b77bdb9c8487ad333857fec1"},"headline":"Nuevo m\u00f3dulo de Avance Variable CDI para encendidos electr\u00f3nicos Motoplat","datePublished":"2013-10-08T07:49:31+00:00","mainEntityOfPage":{"@id":"https:\/\/lamaneta.com\/web\/nuevo-modulo-de-avance-variable-cdi-para-encendidos-electronicos-motoplat\/"},"wordCount":973,"commentCount":0,"image":{"@id":"https:\/\/lamaneta.com\/web\/nuevo-modulo-de-avance-variable-cdi-para-encendidos-electronicos-motoplat\/#primaryimage"},"thumbnailUrl":"https:\/\/lamaneta.com\/web\/wp-content\/uploads\/2013\/10\/Export_002.jpg","keywords":["encendido","maquinas","ossa","rmlightning.com","vitale"],"articleSection":["Articulos"],"inLanguage":"es","potentialAction":[{"@type":"CommentAction","name":"Comment","target":["https:\/\/lamaneta.com\/web\/nuevo-modulo-de-avance-variable-cdi-para-encendidos-electronicos-motoplat\/#respond"]}]},{"@type":"WebPage","@id":"https:\/\/lamaneta.com\/web\/nuevo-modulo-de-avance-variable-cdi-para-encendidos-electronicos-motoplat\/","url":"https:\/\/lamaneta.com\/web\/nuevo-modulo-de-avance-variable-cdi-para-encendidos-electronicos-motoplat\/","name":"Nuevo m\u00f3dulo de Avance Variable CDI para encendidos electr\u00f3nicos Motoplat - lamaneta","isPartOf":{"@id":"https:\/\/lamaneta.com\/web\/#website"},"primaryImageOfPage":{"@id":"https:\/\/lamaneta.com\/web\/nuevo-modulo-de-avance-variable-cdi-para-encendidos-electronicos-motoplat\/#primaryimage"},"image":{"@id":"https:\/\/lamaneta.com\/web\/nuevo-modulo-de-avance-variable-cdi-para-encendidos-electronicos-motoplat\/#primaryimage"},"thumbnailUrl":"https:\/\/lamaneta.com\/web\/wp-content\/uploads\/2013\/10\/Export_002.jpg","datePublished":"2013-10-08T07:49:31+00:00","author":{"@id":"https:\/\/lamaneta.com\/web\/#\/schema\/person\/6be45709b77bdb9c8487ad333857fec1"},"breadcrumb":{"@id":"https:\/\/lamaneta.com\/web\/nuevo-modulo-de-avance-variable-cdi-para-encendidos-electronicos-motoplat\/#breadcrumb"},"inLanguage":"es","potentialAction":[{"@type":"ReadAction","target":["https:\/\/lamaneta.com\/web\/nuevo-modulo-de-avance-variable-cdi-para-encendidos-electronicos-motoplat\/"]}]},{"@type":"ImageObject","inLanguage":"es","@id":"https:\/\/lamaneta.com\/web\/nuevo-modulo-de-avance-variable-cdi-para-encendidos-electronicos-motoplat\/#primaryimage","url":"https:\/\/lamaneta.com\/web\/wp-content\/uploads\/2013\/10\/Export_002.jpg","contentUrl":"https:\/\/lamaneta.com\/web\/wp-content\/uploads\/2013\/10\/Export_002.jpg","width":1600,"height":1200},{"@type":"BreadcrumbList","@id":"https:\/\/lamaneta.com\/web\/nuevo-modulo-de-avance-variable-cdi-para-encendidos-electronicos-motoplat\/#breadcrumb","itemListElement":[{"@type":"ListItem","position":1,"name":"Portada","item":"https:\/\/lamaneta.com\/web\/"},{"@type":"ListItem","position":2,"name":"Nuevo m\u00f3dulo de Avance Variable CDI para encendidos electr\u00f3nicos Motoplat"}]},{"@type":"WebSite","@id":"https:\/\/lamaneta.com\/web\/#website","url":"https:\/\/lamaneta.com\/web\/","name":"lamaneta","description":"El portal de la moto antigua y clasica.","potentialAction":[{"@type":"SearchAction","target":{"@type":"EntryPoint","urlTemplate":"https:\/\/lamaneta.com\/web\/?s={search_term_string}"},"query-input":{"@type":"PropertyValueSpecification","valueRequired":true,"valueName":"search_term_string"}}],"inLanguage":"es"},{"@type":"Person","@id":"https:\/\/lamaneta.com\/web\/#\/schema\/person\/6be45709b77bdb9c8487ad333857fec1","name":"lamaneta","image":{"@type":"ImageObject","inLanguage":"es","@id":"https:\/\/secure.gravatar.com\/avatar\/6d68c86c57cfb5bc6f330fb377fef5a9?s=96&d=mm&r=g","url":"https:\/\/secure.gravatar.com\/avatar\/6d68c86c57cfb5bc6f330fb377fef5a9?s=96&d=mm&r=g","contentUrl":"https:\/\/secure.gravatar.com\/avatar\/6d68c86c57cfb5bc6f330fb377fef5a9?s=96&d=mm&r=g","caption":"lamaneta"},"url":"https:\/\/lamaneta.com\/web\/author\/lamaneta\/"}]}},"_links":{"self":[{"href":"https:\/\/lamaneta.com\/web\/wp-json\/wp\/v2\/posts\/21991","targetHints":{"allow":["GET"]}}],"collection":[{"href":"https:\/\/lamaneta.com\/web\/wp-json\/wp\/v2\/posts"}],"about":[{"href":"https:\/\/lamaneta.com\/web\/wp-json\/wp\/v2\/types\/post"}],"author":[{"embeddable":true,"href":"https:\/\/lamaneta.com\/web\/wp-json\/wp\/v2\/users\/1"}],"replies":[{"embeddable":true,"href":"https:\/\/lamaneta.com\/web\/wp-json\/wp\/v2\/comments?post=21991"}],"version-history":[{"count":0,"href":"https:\/\/lamaneta.com\/web\/wp-json\/wp\/v2\/posts\/21991\/revisions"}],"wp:featuredmedia":[{"embeddable":true,"href":"https:\/\/lamaneta.com\/web\/wp-json\/wp\/v2\/media\/21995"}],"wp:attachment":[{"href":"https:\/\/lamaneta.com\/web\/wp-json\/wp\/v2\/media?parent=21991"}],"wp:term":[{"taxonomy":"category","embeddable":true,"href":"https:\/\/lamaneta.com\/web\/wp-json\/wp\/v2\/categories?post=21991"},{"taxonomy":"post_tag","embeddable":true,"href":"https:\/\/lamaneta.com\/web\/wp-json\/wp\/v2\/tags?post=21991"}],"curies":[{"name":"wp","href":"https:\/\/api.w.org\/{rel}","templated":true}]}}