{"id":22411,"date":"2013-10-31T12:39:56","date_gmt":"2013-10-31T12:39:56","guid":{"rendered":"http:\/\/lamaneta.com\/news\/?p=22411"},"modified":"2013-11-02T05:36:30","modified_gmt":"2013-11-02T05:36:30","slug":"viaje-de-lamaneta-al-parque-tecnologico-de-malaga-pta","status":"publish","type":"post","link":"https:\/\/lamaneta.com\/web\/viaje-de-lamaneta-al-parque-tecnologico-de-malaga-pta\/","title":{"rendered":"Viaje de lamaneta al Parque Tecnol\u00f3gico de M\u00e1laga &#8211; PTA"},"content":{"rendered":"<p>Viaje de lamaneta al Parque Tecnol\u00f3gico de M\u00e1laga PTA<\/p>\n<p><a href=\"https:\/\/lamaneta.com\/web\/wp-content\/uploads\/2013\/10\/malaga.jpg\"><img loading=\"lazy\" decoding=\"async\" class=\"alignnone size-large wp-image-22412\" alt=\"malaga\" src=\"https:\/\/lamaneta.com\/web\/wp-content\/uploads\/2013\/10\/malaga-600x450.jpg\" width=\"600\" height=\"450\" srcset=\"https:\/\/lamaneta.com\/web\/wp-content\/uploads\/2013\/10\/malaga-600x450.jpg 600w, https:\/\/lamaneta.com\/web\/wp-content\/uploads\/2013\/10\/malaga-300x225.jpg 300w, https:\/\/lamaneta.com\/web\/wp-content\/uploads\/2013\/10\/malaga-800x600.jpg 800w, https:\/\/lamaneta.com\/web\/wp-content\/uploads\/2013\/10\/malaga.jpg 1600w\" sizes=\"auto, (max-width: 600px) 100vw, 600px\" \/><\/a><\/p>\n<p>La organizaci\u00f3n del PITA me propuso hacer una visita al PTA, y tengo que reconocer que fui un poco por no hacer un feo, y fuera de toda l\u00f3gica me lo pas\u00e9 bien, y ademas aprend\u00ed un mont\u00f3n, aunque esto es achacable a lo poco que s\u00e9 de estos menesteres.<\/p>\n<p>Fuimos en autocar desde Almer\u00eda, un d\u00eda soleado como no pod\u00eda ser de otra manera en M\u00e1laga.<\/p>\n<p><a href=\"https:\/\/lamaneta.com\/web\/wp-content\/uploads\/2013\/10\/DSC_0003.jpg\"><img loading=\"lazy\" decoding=\"async\" class=\"alignnone size-large wp-image-22413\" alt=\"DSC_0003\" src=\"https:\/\/lamaneta.com\/web\/wp-content\/uploads\/2013\/10\/DSC_0003-600x398.jpg\" width=\"600\" height=\"398\" srcset=\"https:\/\/lamaneta.com\/web\/wp-content\/uploads\/2013\/10\/DSC_0003-600x398.jpg 600w, https:\/\/lamaneta.com\/web\/wp-content\/uploads\/2013\/10\/DSC_0003-300x199.jpg 300w, https:\/\/lamaneta.com\/web\/wp-content\/uploads\/2013\/10\/DSC_0003-800x531.jpg 800w, https:\/\/lamaneta.com\/web\/wp-content\/uploads\/2013\/10\/DSC_0003.jpg 1504w\" sizes=\"auto, (max-width: 600px) 100vw, 600px\" \/><\/a><\/p>\n<p>&nbsp;<\/p>\n<p>Al llegar nos dieron la t\u00edpica charla, que por lo general suele ser un ladrillo dif\u00edcil de digerir&#8230; pero no fue as\u00ed,<\/p>\n<p><a href=\"https:\/\/lamaneta.com\/web\/wp-content\/uploads\/2013\/10\/DSC_0005.jpg\"><img loading=\"lazy\" decoding=\"async\" class=\"alignnone size-large wp-image-22414\" alt=\"DSC_0005\" src=\"https:\/\/lamaneta.com\/web\/wp-content\/uploads\/2013\/10\/DSC_0005-600x398.jpg\" width=\"600\" height=\"398\" srcset=\"https:\/\/lamaneta.com\/web\/wp-content\/uploads\/2013\/10\/DSC_0005-600x398.jpg 600w, https:\/\/lamaneta.com\/web\/wp-content\/uploads\/2013\/10\/DSC_0005-300x199.jpg 300w, https:\/\/lamaneta.com\/web\/wp-content\/uploads\/2013\/10\/DSC_0005-800x531.jpg 800w, https:\/\/lamaneta.com\/web\/wp-content\/uploads\/2013\/10\/DSC_0005.jpg 1504w\" sizes=\"auto, (max-width: 600px) 100vw, 600px\" \/><\/a><\/p>\n<p>Me arrepent\u00ed de no llevarme la c\u00e1mara de v\u00eddeo, hubiera estado bien, no fue un discurso memorable, no fue la t\u00edpica arenga, fue algo diferente, un exponer las cosas claras, sacar las virtudes y las miserias de lo que es o no es un parque tecnol\u00f3gico.<\/p>\n<p>Se llama Felipe Romera es el director del PTA. Tiene la cabeza bien amueblada, se le ve\u00eda muy c\u00f3modo hablando, de discurso f\u00e1cil y pausado, daba gusto o\u00edrle&#8230;\u00a0 os pongo un v\u00eddeo de otro evento.<\/p>\n<p>&nbsp;<\/p>\n<p><iframe loading=\"lazy\" src=\"\/\/www.youtube.com\/embed\/Xb8_cnga9lY?list=UUabH0HqEqiABOeiJWeuhvSA\" height=\"360\" width=\"640\" allowfullscreen=\"\" frameborder=\"0\"><\/iframe><\/p>\n<p>Luego en este periplo de luces y sombras terminamos en una incubadora de empresas, donde cada uno present\u00f3 su empresa y en la fase en la que se encontraba. Hab\u00e9is visto esos anuncios raros de la tele que no se sabe muy bien que es lo que venden&#8230;?, vale, pues lo mismo pero con t\u00e9rminos extra\u00f1os y palabras inventadas.<\/p>\n<p><a href=\"https:\/\/lamaneta.com\/web\/wp-content\/uploads\/2013\/10\/DSC_0014.jpg\"><img loading=\"lazy\" decoding=\"async\" class=\"alignnone size-large wp-image-22415\" alt=\"DSC_0014\" src=\"https:\/\/lamaneta.com\/web\/wp-content\/uploads\/2013\/10\/DSC_0014-600x398.jpg\" width=\"600\" height=\"398\" srcset=\"https:\/\/lamaneta.com\/web\/wp-content\/uploads\/2013\/10\/DSC_0014-600x398.jpg 600w, https:\/\/lamaneta.com\/web\/wp-content\/uploads\/2013\/10\/DSC_0014-300x199.jpg 300w, https:\/\/lamaneta.com\/web\/wp-content\/uploads\/2013\/10\/DSC_0014-800x531.jpg 800w, https:\/\/lamaneta.com\/web\/wp-content\/uploads\/2013\/10\/DSC_0014.jpg 1504w\" sizes=\"auto, (max-width: 600px) 100vw, 600px\" \/><\/a><\/p>\n<p>Por suerte al final visitamos Yerbabuena Software, os pongo un v\u00eddeo de uno de ellos explicando lo que venden, no es el que nos dio la charla pero daba gusto o\u00edrlo.<\/p>\n<p>&nbsp;<\/p>\n<p><iframe loading=\"lazy\" src=\"\/\/www.youtube.com\/embed\/hQlVja1gQq8\" height=\"360\" width=\"480\" allowfullscreen=\"\" frameborder=\"0\"><\/iframe><\/p>\n<p>&nbsp;<\/p>\n<p>Esta gente tiene una sucursal en Silicon Valley, venden un producto ya funcionando en Iberoamerica, Espa\u00f1a y ahora empiezan en Estados Unidos, y est\u00e1n en franca expansi\u00f3n&#8230; hablaba claro, no intentaba impresionar, al contrario colocaba cada cosa en su sitio.<\/p>\n<p>Me sorprendi\u00f3 mucho como trataba los fracasos, los vive como experiencias, como ense\u00f1anzas, pero de verdad, hablaba del a\u00f1o que se pas\u00f3 en California intentando vender su producto y la \u00abbofetada\u00bb que se dio, y lo hizo de la misma forma que t\u00fa o yo nos referimos a un curso de alem\u00e1n, pero ademas era de verdad, que no intentaba disfrazar los fracasos como ense\u00f1anzas, vive los fracasos como parte del proceso de aprendizaje.<\/p>\n<p>Dimos un paseo por el PTA en el autocar, y vimos casi todo tipo de empresas, hab\u00eda gente para aburrir, en un solo edificio trabajaban 2.000 personas. Que digo yo que si todos bajan a tomar caf\u00e9 y tostadas la vez la camarera tiene su merito&#8230;<\/p>\n<p>Y al final terminamos comiendo&#8230; como era de esperar&#8230;<\/p>\n<p><a href=\"https:\/\/lamaneta.com\/web\/wp-content\/uploads\/2013\/10\/DSC_0019.jpg\"><img loading=\"lazy\" decoding=\"async\" class=\"alignnone size-large wp-image-22416\" alt=\"DSC_0019\" src=\"https:\/\/lamaneta.com\/web\/wp-content\/uploads\/2013\/10\/DSC_0019-600x398.jpg\" width=\"600\" height=\"398\" srcset=\"https:\/\/lamaneta.com\/web\/wp-content\/uploads\/2013\/10\/DSC_0019-600x398.jpg 600w, https:\/\/lamaneta.com\/web\/wp-content\/uploads\/2013\/10\/DSC_0019-300x199.jpg 300w, https:\/\/lamaneta.com\/web\/wp-content\/uploads\/2013\/10\/DSC_0019-800x531.jpg 800w, https:\/\/lamaneta.com\/web\/wp-content\/uploads\/2013\/10\/DSC_0019.jpg 1504w\" sizes=\"auto, (max-width: 600px) 100vw, 600px\" \/><\/a><\/p>\n<p><a href=\"https:\/\/lamaneta.com\/web\/wp-content\/uploads\/2013\/10\/DSC_0016.jpg\"><img loading=\"lazy\" decoding=\"async\" class=\"alignnone size-large wp-image-22417\" alt=\"DSC_0016\" src=\"https:\/\/lamaneta.com\/web\/wp-content\/uploads\/2013\/10\/DSC_0016-600x398.jpg\" width=\"600\" height=\"398\" srcset=\"https:\/\/lamaneta.com\/web\/wp-content\/uploads\/2013\/10\/DSC_0016-600x398.jpg 600w, https:\/\/lamaneta.com\/web\/wp-content\/uploads\/2013\/10\/DSC_0016-300x199.jpg 300w, https:\/\/lamaneta.com\/web\/wp-content\/uploads\/2013\/10\/DSC_0016-800x531.jpg 800w, https:\/\/lamaneta.com\/web\/wp-content\/uploads\/2013\/10\/DSC_0016.jpg 1504w\" sizes=\"auto, (max-width: 600px) 100vw, 600px\" \/><\/a><\/p>\n<p><a href=\"https:\/\/lamaneta.com\/web\/wp-content\/uploads\/2013\/10\/DSC_0022.jpg\"><img loading=\"lazy\" decoding=\"async\" class=\"alignnone size-large wp-image-22418\" alt=\"DSC_0022\" src=\"https:\/\/lamaneta.com\/web\/wp-content\/uploads\/2013\/10\/DSC_0022-600x398.jpg\" width=\"600\" height=\"398\" srcset=\"https:\/\/lamaneta.com\/web\/wp-content\/uploads\/2013\/10\/DSC_0022-600x398.jpg 600w, https:\/\/lamaneta.com\/web\/wp-content\/uploads\/2013\/10\/DSC_0022-300x199.jpg 300w, https:\/\/lamaneta.com\/web\/wp-content\/uploads\/2013\/10\/DSC_0022-800x531.jpg 800w, https:\/\/lamaneta.com\/web\/wp-content\/uploads\/2013\/10\/DSC_0022.jpg 1504w\" sizes=\"auto, (max-width: 600px) 100vw, 600px\" \/><\/a><\/p>\n<p><strong>Conclusiones:<\/strong><\/p>\n<p>&#8211; El PTA es el parque&#8230; a reventar de empresas, de personas, y con una experiencia que es de envidiar, es el referente.<\/p>\n<p>&#8211; Si a lo largo de tu vida has trabajado en 5 \u00f3 6 empleos, y salirte de uno para ir a otro, no te ha supuesto un trauma, porque lo tiene que ser montar 5 \u00f3 6 empresas, el fracaso es parte del aprendizaje, no es una desgracia, no tiene que ser la causa de tu desdicha.<\/p>\n<p>&#8211; El emprendimiento es como la gonorrea, si estas rodeado de empresas que emprenden, investigan, arriesgan&#8230;..\u00a0 y tienes contacto con ellas, tomas caf\u00e9, te rozas con ellos, al final te contagias de esa impronta.<\/p>\n<p><strong>Y a lamaneta que&#8230;?<\/strong><\/p>\n<p>Pues mucho, el mes que viene entrara a trabajar dos personas nuevas, y lamaneta conocer\u00e1 una nueva etapa. Ya os informar\u00e9.<\/p>\n<p>&nbsp;<\/p>\n<p>&nbsp;<\/p>\n<p>&nbsp;<\/p>\n<p>&nbsp;<\/p>\n","protected":false},"excerpt":{"rendered":"<p>Viaje de lamaneta al Parque Tecnol\u00f3gico de M\u00e1laga PTA La organizaci\u00f3n del PITA me propuso hacer una visita al PTA, y tengo que reconocer que fui un poco por no hacer un feo, y fuera de toda l\u00f3gica me lo pas\u00e9 bien, y ademas aprend\u00ed un mont\u00f3n, aunque esto es achacable a lo poco que [&hellip;]<\/p>\n","protected":false},"author":1,"featured_media":22415,"comment_status":"open","ping_status":"open","sticky":false,"template":"","format":"standard","meta":{"footnotes":""},"categories":[66,3493],"tags":[227,2552,4481],"class_list":["post-22411","post","type-post","status-publish","format-standard","has-post-thumbnail","hentry","category-articulos-breves","category-pita-2","tag-malaga","tag-pita","tag-pta"],"yoast_head":"<!-- This site is optimized with the Yoast SEO plugin v27.5 - https:\/\/yoast.com\/product\/yoast-seo-wordpress\/ -->\n<title>Viaje de lamaneta al Parque Tecnol\u00f3gico de M\u00e1laga - PTA - lamaneta<\/title>\n<meta name=\"robots\" content=\"index, follow, max-snippet:-1, max-image-preview:large, max-video-preview:-1\" \/>\n<link rel=\"canonical\" href=\"https:\/\/lamaneta.com\/web\/viaje-de-lamaneta-al-parque-tecnologico-de-malaga-pta\/\" \/>\n<meta property=\"og:locale\" content=\"es_ES\" \/>\n<meta property=\"og:type\" content=\"article\" \/>\n<meta property=\"og:title\" content=\"Viaje de lamaneta al Parque Tecnol\u00f3gico de M\u00e1laga - PTA - lamaneta\" \/>\n<meta property=\"og:description\" content=\"Viaje de lamaneta al Parque Tecnol\u00f3gico de M\u00e1laga PTA La organizaci\u00f3n del PITA me propuso hacer una visita al PTA, y tengo que reconocer que fui un poco por no hacer un feo, y fuera de toda l\u00f3gica me lo pas\u00e9 bien, y ademas aprend\u00ed un mont\u00f3n, aunque esto es achacable a lo poco que [&hellip;]\" \/>\n<meta property=\"og:url\" content=\"https:\/\/lamaneta.com\/web\/viaje-de-lamaneta-al-parque-tecnologico-de-malaga-pta\/\" \/>\n<meta property=\"og:site_name\" content=\"lamaneta\" \/>\n<meta property=\"article:published_time\" content=\"2013-10-31T12:39:56+00:00\" \/>\n<meta property=\"article:modified_time\" content=\"2013-11-02T05:36:30+00:00\" \/>\n<meta property=\"og:image\" content=\"https:\/\/lamaneta.com\/web\/wp-content\/uploads\/2013\/10\/DSC_0014.jpg\" \/>\n\t<meta property=\"og:image:width\" content=\"1504\" \/>\n\t<meta property=\"og:image:height\" content=\"1000\" \/>\n\t<meta property=\"og:image:type\" content=\"image\/jpeg\" \/>\n<meta name=\"author\" content=\"lamaneta\" \/>\n<meta name=\"twitter:card\" content=\"summary_large_image\" \/>\n<meta name=\"twitter:label1\" content=\"Escrito por\" \/>\n\t<meta name=\"twitter:data1\" content=\"lamaneta\" \/>\n\t<meta name=\"twitter:label2\" content=\"Tiempo de lectura\" \/>\n\t<meta name=\"twitter:data2\" content=\"3 minutos\" \/>\n<script type=\"application\/ld+json\" class=\"yoast-schema-graph\">{\"@context\":\"https:\\\/\\\/schema.org\",\"@graph\":[{\"@type\":\"Article\",\"@id\":\"https:\\\/\\\/lamaneta.com\\\/web\\\/viaje-de-lamaneta-al-parque-tecnologico-de-malaga-pta\\\/#article\",\"isPartOf\":{\"@id\":\"https:\\\/\\\/lamaneta.com\\\/web\\\/viaje-de-lamaneta-al-parque-tecnologico-de-malaga-pta\\\/\"},\"author\":{\"name\":\"lamaneta\",\"@id\":\"https:\\\/\\\/lamaneta.com\\\/web\\\/#\\\/schema\\\/person\\\/6be45709b77bdb9c8487ad333857fec1\"},\"headline\":\"Viaje de lamaneta al Parque Tecnol\u00f3gico de M\u00e1laga &#8211; PTA\",\"datePublished\":\"2013-10-31T12:39:56+00:00\",\"dateModified\":\"2013-11-02T05:36:30+00:00\",\"mainEntityOfPage\":{\"@id\":\"https:\\\/\\\/lamaneta.com\\\/web\\\/viaje-de-lamaneta-al-parque-tecnologico-de-malaga-pta\\\/\"},\"wordCount\":625,\"commentCount\":1,\"image\":{\"@id\":\"https:\\\/\\\/lamaneta.com\\\/web\\\/viaje-de-lamaneta-al-parque-tecnologico-de-malaga-pta\\\/#primaryimage\"},\"thumbnailUrl\":\"https:\\\/\\\/lamaneta.com\\\/web\\\/wp-content\\\/uploads\\\/2013\\\/10\\\/DSC_0014.jpg\",\"keywords\":[\"Malaga\",\"Pita\",\"pta\"],\"articleSection\":[\"Articulos breves\",\"El blog del PITA\"],\"inLanguage\":\"es\",\"potentialAction\":[{\"@type\":\"CommentAction\",\"name\":\"Comment\",\"target\":[\"https:\\\/\\\/lamaneta.com\\\/web\\\/viaje-de-lamaneta-al-parque-tecnologico-de-malaga-pta\\\/#respond\"]}]},{\"@type\":\"WebPage\",\"@id\":\"https:\\\/\\\/lamaneta.com\\\/web\\\/viaje-de-lamaneta-al-parque-tecnologico-de-malaga-pta\\\/\",\"url\":\"https:\\\/\\\/lamaneta.com\\\/web\\\/viaje-de-lamaneta-al-parque-tecnologico-de-malaga-pta\\\/\",\"name\":\"Viaje de lamaneta al Parque Tecnol\u00f3gico de M\u00e1laga - PTA - lamaneta\",\"isPartOf\":{\"@id\":\"https:\\\/\\\/lamaneta.com\\\/web\\\/#website\"},\"primaryImageOfPage\":{\"@id\":\"https:\\\/\\\/lamaneta.com\\\/web\\\/viaje-de-lamaneta-al-parque-tecnologico-de-malaga-pta\\\/#primaryimage\"},\"image\":{\"@id\":\"https:\\\/\\\/lamaneta.com\\\/web\\\/viaje-de-lamaneta-al-parque-tecnologico-de-malaga-pta\\\/#primaryimage\"},\"thumbnailUrl\":\"https:\\\/\\\/lamaneta.com\\\/web\\\/wp-content\\\/uploads\\\/2013\\\/10\\\/DSC_0014.jpg\",\"datePublished\":\"2013-10-31T12:39:56+00:00\",\"dateModified\":\"2013-11-02T05:36:30+00:00\",\"author\":{\"@id\":\"https:\\\/\\\/lamaneta.com\\\/web\\\/#\\\/schema\\\/person\\\/6be45709b77bdb9c8487ad333857fec1\"},\"breadcrumb\":{\"@id\":\"https:\\\/\\\/lamaneta.com\\\/web\\\/viaje-de-lamaneta-al-parque-tecnologico-de-malaga-pta\\\/#breadcrumb\"},\"inLanguage\":\"es\",\"potentialAction\":[{\"@type\":\"ReadAction\",\"target\":[\"https:\\\/\\\/lamaneta.com\\\/web\\\/viaje-de-lamaneta-al-parque-tecnologico-de-malaga-pta\\\/\"]}]},{\"@type\":\"ImageObject\",\"inLanguage\":\"es\",\"@id\":\"https:\\\/\\\/lamaneta.com\\\/web\\\/viaje-de-lamaneta-al-parque-tecnologico-de-malaga-pta\\\/#primaryimage\",\"url\":\"https:\\\/\\\/lamaneta.com\\\/web\\\/wp-content\\\/uploads\\\/2013\\\/10\\\/DSC_0014.jpg\",\"contentUrl\":\"https:\\\/\\\/lamaneta.com\\\/web\\\/wp-content\\\/uploads\\\/2013\\\/10\\\/DSC_0014.jpg\",\"width\":1504,\"height\":1000},{\"@type\":\"BreadcrumbList\",\"@id\":\"https:\\\/\\\/lamaneta.com\\\/web\\\/viaje-de-lamaneta-al-parque-tecnologico-de-malaga-pta\\\/#breadcrumb\",\"itemListElement\":[{\"@type\":\"ListItem\",\"position\":1,\"name\":\"Portada\",\"item\":\"https:\\\/\\\/lamaneta.com\\\/web\\\/\"},{\"@type\":\"ListItem\",\"position\":2,\"name\":\"Viaje de lamaneta al Parque Tecnol\u00f3gico de M\u00e1laga &#8211; PTA\"}]},{\"@type\":\"WebSite\",\"@id\":\"https:\\\/\\\/lamaneta.com\\\/web\\\/#website\",\"url\":\"https:\\\/\\\/lamaneta.com\\\/web\\\/\",\"name\":\"lamaneta\",\"description\":\"El portal de la moto antigua y clasica.\",\"potentialAction\":[{\"@type\":\"SearchAction\",\"target\":{\"@type\":\"EntryPoint\",\"urlTemplate\":\"https:\\\/\\\/lamaneta.com\\\/web\\\/?s={search_term_string}\"},\"query-input\":{\"@type\":\"PropertyValueSpecification\",\"valueRequired\":true,\"valueName\":\"search_term_string\"}}],\"inLanguage\":\"es\"},{\"@type\":\"Person\",\"@id\":\"https:\\\/\\\/lamaneta.com\\\/web\\\/#\\\/schema\\\/person\\\/6be45709b77bdb9c8487ad333857fec1\",\"name\":\"lamaneta\",\"image\":{\"@type\":\"ImageObject\",\"inLanguage\":\"es\",\"@id\":\"https:\\\/\\\/secure.gravatar.com\\\/avatar\\\/6d68c86c57cfb5bc6f330fb377fef5a9?s=96&d=mm&r=g\",\"url\":\"https:\\\/\\\/secure.gravatar.com\\\/avatar\\\/6d68c86c57cfb5bc6f330fb377fef5a9?s=96&d=mm&r=g\",\"contentUrl\":\"https:\\\/\\\/secure.gravatar.com\\\/avatar\\\/6d68c86c57cfb5bc6f330fb377fef5a9?s=96&d=mm&r=g\",\"caption\":\"lamaneta\"},\"url\":\"https:\\\/\\\/lamaneta.com\\\/web\\\/author\\\/lamaneta\\\/\"}]}<\/script>\n<!-- \/ Yoast SEO plugin. -->","yoast_head_json":{"title":"Viaje de lamaneta al Parque Tecnol\u00f3gico de M\u00e1laga - PTA - lamaneta","robots":{"index":"index","follow":"follow","max-snippet":"max-snippet:-1","max-image-preview":"max-image-preview:large","max-video-preview":"max-video-preview:-1"},"canonical":"https:\/\/lamaneta.com\/web\/viaje-de-lamaneta-al-parque-tecnologico-de-malaga-pta\/","og_locale":"es_ES","og_type":"article","og_title":"Viaje de lamaneta al Parque Tecnol\u00f3gico de M\u00e1laga - PTA - lamaneta","og_description":"Viaje de lamaneta al Parque Tecnol\u00f3gico de M\u00e1laga PTA La organizaci\u00f3n del PITA me propuso hacer una visita al PTA, y tengo que reconocer que fui un poco por no hacer un feo, y fuera de toda l\u00f3gica me lo pas\u00e9 bien, y ademas aprend\u00ed un mont\u00f3n, aunque esto es achacable a lo poco que [&hellip;]","og_url":"https:\/\/lamaneta.com\/web\/viaje-de-lamaneta-al-parque-tecnologico-de-malaga-pta\/","og_site_name":"lamaneta","article_published_time":"2013-10-31T12:39:56+00:00","article_modified_time":"2013-11-02T05:36:30+00:00","og_image":[{"width":1504,"height":1000,"url":"https:\/\/lamaneta.com\/web\/wp-content\/uploads\/2013\/10\/DSC_0014.jpg","type":"image\/jpeg"}],"author":"lamaneta","twitter_card":"summary_large_image","twitter_misc":{"Escrito por":"lamaneta","Tiempo de lectura":"3 minutos"},"schema":{"@context":"https:\/\/schema.org","@graph":[{"@type":"Article","@id":"https:\/\/lamaneta.com\/web\/viaje-de-lamaneta-al-parque-tecnologico-de-malaga-pta\/#article","isPartOf":{"@id":"https:\/\/lamaneta.com\/web\/viaje-de-lamaneta-al-parque-tecnologico-de-malaga-pta\/"},"author":{"name":"lamaneta","@id":"https:\/\/lamaneta.com\/web\/#\/schema\/person\/6be45709b77bdb9c8487ad333857fec1"},"headline":"Viaje de lamaneta al Parque Tecnol\u00f3gico de M\u00e1laga &#8211; PTA","datePublished":"2013-10-31T12:39:56+00:00","dateModified":"2013-11-02T05:36:30+00:00","mainEntityOfPage":{"@id":"https:\/\/lamaneta.com\/web\/viaje-de-lamaneta-al-parque-tecnologico-de-malaga-pta\/"},"wordCount":625,"commentCount":1,"image":{"@id":"https:\/\/lamaneta.com\/web\/viaje-de-lamaneta-al-parque-tecnologico-de-malaga-pta\/#primaryimage"},"thumbnailUrl":"https:\/\/lamaneta.com\/web\/wp-content\/uploads\/2013\/10\/DSC_0014.jpg","keywords":["Malaga","Pita","pta"],"articleSection":["Articulos breves","El blog del PITA"],"inLanguage":"es","potentialAction":[{"@type":"CommentAction","name":"Comment","target":["https:\/\/lamaneta.com\/web\/viaje-de-lamaneta-al-parque-tecnologico-de-malaga-pta\/#respond"]}]},{"@type":"WebPage","@id":"https:\/\/lamaneta.com\/web\/viaje-de-lamaneta-al-parque-tecnologico-de-malaga-pta\/","url":"https:\/\/lamaneta.com\/web\/viaje-de-lamaneta-al-parque-tecnologico-de-malaga-pta\/","name":"Viaje de lamaneta al Parque Tecnol\u00f3gico de M\u00e1laga - PTA - lamaneta","isPartOf":{"@id":"https:\/\/lamaneta.com\/web\/#website"},"primaryImageOfPage":{"@id":"https:\/\/lamaneta.com\/web\/viaje-de-lamaneta-al-parque-tecnologico-de-malaga-pta\/#primaryimage"},"image":{"@id":"https:\/\/lamaneta.com\/web\/viaje-de-lamaneta-al-parque-tecnologico-de-malaga-pta\/#primaryimage"},"thumbnailUrl":"https:\/\/lamaneta.com\/web\/wp-content\/uploads\/2013\/10\/DSC_0014.jpg","datePublished":"2013-10-31T12:39:56+00:00","dateModified":"2013-11-02T05:36:30+00:00","author":{"@id":"https:\/\/lamaneta.com\/web\/#\/schema\/person\/6be45709b77bdb9c8487ad333857fec1"},"breadcrumb":{"@id":"https:\/\/lamaneta.com\/web\/viaje-de-lamaneta-al-parque-tecnologico-de-malaga-pta\/#breadcrumb"},"inLanguage":"es","potentialAction":[{"@type":"ReadAction","target":["https:\/\/lamaneta.com\/web\/viaje-de-lamaneta-al-parque-tecnologico-de-malaga-pta\/"]}]},{"@type":"ImageObject","inLanguage":"es","@id":"https:\/\/lamaneta.com\/web\/viaje-de-lamaneta-al-parque-tecnologico-de-malaga-pta\/#primaryimage","url":"https:\/\/lamaneta.com\/web\/wp-content\/uploads\/2013\/10\/DSC_0014.jpg","contentUrl":"https:\/\/lamaneta.com\/web\/wp-content\/uploads\/2013\/10\/DSC_0014.jpg","width":1504,"height":1000},{"@type":"BreadcrumbList","@id":"https:\/\/lamaneta.com\/web\/viaje-de-lamaneta-al-parque-tecnologico-de-malaga-pta\/#breadcrumb","itemListElement":[{"@type":"ListItem","position":1,"name":"Portada","item":"https:\/\/lamaneta.com\/web\/"},{"@type":"ListItem","position":2,"name":"Viaje de lamaneta al Parque Tecnol\u00f3gico de M\u00e1laga &#8211; PTA"}]},{"@type":"WebSite","@id":"https:\/\/lamaneta.com\/web\/#website","url":"https:\/\/lamaneta.com\/web\/","name":"lamaneta","description":"El portal de la moto antigua y clasica.","potentialAction":[{"@type":"SearchAction","target":{"@type":"EntryPoint","urlTemplate":"https:\/\/lamaneta.com\/web\/?s={search_term_string}"},"query-input":{"@type":"PropertyValueSpecification","valueRequired":true,"valueName":"search_term_string"}}],"inLanguage":"es"},{"@type":"Person","@id":"https:\/\/lamaneta.com\/web\/#\/schema\/person\/6be45709b77bdb9c8487ad333857fec1","name":"lamaneta","image":{"@type":"ImageObject","inLanguage":"es","@id":"https:\/\/secure.gravatar.com\/avatar\/6d68c86c57cfb5bc6f330fb377fef5a9?s=96&d=mm&r=g","url":"https:\/\/secure.gravatar.com\/avatar\/6d68c86c57cfb5bc6f330fb377fef5a9?s=96&d=mm&r=g","contentUrl":"https:\/\/secure.gravatar.com\/avatar\/6d68c86c57cfb5bc6f330fb377fef5a9?s=96&d=mm&r=g","caption":"lamaneta"},"url":"https:\/\/lamaneta.com\/web\/author\/lamaneta\/"}]}},"_links":{"self":[{"href":"https:\/\/lamaneta.com\/web\/wp-json\/wp\/v2\/posts\/22411","targetHints":{"allow":["GET"]}}],"collection":[{"href":"https:\/\/lamaneta.com\/web\/wp-json\/wp\/v2\/posts"}],"about":[{"href":"https:\/\/lamaneta.com\/web\/wp-json\/wp\/v2\/types\/post"}],"author":[{"embeddable":true,"href":"https:\/\/lamaneta.com\/web\/wp-json\/wp\/v2\/users\/1"}],"replies":[{"embeddable":true,"href":"https:\/\/lamaneta.com\/web\/wp-json\/wp\/v2\/comments?post=22411"}],"version-history":[{"count":0,"href":"https:\/\/lamaneta.com\/web\/wp-json\/wp\/v2\/posts\/22411\/revisions"}],"wp:featuredmedia":[{"embeddable":true,"href":"https:\/\/lamaneta.com\/web\/wp-json\/wp\/v2\/media\/22415"}],"wp:attachment":[{"href":"https:\/\/lamaneta.com\/web\/wp-json\/wp\/v2\/media?parent=22411"}],"wp:term":[{"taxonomy":"category","embeddable":true,"href":"https:\/\/lamaneta.com\/web\/wp-json\/wp\/v2\/categories?post=22411"},{"taxonomy":"post_tag","embeddable":true,"href":"https:\/\/lamaneta.com\/web\/wp-json\/wp\/v2\/tags?post=22411"}],"curies":[{"name":"wp","href":"https:\/\/api.w.org\/{rel}","templated":true}]}}