{"id":23231,"date":"2014-05-29T17:23:09","date_gmt":"2014-05-29T17:23:09","guid":{"rendered":"http:\/\/lamaneta.com\/news\/?p=23231"},"modified":"2014-07-21T20:20:57","modified_gmt":"2014-07-21T20:20:57","slug":"la-fundacion-voces-en-colaboracion-con-el-festival-mulafest-pone-en-marcha-la-iniciativa-somos-motores-para-el-cambio-necesitamos-tu-vespa","status":"publish","type":"post","link":"https:\/\/lamaneta.com\/web\/la-fundacion-voces-en-colaboracion-con-el-festival-mulafest-pone-en-marcha-la-iniciativa-somos-motores-para-el-cambio-necesitamos-tu-vespa\/","title":{"rendered":"LA FUNDACI\u00d3N VOCES EN COLABORACI\u00d3N CON EL FESTIVAL MULAFEST PONE EN MARCHA LA INICIATIVA \u201cSOMOS MOTORES PARA EL CAMBIO: NECESITAMOS TU VESPA\u201d"},"content":{"rendered":"<p style=\"margin-bottom: 0.28cm;\"><b>Esta campa\u00f1a solidaria persigue conseguir Vespas para ser intervenidas durante el Festival MULAFEST por reconocidos artistas urbanos.<\/b><\/p>\n<p style=\"margin-bottom: 0.28cm;\"><b>Las Vespas intervenidas saldr\u00e1n a subasta al t\u00e9rmino del Festival MULAFEST y todos los beneficios que se recauden ir\u00e1n destinados a los proyectos de VOCES en Espa\u00f1a, Marruecos y Mali.<\/b><\/p>\n<p style=\"margin-bottom: 0.28cm;\"><a href=\"https:\/\/lamaneta.com\/web\/wp-content\/uploads\/2014\/05\/Fotos-vespas.jpg\"><img loading=\"lazy\" decoding=\"async\" class=\"alignnone size-large wp-image-23234\" src=\"https:\/\/lamaneta.com\/web\/wp-content\/uploads\/2014\/05\/Fotos-vespas-600x307.jpg\" alt=\"Fotos vespas\" width=\"600\" height=\"307\" srcset=\"https:\/\/lamaneta.com\/web\/wp-content\/uploads\/2014\/05\/Fotos-vespas-600x307.jpg 600w, https:\/\/lamaneta.com\/web\/wp-content\/uploads\/2014\/05\/Fotos-vespas-300x153.jpg 300w, https:\/\/lamaneta.com\/web\/wp-content\/uploads\/2014\/05\/Fotos-vespas.jpg 1024w\" sizes=\"auto, (max-width: 600px) 100vw, 600px\" \/><\/a><\/p>\n<p style=\"margin-bottom: 0.28cm;\" align=\"JUSTIFY\">Mediante la iniciativa \u201cSomos motores para el cambio: Necesitamos tu Vespa\u201d, la Fundaci\u00f3n VOCES y el Festival de tendencias urbanas MULAFEST se unen para trabajar conjuntamente en la construcci\u00f3n de un mundo mejor a trav\u00e9s de la cultura y la creatividad.<\/p>\n<p style=\"margin-bottom: 0.28cm;\" align=\"JUSTIFY\">VOCES ha estado presente en el MULAFEST desde el nacimiento del Festival en el a\u00f1o 2012. Desde entonces han colaborado estrechamente y este a\u00f1o han decidido dar un paso m\u00e1s iniciando este proyecto: \u201cSomos motores para el cambio\u201d. Un proceso que se inicia con una campa\u00f1a: \u201cNecesitamos tu vespa\u201d para conseguir la donaci\u00f3n de esa vespa que tienes en el garage desde hace tanto tiempo, la vespa que ya no usas, esa vespa que puede tener una segunda oportunidad formando parte de un proyecto como este. Todas las Vespas conseguidas ser\u00e1n restauradas y puestas en uso; y ser\u00e1n intervenidas por artistas de gran reconocimiento durante MULAFEST 2014, para posteriormente subastarlas y conseguir fondos para ayudar a los proyectos de la Fundaci\u00f3n VOCES que lucha contra la pobreza y la exclusi\u00f3n social a trav\u00e9s de la cultura y la creatividad.<\/p>\n<p style=\"margin-bottom: 0.28cm;\" align=\"JUSTIFY\"><img loading=\"lazy\" decoding=\"async\" class=\"alignnone size-large wp-image-23236\" src=\"https:\/\/lamaneta.com\/web\/wp-content\/uploads\/2014\/05\/DSC_00101-600x400.jpg\" alt=\"DSC_0010\" width=\"600\" height=\"400\" srcset=\"https:\/\/lamaneta.com\/web\/wp-content\/uploads\/2014\/05\/DSC_00101-600x400.jpg 600w, https:\/\/lamaneta.com\/web\/wp-content\/uploads\/2014\/05\/DSC_00101-300x200.jpg 300w, https:\/\/lamaneta.com\/web\/wp-content\/uploads\/2014\/05\/DSC_00101-1024x682.jpg 1024w, https:\/\/lamaneta.com\/web\/wp-content\/uploads\/2014\/05\/DSC_00101.jpg 1200w\" sizes=\"auto, (max-width: 600px) 100vw, 600px\" \/><\/p>\n<p style=\"margin-bottom: 0.28cm;\" align=\"JUSTIFY\">MULAFEST 2014 acoger\u00e1 un espacio de 200 m2, dedicado \u00edntegramente a VOCES, donde se intervendr\u00e1n estas piezas recuperadas de los garajes m\u00e1s rec\u00f3nditos, convirti\u00e9ndolas en objetos \u00fanicos de colecci\u00f3n, bajo la atenta mirada de los m\u00e1s de 40.000 visitantes del Festival. En paralelo, se expondr\u00e1n los proyectos solidarios de la Fundaci\u00f3n en Espa\u00f1a, Marruecos y Mali a los que ir\u00e1n destinados los fondos de la subasta.<\/p>\n<p style=\"margin-bottom: 0.28cm;\" align=\"JUSTIFY\"><a href=\"https:\/\/lamaneta.com\/web\/wp-content\/uploads\/2014\/05\/foto0013.jpg\"><img loading=\"lazy\" decoding=\"async\" class=\"alignnone size-large wp-image-23237\" src=\"https:\/\/lamaneta.com\/web\/wp-content\/uploads\/2014\/05\/foto0013-600x400.jpg\" alt=\"foto001\" width=\"600\" height=\"400\" srcset=\"https:\/\/lamaneta.com\/web\/wp-content\/uploads\/2014\/05\/foto0013-600x400.jpg 600w, https:\/\/lamaneta.com\/web\/wp-content\/uploads\/2014\/05\/foto0013-300x200.jpg 300w, https:\/\/lamaneta.com\/web\/wp-content\/uploads\/2014\/05\/foto0013-1024x682.jpg 1024w, https:\/\/lamaneta.com\/web\/wp-content\/uploads\/2014\/05\/foto0013.jpg 1200w\" sizes=\"auto, (max-width: 600px) 100vw, 600px\" \/><\/a><\/p>\n<p style=\"margin-bottom: 0.28cm;\" align=\"JUSTIFY\">Varios artistas ya se han unido a la campa\u00f1a. \u201cSomos motores para el cambio\u201d como Santi Mill\u00e1n, y el fot\u00f3grafo y artista gr\u00e1fico Antonio Merinero. <a href=\"http:\/\/youtu.be\/aTUx4UicQ2A\">http:\/\/youtu.be\/aTUx4UicQ2A<\/a><\/p>\n<p style=\"margin-bottom: 0.28cm;\" align=\"JUSTIFY\">Toda la informaci\u00f3n sobre la campa\u00f1a y las distintas formas de colaborar se puede encontrar en la p\u00e1gina web de la Fundaci\u00f3n <a href=\"http:\/\/www.voces.org.es\">www.voces.org.es<\/a> Para donar tu vespa escribe a <a href=\"mailto:c.alvarezdemon@voces.org.es\">c.alvarezdemon@voces.org.es<\/a> <span style=\"color: #00000a;\"><span style=\"text-decoration: none;\">tambi\u00e9n puedes llamar al 672277766<\/span><\/span><\/p>\n","protected":false},"excerpt":{"rendered":"<p>Esta campa\u00f1a solidaria persigue conseguir Vespas para ser intervenidas durante el Festival MULAFEST por reconocidos artistas urbanos. Las Vespas intervenidas saldr\u00e1n a subasta al t\u00e9rmino del Festival MULAFEST y todos los beneficios que se recauden ir\u00e1n destinados a los proyectos de VOCES en Espa\u00f1a, Marruecos y Mali. Mediante la iniciativa \u201cSomos motores para el cambio: [&hellip;]<\/p>\n","protected":false},"author":1,"featured_media":23234,"comment_status":"open","ping_status":"open","sticky":false,"template":"","format":"standard","meta":{"footnotes":""},"categories":[66],"tags":[129],"class_list":["post-23231","post","type-post","status-publish","format-standard","has-post-thumbnail","hentry","category-articulos-breves","tag-vespa"],"yoast_head":"<!-- This site is optimized with the Yoast SEO plugin v27.5 - https:\/\/yoast.com\/product\/yoast-seo-wordpress\/ -->\n<title>LA FUNDACI\u00d3N VOCES EN COLABORACI\u00d3N CON EL FESTIVAL MULAFEST PONE EN MARCHA LA INICIATIVA \u201cSOMOS MOTORES PARA EL CAMBIO: NECESITAMOS TU VESPA\u201d - lamaneta<\/title>\n<meta name=\"robots\" content=\"index, follow, max-snippet:-1, max-image-preview:large, max-video-preview:-1\" \/>\n<link rel=\"canonical\" href=\"https:\/\/lamaneta.com\/web\/la-fundacion-voces-en-colaboracion-con-el-festival-mulafest-pone-en-marcha-la-iniciativa-somos-motores-para-el-cambio-necesitamos-tu-vespa\/\" \/>\n<meta property=\"og:locale\" content=\"es_ES\" \/>\n<meta property=\"og:type\" content=\"article\" \/>\n<meta property=\"og:title\" content=\"LA FUNDACI\u00d3N VOCES EN COLABORACI\u00d3N CON EL FESTIVAL MULAFEST PONE EN MARCHA LA INICIATIVA \u201cSOMOS MOTORES PARA EL CAMBIO: NECESITAMOS TU VESPA\u201d - lamaneta\" \/>\n<meta property=\"og:description\" content=\"Esta campa\u00f1a solidaria persigue conseguir Vespas para ser intervenidas durante el Festival MULAFEST por reconocidos artistas urbanos. Las Vespas intervenidas saldr\u00e1n a subasta al t\u00e9rmino del Festival MULAFEST y todos los beneficios que se recauden ir\u00e1n destinados a los proyectos de VOCES en Espa\u00f1a, Marruecos y Mali. Mediante la iniciativa \u201cSomos motores para el cambio: [&hellip;]\" \/>\n<meta property=\"og:url\" content=\"https:\/\/lamaneta.com\/web\/la-fundacion-voces-en-colaboracion-con-el-festival-mulafest-pone-en-marcha-la-iniciativa-somos-motores-para-el-cambio-necesitamos-tu-vespa\/\" \/>\n<meta property=\"og:site_name\" content=\"lamaneta\" \/>\n<meta property=\"article:published_time\" content=\"2014-05-29T17:23:09+00:00\" \/>\n<meta property=\"article:modified_time\" content=\"2014-07-21T20:20:57+00:00\" \/>\n<meta property=\"og:image\" content=\"https:\/\/lamaneta.com\/web\/wp-content\/uploads\/2014\/05\/Fotos-vespas.jpg\" \/>\n\t<meta property=\"og:image:width\" content=\"1024\" \/>\n\t<meta property=\"og:image:height\" content=\"524\" \/>\n\t<meta property=\"og:image:type\" content=\"image\/jpeg\" \/>\n<meta name=\"author\" content=\"lamaneta\" \/>\n<meta name=\"twitter:card\" content=\"summary_large_image\" \/>\n<meta name=\"twitter:label1\" content=\"Escrito por\" \/>\n\t<meta name=\"twitter:data1\" content=\"lamaneta\" \/>\n\t<meta name=\"twitter:label2\" content=\"Tiempo de lectura\" \/>\n\t<meta name=\"twitter:data2\" content=\"2 minutos\" \/>\n<script type=\"application\/ld+json\" class=\"yoast-schema-graph\">{\"@context\":\"https:\\\/\\\/schema.org\",\"@graph\":[{\"@type\":\"Article\",\"@id\":\"https:\\\/\\\/lamaneta.com\\\/web\\\/la-fundacion-voces-en-colaboracion-con-el-festival-mulafest-pone-en-marcha-la-iniciativa-somos-motores-para-el-cambio-necesitamos-tu-vespa\\\/#article\",\"isPartOf\":{\"@id\":\"https:\\\/\\\/lamaneta.com\\\/web\\\/la-fundacion-voces-en-colaboracion-con-el-festival-mulafest-pone-en-marcha-la-iniciativa-somos-motores-para-el-cambio-necesitamos-tu-vespa\\\/\"},\"author\":{\"name\":\"lamaneta\",\"@id\":\"https:\\\/\\\/lamaneta.com\\\/web\\\/#\\\/schema\\\/person\\\/6be45709b77bdb9c8487ad333857fec1\"},\"headline\":\"LA FUNDACI\u00d3N VOCES EN COLABORACI\u00d3N CON EL FESTIVAL MULAFEST PONE EN MARCHA LA INICIATIVA \u201cSOMOS MOTORES PARA EL CAMBIO: NECESITAMOS TU VESPA\u201d\",\"datePublished\":\"2014-05-29T17:23:09+00:00\",\"dateModified\":\"2014-07-21T20:20:57+00:00\",\"mainEntityOfPage\":{\"@id\":\"https:\\\/\\\/lamaneta.com\\\/web\\\/la-fundacion-voces-en-colaboracion-con-el-festival-mulafest-pone-en-marcha-la-iniciativa-somos-motores-para-el-cambio-necesitamos-tu-vespa\\\/\"},\"wordCount\":421,\"commentCount\":0,\"image\":{\"@id\":\"https:\\\/\\\/lamaneta.com\\\/web\\\/la-fundacion-voces-en-colaboracion-con-el-festival-mulafest-pone-en-marcha-la-iniciativa-somos-motores-para-el-cambio-necesitamos-tu-vespa\\\/#primaryimage\"},\"thumbnailUrl\":\"https:\\\/\\\/lamaneta.com\\\/web\\\/wp-content\\\/uploads\\\/2014\\\/05\\\/Fotos-vespas.jpg\",\"keywords\":[\"Vespa\"],\"articleSection\":[\"Articulos breves\"],\"inLanguage\":\"es\",\"potentialAction\":[{\"@type\":\"CommentAction\",\"name\":\"Comment\",\"target\":[\"https:\\\/\\\/lamaneta.com\\\/web\\\/la-fundacion-voces-en-colaboracion-con-el-festival-mulafest-pone-en-marcha-la-iniciativa-somos-motores-para-el-cambio-necesitamos-tu-vespa\\\/#respond\"]}]},{\"@type\":\"WebPage\",\"@id\":\"https:\\\/\\\/lamaneta.com\\\/web\\\/la-fundacion-voces-en-colaboracion-con-el-festival-mulafest-pone-en-marcha-la-iniciativa-somos-motores-para-el-cambio-necesitamos-tu-vespa\\\/\",\"url\":\"https:\\\/\\\/lamaneta.com\\\/web\\\/la-fundacion-voces-en-colaboracion-con-el-festival-mulafest-pone-en-marcha-la-iniciativa-somos-motores-para-el-cambio-necesitamos-tu-vespa\\\/\",\"name\":\"LA FUNDACI\u00d3N VOCES EN COLABORACI\u00d3N CON EL FESTIVAL MULAFEST PONE EN MARCHA LA INICIATIVA \u201cSOMOS MOTORES PARA EL CAMBIO: NECESITAMOS TU VESPA\u201d - lamaneta\",\"isPartOf\":{\"@id\":\"https:\\\/\\\/lamaneta.com\\\/web\\\/#website\"},\"primaryImageOfPage\":{\"@id\":\"https:\\\/\\\/lamaneta.com\\\/web\\\/la-fundacion-voces-en-colaboracion-con-el-festival-mulafest-pone-en-marcha-la-iniciativa-somos-motores-para-el-cambio-necesitamos-tu-vespa\\\/#primaryimage\"},\"image\":{\"@id\":\"https:\\\/\\\/lamaneta.com\\\/web\\\/la-fundacion-voces-en-colaboracion-con-el-festival-mulafest-pone-en-marcha-la-iniciativa-somos-motores-para-el-cambio-necesitamos-tu-vespa\\\/#primaryimage\"},\"thumbnailUrl\":\"https:\\\/\\\/lamaneta.com\\\/web\\\/wp-content\\\/uploads\\\/2014\\\/05\\\/Fotos-vespas.jpg\",\"datePublished\":\"2014-05-29T17:23:09+00:00\",\"dateModified\":\"2014-07-21T20:20:57+00:00\",\"author\":{\"@id\":\"https:\\\/\\\/lamaneta.com\\\/web\\\/#\\\/schema\\\/person\\\/6be45709b77bdb9c8487ad333857fec1\"},\"breadcrumb\":{\"@id\":\"https:\\\/\\\/lamaneta.com\\\/web\\\/la-fundacion-voces-en-colaboracion-con-el-festival-mulafest-pone-en-marcha-la-iniciativa-somos-motores-para-el-cambio-necesitamos-tu-vespa\\\/#breadcrumb\"},\"inLanguage\":\"es\",\"potentialAction\":[{\"@type\":\"ReadAction\",\"target\":[\"https:\\\/\\\/lamaneta.com\\\/web\\\/la-fundacion-voces-en-colaboracion-con-el-festival-mulafest-pone-en-marcha-la-iniciativa-somos-motores-para-el-cambio-necesitamos-tu-vespa\\\/\"]}]},{\"@type\":\"ImageObject\",\"inLanguage\":\"es\",\"@id\":\"https:\\\/\\\/lamaneta.com\\\/web\\\/la-fundacion-voces-en-colaboracion-con-el-festival-mulafest-pone-en-marcha-la-iniciativa-somos-motores-para-el-cambio-necesitamos-tu-vespa\\\/#primaryimage\",\"url\":\"https:\\\/\\\/lamaneta.com\\\/web\\\/wp-content\\\/uploads\\\/2014\\\/05\\\/Fotos-vespas.jpg\",\"contentUrl\":\"https:\\\/\\\/lamaneta.com\\\/web\\\/wp-content\\\/uploads\\\/2014\\\/05\\\/Fotos-vespas.jpg\",\"width\":1024,\"height\":524},{\"@type\":\"BreadcrumbList\",\"@id\":\"https:\\\/\\\/lamaneta.com\\\/web\\\/la-fundacion-voces-en-colaboracion-con-el-festival-mulafest-pone-en-marcha-la-iniciativa-somos-motores-para-el-cambio-necesitamos-tu-vespa\\\/#breadcrumb\",\"itemListElement\":[{\"@type\":\"ListItem\",\"position\":1,\"name\":\"Portada\",\"item\":\"https:\\\/\\\/lamaneta.com\\\/web\\\/\"},{\"@type\":\"ListItem\",\"position\":2,\"name\":\"LA FUNDACI\u00d3N VOCES EN COLABORACI\u00d3N CON EL FESTIVAL MULAFEST PONE EN MARCHA LA INICIATIVA \u201cSOMOS MOTORES PARA EL CAMBIO: NECESITAMOS TU VESPA\u201d\"}]},{\"@type\":\"WebSite\",\"@id\":\"https:\\\/\\\/lamaneta.com\\\/web\\\/#website\",\"url\":\"https:\\\/\\\/lamaneta.com\\\/web\\\/\",\"name\":\"lamaneta\",\"description\":\"El portal de la moto antigua y clasica.\",\"potentialAction\":[{\"@type\":\"SearchAction\",\"target\":{\"@type\":\"EntryPoint\",\"urlTemplate\":\"https:\\\/\\\/lamaneta.com\\\/web\\\/?s={search_term_string}\"},\"query-input\":{\"@type\":\"PropertyValueSpecification\",\"valueRequired\":true,\"valueName\":\"search_term_string\"}}],\"inLanguage\":\"es\"},{\"@type\":\"Person\",\"@id\":\"https:\\\/\\\/lamaneta.com\\\/web\\\/#\\\/schema\\\/person\\\/6be45709b77bdb9c8487ad333857fec1\",\"name\":\"lamaneta\",\"image\":{\"@type\":\"ImageObject\",\"inLanguage\":\"es\",\"@id\":\"https:\\\/\\\/secure.gravatar.com\\\/avatar\\\/6d68c86c57cfb5bc6f330fb377fef5a9?s=96&d=mm&r=g\",\"url\":\"https:\\\/\\\/secure.gravatar.com\\\/avatar\\\/6d68c86c57cfb5bc6f330fb377fef5a9?s=96&d=mm&r=g\",\"contentUrl\":\"https:\\\/\\\/secure.gravatar.com\\\/avatar\\\/6d68c86c57cfb5bc6f330fb377fef5a9?s=96&d=mm&r=g\",\"caption\":\"lamaneta\"},\"url\":\"https:\\\/\\\/lamaneta.com\\\/web\\\/author\\\/lamaneta\\\/\"}]}<\/script>\n<!-- \/ Yoast SEO plugin. -->","yoast_head_json":{"title":"LA FUNDACI\u00d3N VOCES EN COLABORACI\u00d3N CON EL FESTIVAL MULAFEST PONE EN MARCHA LA INICIATIVA \u201cSOMOS MOTORES PARA EL CAMBIO: NECESITAMOS TU VESPA\u201d - lamaneta","robots":{"index":"index","follow":"follow","max-snippet":"max-snippet:-1","max-image-preview":"max-image-preview:large","max-video-preview":"max-video-preview:-1"},"canonical":"https:\/\/lamaneta.com\/web\/la-fundacion-voces-en-colaboracion-con-el-festival-mulafest-pone-en-marcha-la-iniciativa-somos-motores-para-el-cambio-necesitamos-tu-vespa\/","og_locale":"es_ES","og_type":"article","og_title":"LA FUNDACI\u00d3N VOCES EN COLABORACI\u00d3N CON EL FESTIVAL MULAFEST PONE EN MARCHA LA INICIATIVA \u201cSOMOS MOTORES PARA EL CAMBIO: NECESITAMOS TU VESPA\u201d - lamaneta","og_description":"Esta campa\u00f1a solidaria persigue conseguir Vespas para ser intervenidas durante el Festival MULAFEST por reconocidos artistas urbanos. Las Vespas intervenidas saldr\u00e1n a subasta al t\u00e9rmino del Festival MULAFEST y todos los beneficios que se recauden ir\u00e1n destinados a los proyectos de VOCES en Espa\u00f1a, Marruecos y Mali. Mediante la iniciativa \u201cSomos motores para el cambio: [&hellip;]","og_url":"https:\/\/lamaneta.com\/web\/la-fundacion-voces-en-colaboracion-con-el-festival-mulafest-pone-en-marcha-la-iniciativa-somos-motores-para-el-cambio-necesitamos-tu-vespa\/","og_site_name":"lamaneta","article_published_time":"2014-05-29T17:23:09+00:00","article_modified_time":"2014-07-21T20:20:57+00:00","og_image":[{"width":1024,"height":524,"url":"https:\/\/lamaneta.com\/web\/wp-content\/uploads\/2014\/05\/Fotos-vespas.jpg","type":"image\/jpeg"}],"author":"lamaneta","twitter_card":"summary_large_image","twitter_misc":{"Escrito por":"lamaneta","Tiempo de lectura":"2 minutos"},"schema":{"@context":"https:\/\/schema.org","@graph":[{"@type":"Article","@id":"https:\/\/lamaneta.com\/web\/la-fundacion-voces-en-colaboracion-con-el-festival-mulafest-pone-en-marcha-la-iniciativa-somos-motores-para-el-cambio-necesitamos-tu-vespa\/#article","isPartOf":{"@id":"https:\/\/lamaneta.com\/web\/la-fundacion-voces-en-colaboracion-con-el-festival-mulafest-pone-en-marcha-la-iniciativa-somos-motores-para-el-cambio-necesitamos-tu-vespa\/"},"author":{"name":"lamaneta","@id":"https:\/\/lamaneta.com\/web\/#\/schema\/person\/6be45709b77bdb9c8487ad333857fec1"},"headline":"LA FUNDACI\u00d3N VOCES EN COLABORACI\u00d3N CON EL FESTIVAL MULAFEST PONE EN MARCHA LA INICIATIVA \u201cSOMOS MOTORES PARA EL CAMBIO: NECESITAMOS TU VESPA\u201d","datePublished":"2014-05-29T17:23:09+00:00","dateModified":"2014-07-21T20:20:57+00:00","mainEntityOfPage":{"@id":"https:\/\/lamaneta.com\/web\/la-fundacion-voces-en-colaboracion-con-el-festival-mulafest-pone-en-marcha-la-iniciativa-somos-motores-para-el-cambio-necesitamos-tu-vespa\/"},"wordCount":421,"commentCount":0,"image":{"@id":"https:\/\/lamaneta.com\/web\/la-fundacion-voces-en-colaboracion-con-el-festival-mulafest-pone-en-marcha-la-iniciativa-somos-motores-para-el-cambio-necesitamos-tu-vespa\/#primaryimage"},"thumbnailUrl":"https:\/\/lamaneta.com\/web\/wp-content\/uploads\/2014\/05\/Fotos-vespas.jpg","keywords":["Vespa"],"articleSection":["Articulos breves"],"inLanguage":"es","potentialAction":[{"@type":"CommentAction","name":"Comment","target":["https:\/\/lamaneta.com\/web\/la-fundacion-voces-en-colaboracion-con-el-festival-mulafest-pone-en-marcha-la-iniciativa-somos-motores-para-el-cambio-necesitamos-tu-vespa\/#respond"]}]},{"@type":"WebPage","@id":"https:\/\/lamaneta.com\/web\/la-fundacion-voces-en-colaboracion-con-el-festival-mulafest-pone-en-marcha-la-iniciativa-somos-motores-para-el-cambio-necesitamos-tu-vespa\/","url":"https:\/\/lamaneta.com\/web\/la-fundacion-voces-en-colaboracion-con-el-festival-mulafest-pone-en-marcha-la-iniciativa-somos-motores-para-el-cambio-necesitamos-tu-vespa\/","name":"LA FUNDACI\u00d3N VOCES EN COLABORACI\u00d3N CON EL FESTIVAL MULAFEST PONE EN MARCHA LA INICIATIVA \u201cSOMOS MOTORES PARA EL CAMBIO: NECESITAMOS TU VESPA\u201d - lamaneta","isPartOf":{"@id":"https:\/\/lamaneta.com\/web\/#website"},"primaryImageOfPage":{"@id":"https:\/\/lamaneta.com\/web\/la-fundacion-voces-en-colaboracion-con-el-festival-mulafest-pone-en-marcha-la-iniciativa-somos-motores-para-el-cambio-necesitamos-tu-vespa\/#primaryimage"},"image":{"@id":"https:\/\/lamaneta.com\/web\/la-fundacion-voces-en-colaboracion-con-el-festival-mulafest-pone-en-marcha-la-iniciativa-somos-motores-para-el-cambio-necesitamos-tu-vespa\/#primaryimage"},"thumbnailUrl":"https:\/\/lamaneta.com\/web\/wp-content\/uploads\/2014\/05\/Fotos-vespas.jpg","datePublished":"2014-05-29T17:23:09+00:00","dateModified":"2014-07-21T20:20:57+00:00","author":{"@id":"https:\/\/lamaneta.com\/web\/#\/schema\/person\/6be45709b77bdb9c8487ad333857fec1"},"breadcrumb":{"@id":"https:\/\/lamaneta.com\/web\/la-fundacion-voces-en-colaboracion-con-el-festival-mulafest-pone-en-marcha-la-iniciativa-somos-motores-para-el-cambio-necesitamos-tu-vespa\/#breadcrumb"},"inLanguage":"es","potentialAction":[{"@type":"ReadAction","target":["https:\/\/lamaneta.com\/web\/la-fundacion-voces-en-colaboracion-con-el-festival-mulafest-pone-en-marcha-la-iniciativa-somos-motores-para-el-cambio-necesitamos-tu-vespa\/"]}]},{"@type":"ImageObject","inLanguage":"es","@id":"https:\/\/lamaneta.com\/web\/la-fundacion-voces-en-colaboracion-con-el-festival-mulafest-pone-en-marcha-la-iniciativa-somos-motores-para-el-cambio-necesitamos-tu-vespa\/#primaryimage","url":"https:\/\/lamaneta.com\/web\/wp-content\/uploads\/2014\/05\/Fotos-vespas.jpg","contentUrl":"https:\/\/lamaneta.com\/web\/wp-content\/uploads\/2014\/05\/Fotos-vespas.jpg","width":1024,"height":524},{"@type":"BreadcrumbList","@id":"https:\/\/lamaneta.com\/web\/la-fundacion-voces-en-colaboracion-con-el-festival-mulafest-pone-en-marcha-la-iniciativa-somos-motores-para-el-cambio-necesitamos-tu-vespa\/#breadcrumb","itemListElement":[{"@type":"ListItem","position":1,"name":"Portada","item":"https:\/\/lamaneta.com\/web\/"},{"@type":"ListItem","position":2,"name":"LA FUNDACI\u00d3N VOCES EN COLABORACI\u00d3N CON EL FESTIVAL MULAFEST PONE EN MARCHA LA INICIATIVA \u201cSOMOS MOTORES PARA EL CAMBIO: NECESITAMOS TU VESPA\u201d"}]},{"@type":"WebSite","@id":"https:\/\/lamaneta.com\/web\/#website","url":"https:\/\/lamaneta.com\/web\/","name":"lamaneta","description":"El portal de la moto antigua y clasica.","potentialAction":[{"@type":"SearchAction","target":{"@type":"EntryPoint","urlTemplate":"https:\/\/lamaneta.com\/web\/?s={search_term_string}"},"query-input":{"@type":"PropertyValueSpecification","valueRequired":true,"valueName":"search_term_string"}}],"inLanguage":"es"},{"@type":"Person","@id":"https:\/\/lamaneta.com\/web\/#\/schema\/person\/6be45709b77bdb9c8487ad333857fec1","name":"lamaneta","image":{"@type":"ImageObject","inLanguage":"es","@id":"https:\/\/secure.gravatar.com\/avatar\/6d68c86c57cfb5bc6f330fb377fef5a9?s=96&d=mm&r=g","url":"https:\/\/secure.gravatar.com\/avatar\/6d68c86c57cfb5bc6f330fb377fef5a9?s=96&d=mm&r=g","contentUrl":"https:\/\/secure.gravatar.com\/avatar\/6d68c86c57cfb5bc6f330fb377fef5a9?s=96&d=mm&r=g","caption":"lamaneta"},"url":"https:\/\/lamaneta.com\/web\/author\/lamaneta\/"}]}},"_links":{"self":[{"href":"https:\/\/lamaneta.com\/web\/wp-json\/wp\/v2\/posts\/23231","targetHints":{"allow":["GET"]}}],"collection":[{"href":"https:\/\/lamaneta.com\/web\/wp-json\/wp\/v2\/posts"}],"about":[{"href":"https:\/\/lamaneta.com\/web\/wp-json\/wp\/v2\/types\/post"}],"author":[{"embeddable":true,"href":"https:\/\/lamaneta.com\/web\/wp-json\/wp\/v2\/users\/1"}],"replies":[{"embeddable":true,"href":"https:\/\/lamaneta.com\/web\/wp-json\/wp\/v2\/comments?post=23231"}],"version-history":[{"count":0,"href":"https:\/\/lamaneta.com\/web\/wp-json\/wp\/v2\/posts\/23231\/revisions"}],"wp:featuredmedia":[{"embeddable":true,"href":"https:\/\/lamaneta.com\/web\/wp-json\/wp\/v2\/media\/23234"}],"wp:attachment":[{"href":"https:\/\/lamaneta.com\/web\/wp-json\/wp\/v2\/media?parent=23231"}],"wp:term":[{"taxonomy":"category","embeddable":true,"href":"https:\/\/lamaneta.com\/web\/wp-json\/wp\/v2\/categories?post=23231"},{"taxonomy":"post_tag","embeddable":true,"href":"https:\/\/lamaneta.com\/web\/wp-json\/wp\/v2\/tags?post=23231"}],"curies":[{"name":"wp","href":"https:\/\/api.w.org\/{rel}","templated":true}]}}