{"id":24374,"date":"2016-09-24T06:05:26","date_gmt":"2016-09-24T06:05:26","guid":{"rendered":"http:\/\/lamaneta.com\/news\/?p=24374"},"modified":"2017-01-19T05:25:37","modified_gmt":"2017-01-19T05:25:37","slug":"asiento-tipo-cafe-racer-para-montesa-impala","status":"publish","type":"post","link":"https:\/\/lamaneta.com\/web\/asiento-tipo-cafe-racer-para-montesa-impala\/","title":{"rendered":"Asiento tipo Caf\u00e9 Racer para Montesa Impala"},"content":{"rendered":"<p align=\"justify\">Articulo aportado por <span style=\"color: #ffcc00; font-family: Times New Roman,Times,serif; font-size: x-large;\"><em><strong><span style=\"color: #000099;\">TriAriaS<\/span><\/strong><\/em><\/span><\/p>\n<p align=\"justify\">Tras valorar si dejaba la impala en un estado original o la personalizaba un poco sin alejarme mucho de su est\u00e9tica y tras haber primado en la decisi\u00f3n el ser una moto utilitaria de gran producci\u00f3n y de la que se conservan multitud de ejemplares me decido por la segunda opci\u00f3n. En ella uno de los puntos fuertes a la hora de darle una est\u00e9tica m\u00e1s racer es el asiento.<\/p>\n<p align=\"justify\">Para la realizaci\u00f3n de su base y tras valorar varios materiales, parto de una plancha de PVC espumado de 10mm de espesor. Este material tiene las ventajas de no necesitar tratamiento para la intemperie y que, dentro de su rigidez, es lo suficientemente blando como para permitir el grapado del tapizado sobre \u00e9l.<\/p>\n<p align=\"justify\"><a href=\"https:\/\/lamaneta.com\/web\/wp-content\/uploads\/2016\/09\/IMG_6004.jpg\"><img loading=\"lazy\" decoding=\"async\" class=\"alignnone size-large wp-image-24376\" src=\"https:\/\/lamaneta.com\/web\/wp-content\/uploads\/2016\/09\/IMG_6004-600x448.jpg\" alt=\"IMG_6004\" width=\"600\" height=\"448\" srcset=\"https:\/\/lamaneta.com\/web\/wp-content\/uploads\/2016\/09\/IMG_6004-600x448.jpg 600w, https:\/\/lamaneta.com\/web\/wp-content\/uploads\/2016\/09\/IMG_6004-300x224.jpg 300w, https:\/\/lamaneta.com\/web\/wp-content\/uploads\/2016\/09\/IMG_6004-768x573.jpg 768w, https:\/\/lamaneta.com\/web\/wp-content\/uploads\/2016\/09\/IMG_6004-1024x765.jpg 1024w, https:\/\/lamaneta.com\/web\/wp-content\/uploads\/2016\/09\/IMG_6004.jpg 1200w\" sizes=\"auto, (max-width: 600px) 100vw, 600px\" \/><\/a><\/p>\n<p align=\"justify\">A la plancha de PVC espumado tras trazarle l\u00edneas gu\u00eda para el plegado, le voy dando forma con una pistola de calor y un tubo gordo como apoyo. Hasta conseguir adaptarla a la forma de la parte del chasis sobre la que ira apoyada.<\/p>\n<p align=\"justify\">\u00a0<a href=\"https:\/\/lamaneta.com\/web\/wp-content\/uploads\/2016\/09\/IMG_6007.jpg\"><img loading=\"lazy\" decoding=\"async\" class=\"alignnone size-large wp-image-24378\" src=\"https:\/\/lamaneta.com\/web\/wp-content\/uploads\/2016\/09\/IMG_6007-600x448.jpg\" alt=\"IMG_6007\" width=\"600\" height=\"448\" srcset=\"https:\/\/lamaneta.com\/web\/wp-content\/uploads\/2016\/09\/IMG_6007-600x448.jpg 600w, https:\/\/lamaneta.com\/web\/wp-content\/uploads\/2016\/09\/IMG_6007-300x224.jpg 300w, https:\/\/lamaneta.com\/web\/wp-content\/uploads\/2016\/09\/IMG_6007-768x573.jpg 768w, https:\/\/lamaneta.com\/web\/wp-content\/uploads\/2016\/09\/IMG_6007-1024x765.jpg 1024w, https:\/\/lamaneta.com\/web\/wp-content\/uploads\/2016\/09\/IMG_6007.jpg 1200w\" sizes=\"auto, (max-width: 600px) 100vw, 600px\" \/><\/a> <a href=\"https:\/\/lamaneta.com\/web\/wp-content\/uploads\/2016\/09\/IMG_6006-e1474531575402.jpg\"><img loading=\"lazy\" decoding=\"async\" class=\"alignnone size-large wp-image-24377\" src=\"https:\/\/lamaneta.com\/web\/wp-content\/uploads\/2016\/09\/IMG_6006-e1474531575402-448x600.jpg\" alt=\"IMG_6006\" width=\"448\" height=\"600\" srcset=\"https:\/\/lamaneta.com\/web\/wp-content\/uploads\/2016\/09\/IMG_6006-e1474531575402-448x600.jpg 448w, https:\/\/lamaneta.com\/web\/wp-content\/uploads\/2016\/09\/IMG_6006-e1474531575402-224x300.jpg 224w, https:\/\/lamaneta.com\/web\/wp-content\/uploads\/2016\/09\/IMG_6006-e1474531575402-768x1028.jpg 768w, https:\/\/lamaneta.com\/web\/wp-content\/uploads\/2016\/09\/IMG_6006-e1474531575402.jpg 896w\" sizes=\"auto, (max-width: 448px) 100vw, 448px\" \/><\/a><\/p>\n<p align=\"justify\">Una vez sobre el chasis trazo el contorno y los huecos donde ir\u00e1n los tornillos sujeci\u00f3n del asiento al chasis aprovechando los soportes originales. Corto por dicho contorno con una sierra de calar y redondeo ligeramente tras esto taladro los agujeros donde ir\u00e1n los tornillos y le introduzco de arriba abajo unos de m\u00e9trica 6 con cabeza redondeada y cuello cuadrado a\u00f1adi\u00e9ndoles adhesivo para aumentar su fijaci\u00f3n.<\/p>\n<p align=\"justify\"><a href=\"https:\/\/lamaneta.com\/web\/wp-content\/uploads\/2016\/09\/IMG_6010.jpg\"><img loading=\"lazy\" decoding=\"async\" class=\"alignnone size-large wp-image-24379\" src=\"https:\/\/lamaneta.com\/web\/wp-content\/uploads\/2016\/09\/IMG_6010-600x448.jpg\" alt=\"IMG_6010\" width=\"600\" height=\"448\" srcset=\"https:\/\/lamaneta.com\/web\/wp-content\/uploads\/2016\/09\/IMG_6010-600x448.jpg 600w, https:\/\/lamaneta.com\/web\/wp-content\/uploads\/2016\/09\/IMG_6010-300x224.jpg 300w, https:\/\/lamaneta.com\/web\/wp-content\/uploads\/2016\/09\/IMG_6010-768x573.jpg 768w, https:\/\/lamaneta.com\/web\/wp-content\/uploads\/2016\/09\/IMG_6010-1024x765.jpg 1024w, https:\/\/lamaneta.com\/web\/wp-content\/uploads\/2016\/09\/IMG_6010.jpg 1200w\" sizes=\"auto, (max-width: 600px) 100vw, 600px\" \/><\/a><\/p>\n<p align=\"justify\"><a href=\"https:\/\/lamaneta.com\/web\/wp-content\/uploads\/2016\/09\/IMG_6011.jpg\"><img loading=\"lazy\" decoding=\"async\" class=\"alignnone size-large wp-image-24380\" src=\"https:\/\/lamaneta.com\/web\/wp-content\/uploads\/2016\/09\/IMG_6011-448x600.jpg\" alt=\"IMG_6011\" width=\"448\" height=\"600\" srcset=\"https:\/\/lamaneta.com\/web\/wp-content\/uploads\/2016\/09\/IMG_6011-448x600.jpg 448w, https:\/\/lamaneta.com\/web\/wp-content\/uploads\/2016\/09\/IMG_6011-224x300.jpg 224w, https:\/\/lamaneta.com\/web\/wp-content\/uploads\/2016\/09\/IMG_6011-768x1028.jpg 768w, https:\/\/lamaneta.com\/web\/wp-content\/uploads\/2016\/09\/IMG_6011-1024x1370.jpg 1024w, https:\/\/lamaneta.com\/web\/wp-content\/uploads\/2016\/09\/IMG_6011.jpg 1200w\" sizes=\"auto, (max-width: 448px) 100vw, 448px\" \/><\/a> <a href=\"https:\/\/lamaneta.com\/web\/wp-content\/uploads\/2016\/09\/c.jpg\"><img loading=\"lazy\" decoding=\"async\" class=\"alignnone size-full wp-image-24390\" src=\"https:\/\/lamaneta.com\/web\/wp-content\/uploads\/2016\/09\/c.jpg\" alt=\"c\" width=\"105\" height=\"153\" \/><\/a> <a href=\"https:\/\/lamaneta.com\/web\/wp-content\/uploads\/2016\/09\/IMG_6669.jpg\"><img loading=\"lazy\" decoding=\"async\" class=\"alignnone size-large wp-image-24381\" src=\"https:\/\/lamaneta.com\/web\/wp-content\/uploads\/2016\/09\/IMG_6669-448x600.jpg\" alt=\"IMG_6669\" width=\"448\" height=\"600\" srcset=\"https:\/\/lamaneta.com\/web\/wp-content\/uploads\/2016\/09\/IMG_6669-448x600.jpg 448w, https:\/\/lamaneta.com\/web\/wp-content\/uploads\/2016\/09\/IMG_6669-224x300.jpg 224w, https:\/\/lamaneta.com\/web\/wp-content\/uploads\/2016\/09\/IMG_6669-768x1028.jpg 768w, https:\/\/lamaneta.com\/web\/wp-content\/uploads\/2016\/09\/IMG_6669-1024x1370.jpg 1024w, https:\/\/lamaneta.com\/web\/wp-content\/uploads\/2016\/09\/IMG_6669.jpg 1200w\" sizes=\"auto, (max-width: 448px) 100vw, 448px\" \/><\/a><\/p>\n<p align=\"justify\">Tras esto planteo el perfil del asiento teniendo en cuenta las l\u00edneas de la moto. Para ello tras realizar una plantilla de cart\u00f3n cuadriculado la recorto y coloco sobre la base.<\/p>\n<p align=\"justify\"><a href=\"https:\/\/lamaneta.com\/web\/wp-content\/uploads\/2016\/09\/IMG_20151013_200153-1.jpg\"><img loading=\"lazy\" decoding=\"async\" class=\"alignnone size-large wp-image-24391\" src=\"https:\/\/lamaneta.com\/web\/wp-content\/uploads\/2016\/09\/IMG_20151013_200153-1-600x319.jpg\" alt=\"IMG_20151013_200153\" width=\"600\" height=\"319\" srcset=\"https:\/\/lamaneta.com\/web\/wp-content\/uploads\/2016\/09\/IMG_20151013_200153-1-600x319.jpg 600w, https:\/\/lamaneta.com\/web\/wp-content\/uploads\/2016\/09\/IMG_20151013_200153-1-300x160.jpg 300w, https:\/\/lamaneta.com\/web\/wp-content\/uploads\/2016\/09\/IMG_20151013_200153-1-768x409.jpg 768w, https:\/\/lamaneta.com\/web\/wp-content\/uploads\/2016\/09\/IMG_20151013_200153-1-1024x545.jpg 1024w, https:\/\/lamaneta.com\/web\/wp-content\/uploads\/2016\/09\/IMG_20151013_200153-1.jpg 1167w\" sizes=\"auto, (max-width: 600px) 100vw, 600px\" \/><\/a><\/p>\n<p align=\"justify\">Tras hacer una foto a esto y debido a que mi moto se encuentra bastante desmontada realizo un fotomontaje con otra foto de otra moto similar que est\u00e1 completa ( Si la foto es de alguien espero no molestarle por esto.) Una vez hecho el fotomontaje trazo con la herramienta de curvas del paint l\u00edneas de referencia y decido en base a estas la curva trasera del asiento a la vez que teniendo en cuenta otras l\u00edneas de la moto decido el resto del dise\u00f1o.<\/p>\n<p align=\"justify\"><a href=\"https:\/\/lamaneta.com\/web\/wp-content\/uploads\/2016\/09\/moto-mezcla-macizo.jpg\"><img loading=\"lazy\" decoding=\"async\" class=\"alignnone size-large wp-image-24389\" src=\"https:\/\/lamaneta.com\/web\/wp-content\/uploads\/2016\/09\/moto-mezcla-macizo-600x450.jpg\" alt=\"moto mezcla macizo\" width=\"600\" height=\"450\" srcset=\"https:\/\/lamaneta.com\/web\/wp-content\/uploads\/2016\/09\/moto-mezcla-macizo-600x450.jpg 600w, https:\/\/lamaneta.com\/web\/wp-content\/uploads\/2016\/09\/moto-mezcla-macizo-300x225.jpg 300w, https:\/\/lamaneta.com\/web\/wp-content\/uploads\/2016\/09\/moto-mezcla-macizo-768x576.jpg 768w, https:\/\/lamaneta.com\/web\/wp-content\/uploads\/2016\/09\/moto-mezcla-macizo-1024x768.jpg 1024w, https:\/\/lamaneta.com\/web\/wp-content\/uploads\/2016\/09\/moto-mezcla-macizo.jpg 1200w\" sizes=\"auto, (max-width: 600px) 100vw, 600px\" \/><\/a> <a href=\"https:\/\/lamaneta.com\/web\/wp-content\/uploads\/2016\/09\/moto-mezcla-lineas.jpg\"><img loading=\"lazy\" decoding=\"async\" class=\"alignnone size-large wp-image-24388\" src=\"https:\/\/lamaneta.com\/web\/wp-content\/uploads\/2016\/09\/moto-mezcla-lineas-600x450.jpg\" alt=\"moto mezcla lineas\" width=\"600\" height=\"450\" srcset=\"https:\/\/lamaneta.com\/web\/wp-content\/uploads\/2016\/09\/moto-mezcla-lineas-600x450.jpg 600w, https:\/\/lamaneta.com\/web\/wp-content\/uploads\/2016\/09\/moto-mezcla-lineas-300x225.jpg 300w, https:\/\/lamaneta.com\/web\/wp-content\/uploads\/2016\/09\/moto-mezcla-lineas-768x576.jpg 768w, https:\/\/lamaneta.com\/web\/wp-content\/uploads\/2016\/09\/moto-mezcla-lineas-1024x768.jpg 1024w, https:\/\/lamaneta.com\/web\/wp-content\/uploads\/2016\/09\/moto-mezcla-lineas.jpg 1200w\" sizes=\"auto, (max-width: 600px) 100vw, 600px\" \/><\/a><\/p>\n<p align=\"justify\">Tras esto paso las l\u00edneas decididas al cart\u00f3n cuadriculado y lo recorto qued\u00e1ndome con la parte exterior a lo que seria el asiento, obteniendo una plantilla del perfil. Hago tambi\u00e9n una plantilla transversal de la parte mas alta del asiento d\u00e1ndole una curva arm\u00f3nica en relaci\u00f3n a la anchura de la base.<\/p>\n<p align=\"justify\">Sobre la base pego planchas de espuma densa que me ha facilitado el tapicero (he visto a la venta similares, para insonorizaci\u00f3n\u00a0en centros de bricolaje ) Con estas planchas voy buscando sobrepasar ligeramente la forma que me marcan las plantillas.<\/p>\n<p align=\"justify\">Ahora llega la parte mas art\u00edstica, Con un cuchillo bien afilado voy quitando espuma para ir tallando la forma con cuidado de no llegar a lo que seria la forma final. Tras esto afino todo con una radial y disco de lija gorda, hasta llegar a la forma definitiva.<\/p>\n<p align=\"justify\">\u00a0\u00a0\u00a0<a href=\"https:\/\/lamaneta.com\/web\/wp-content\/uploads\/2016\/09\/IMG_6676.jpg\"><img loading=\"lazy\" decoding=\"async\" class=\"alignnone size-large wp-image-24382\" src=\"https:\/\/lamaneta.com\/web\/wp-content\/uploads\/2016\/09\/IMG_6676-600x448.jpg\" alt=\"IMG_6676\" width=\"600\" height=\"448\" srcset=\"https:\/\/lamaneta.com\/web\/wp-content\/uploads\/2016\/09\/IMG_6676-600x448.jpg 600w, https:\/\/lamaneta.com\/web\/wp-content\/uploads\/2016\/09\/IMG_6676-300x224.jpg 300w, https:\/\/lamaneta.com\/web\/wp-content\/uploads\/2016\/09\/IMG_6676-768x573.jpg 768w, https:\/\/lamaneta.com\/web\/wp-content\/uploads\/2016\/09\/IMG_6676-1024x765.jpg 1024w, https:\/\/lamaneta.com\/web\/wp-content\/uploads\/2016\/09\/IMG_6676.jpg 1200w\" sizes=\"auto, (max-width: 600px) 100vw, 600px\" \/><\/a> <a href=\"https:\/\/lamaneta.com\/web\/wp-content\/uploads\/2016\/09\/IMG_6677.jpg\"><img loading=\"lazy\" decoding=\"async\" class=\"alignnone size-large wp-image-24383\" src=\"https:\/\/lamaneta.com\/web\/wp-content\/uploads\/2016\/09\/IMG_6677-600x448.jpg\" alt=\"IMG_6677\" width=\"600\" height=\"448\" srcset=\"https:\/\/lamaneta.com\/web\/wp-content\/uploads\/2016\/09\/IMG_6677-600x448.jpg 600w, https:\/\/lamaneta.com\/web\/wp-content\/uploads\/2016\/09\/IMG_6677-300x224.jpg 300w, https:\/\/lamaneta.com\/web\/wp-content\/uploads\/2016\/09\/IMG_6677-768x573.jpg 768w, https:\/\/lamaneta.com\/web\/wp-content\/uploads\/2016\/09\/IMG_6677-1024x765.jpg 1024w, https:\/\/lamaneta.com\/web\/wp-content\/uploads\/2016\/09\/IMG_6677.jpg 1200w\" sizes=\"auto, (max-width: 600px) 100vw, 600px\" \/><\/a> <a href=\"https:\/\/lamaneta.com\/web\/wp-content\/uploads\/2016\/09\/IMG_6678.jpg\"><img loading=\"lazy\" decoding=\"async\" class=\"alignnone size-large wp-image-24384\" src=\"https:\/\/lamaneta.com\/web\/wp-content\/uploads\/2016\/09\/IMG_6678-600x448.jpg\" alt=\"IMG_6678\" width=\"600\" height=\"448\" srcset=\"https:\/\/lamaneta.com\/web\/wp-content\/uploads\/2016\/09\/IMG_6678-600x448.jpg 600w, https:\/\/lamaneta.com\/web\/wp-content\/uploads\/2016\/09\/IMG_6678-300x224.jpg 300w, https:\/\/lamaneta.com\/web\/wp-content\/uploads\/2016\/09\/IMG_6678-768x573.jpg 768w, https:\/\/lamaneta.com\/web\/wp-content\/uploads\/2016\/09\/IMG_6678-1024x765.jpg 1024w, https:\/\/lamaneta.com\/web\/wp-content\/uploads\/2016\/09\/IMG_6678.jpg 1200w\" sizes=\"auto, (max-width: 600px) 100vw, 600px\" \/><\/a><\/p>\n<p align=\"justify\">El tapizado se lo encargo a un tapicero tras trazarle sobre la espuma con un rotulador permanente las l\u00edneas por donde quiero las costuras y el ribete rojo que separa la parte del conductor del pasajero, inspirado dicho ribete en los asientos de las Norton Manx.<\/p>\n<p align=\"justify\"><a href=\"https:\/\/lamaneta.com\/web\/wp-content\/uploads\/2016\/09\/IMG_6738.jpg\"><img loading=\"lazy\" decoding=\"async\" class=\"alignnone size-large wp-image-24385\" src=\"https:\/\/lamaneta.com\/web\/wp-content\/uploads\/2016\/09\/IMG_6738-600x448.jpg\" alt=\"IMG_6738\" width=\"600\" height=\"448\" srcset=\"https:\/\/lamaneta.com\/web\/wp-content\/uploads\/2016\/09\/IMG_6738-600x448.jpg 600w, https:\/\/lamaneta.com\/web\/wp-content\/uploads\/2016\/09\/IMG_6738-300x224.jpg 300w, https:\/\/lamaneta.com\/web\/wp-content\/uploads\/2016\/09\/IMG_6738-768x573.jpg 768w, https:\/\/lamaneta.com\/web\/wp-content\/uploads\/2016\/09\/IMG_6738-1024x765.jpg 1024w, https:\/\/lamaneta.com\/web\/wp-content\/uploads\/2016\/09\/IMG_6738.jpg 1200w\" sizes=\"auto, (max-width: 600px) 100vw, 600px\" \/><\/a><\/p>\n<p align=\"justify\">Rezo para que el tapizado me lo hagan bien .<\/p>\n<p align=\"justify\">Felicito al tapicero dado que me ha hecho un trabajo excelente. Me prepara tambi\u00e9n un cinto del mismo material dado que el asiento es dos plazas y es obligatorio. Atornillo el asiento sobre los soportes originales y a disfrutar de la nueva imagen de mi Impala.<\/p>\n<p align=\"justify\"><a href=\"https:\/\/lamaneta.com\/web\/wp-content\/uploads\/2016\/09\/IMG_6893.jpg\"><img loading=\"lazy\" decoding=\"async\" class=\"alignnone size-large wp-image-24386\" src=\"https:\/\/lamaneta.com\/web\/wp-content\/uploads\/2016\/09\/IMG_6893-600x448.jpg\" alt=\"IMG_6893\" width=\"600\" height=\"448\" srcset=\"https:\/\/lamaneta.com\/web\/wp-content\/uploads\/2016\/09\/IMG_6893-600x448.jpg 600w, https:\/\/lamaneta.com\/web\/wp-content\/uploads\/2016\/09\/IMG_6893-300x224.jpg 300w, https:\/\/lamaneta.com\/web\/wp-content\/uploads\/2016\/09\/IMG_6893-768x573.jpg 768w, https:\/\/lamaneta.com\/web\/wp-content\/uploads\/2016\/09\/IMG_6893-1024x765.jpg 1024w, https:\/\/lamaneta.com\/web\/wp-content\/uploads\/2016\/09\/IMG_6893.jpg 1200w\" sizes=\"auto, (max-width: 600px) 100vw, 600px\" \/><\/a> <a href=\"https:\/\/lamaneta.com\/web\/wp-content\/uploads\/2016\/09\/IMG_0677-copia.jpg\"><img loading=\"lazy\" decoding=\"async\" class=\"alignnone size-large wp-image-24375\" src=\"https:\/\/lamaneta.com\/web\/wp-content\/uploads\/2016\/09\/IMG_0677-copia-600x395.jpg\" alt=\"IMG_0677 copia\" width=\"600\" height=\"395\" srcset=\"https:\/\/lamaneta.com\/web\/wp-content\/uploads\/2016\/09\/IMG_0677-copia-600x395.jpg 600w, https:\/\/lamaneta.com\/web\/wp-content\/uploads\/2016\/09\/IMG_0677-copia-300x198.jpg 300w, https:\/\/lamaneta.com\/web\/wp-content\/uploads\/2016\/09\/IMG_0677-copia-768x506.jpg 768w, https:\/\/lamaneta.com\/web\/wp-content\/uploads\/2016\/09\/IMG_0677-copia-1024x675.jpg 1024w, https:\/\/lamaneta.com\/web\/wp-content\/uploads\/2016\/09\/IMG_0677-copia.jpg 1197w\" sizes=\"auto, (max-width: 600px) 100vw, 600px\" \/><\/a><\/p>\n","protected":false},"excerpt":{"rendered":"<p>Articulo aportado por TriAriaS Tras valorar si dejaba la impala en un estado original o la personalizaba un poco sin alejarme mucho de su est\u00e9tica y tras haber primado en la decisi\u00f3n el ser una moto utilitaria de gran producci\u00f3n y de la que se conservan multitud de ejemplares me decido por la segunda opci\u00f3n. [&hellip;]<\/p>\n","protected":false},"author":16,"featured_media":24389,"comment_status":"open","ping_status":"open","sticky":false,"template":"","format":"standard","meta":{"footnotes":""},"categories":[13],"tags":[479,115,114],"class_list":["post-24374","post","type-post","status-publish","format-standard","has-post-thumbnail","hentry","category-restauracion-2","tag-asiento","tag-impala","tag-montesa"],"yoast_head":"<!-- This site is optimized with the Yoast SEO plugin v27.5 - https:\/\/yoast.com\/product\/yoast-seo-wordpress\/ -->\n<title>Asiento tipo Caf\u00e9 Racer para Montesa Impala - lamaneta<\/title>\n<meta name=\"robots\" content=\"index, follow, max-snippet:-1, max-image-preview:large, max-video-preview:-1\" \/>\n<link rel=\"canonical\" href=\"https:\/\/lamaneta.com\/web\/asiento-tipo-cafe-racer-para-montesa-impala\/\" \/>\n<meta property=\"og:locale\" content=\"es_ES\" \/>\n<meta property=\"og:type\" content=\"article\" \/>\n<meta property=\"og:title\" content=\"Asiento tipo Caf\u00e9 Racer para Montesa Impala - lamaneta\" \/>\n<meta property=\"og:description\" content=\"Articulo aportado por TriAriaS Tras valorar si dejaba la impala en un estado original o la personalizaba un poco sin alejarme mucho de su est\u00e9tica y tras haber primado en la decisi\u00f3n el ser una moto utilitaria de gran producci\u00f3n y de la que se conservan multitud de ejemplares me decido por la segunda opci\u00f3n. [&hellip;]\" \/>\n<meta property=\"og:url\" content=\"https:\/\/lamaneta.com\/web\/asiento-tipo-cafe-racer-para-montesa-impala\/\" \/>\n<meta property=\"og:site_name\" content=\"lamaneta\" \/>\n<meta property=\"article:published_time\" content=\"2016-09-24T06:05:26+00:00\" \/>\n<meta property=\"article:modified_time\" content=\"2017-01-19T05:25:37+00:00\" \/>\n<meta property=\"og:image\" content=\"https:\/\/lamaneta.com\/web\/wp-content\/uploads\/2016\/09\/moto-mezcla-macizo.jpg\" \/>\n\t<meta property=\"og:image:width\" content=\"1200\" \/>\n\t<meta property=\"og:image:height\" content=\"900\" \/>\n\t<meta property=\"og:image:type\" content=\"image\/jpeg\" \/>\n<meta name=\"author\" content=\"mymsa\" \/>\n<meta name=\"twitter:card\" content=\"summary_large_image\" \/>\n<meta name=\"twitter:label1\" content=\"Escrito por\" \/>\n\t<meta name=\"twitter:data1\" content=\"mymsa\" \/>\n\t<meta name=\"twitter:label2\" content=\"Tiempo de lectura\" \/>\n\t<meta name=\"twitter:data2\" content=\"3 minutos\" \/>\n<script type=\"application\/ld+json\" class=\"yoast-schema-graph\">{\"@context\":\"https:\\\/\\\/schema.org\",\"@graph\":[{\"@type\":\"Article\",\"@id\":\"https:\\\/\\\/lamaneta.com\\\/web\\\/asiento-tipo-cafe-racer-para-montesa-impala\\\/#article\",\"isPartOf\":{\"@id\":\"https:\\\/\\\/lamaneta.com\\\/web\\\/asiento-tipo-cafe-racer-para-montesa-impala\\\/\"},\"author\":{\"name\":\"mymsa\",\"@id\":\"https:\\\/\\\/lamaneta.com\\\/web\\\/#\\\/schema\\\/person\\\/12bfbc2d35a54838cf51882f9227db1e\"},\"headline\":\"Asiento tipo Caf\u00e9 Racer para Montesa Impala\",\"datePublished\":\"2016-09-24T06:05:26+00:00\",\"dateModified\":\"2017-01-19T05:25:37+00:00\",\"mainEntityOfPage\":{\"@id\":\"https:\\\/\\\/lamaneta.com\\\/web\\\/asiento-tipo-cafe-racer-para-montesa-impala\\\/\"},\"wordCount\":633,\"commentCount\":3,\"image\":{\"@id\":\"https:\\\/\\\/lamaneta.com\\\/web\\\/asiento-tipo-cafe-racer-para-montesa-impala\\\/#primaryimage\"},\"thumbnailUrl\":\"https:\\\/\\\/lamaneta.com\\\/web\\\/wp-content\\\/uploads\\\/2016\\\/09\\\/moto-mezcla-macizo.jpg\",\"keywords\":[\"asiento\",\"Impala\",\"Montesa\"],\"articleSection\":[\"Restauracion\"],\"inLanguage\":\"es\",\"potentialAction\":[{\"@type\":\"CommentAction\",\"name\":\"Comment\",\"target\":[\"https:\\\/\\\/lamaneta.com\\\/web\\\/asiento-tipo-cafe-racer-para-montesa-impala\\\/#respond\"]}]},{\"@type\":\"WebPage\",\"@id\":\"https:\\\/\\\/lamaneta.com\\\/web\\\/asiento-tipo-cafe-racer-para-montesa-impala\\\/\",\"url\":\"https:\\\/\\\/lamaneta.com\\\/web\\\/asiento-tipo-cafe-racer-para-montesa-impala\\\/\",\"name\":\"Asiento tipo Caf\u00e9 Racer para Montesa Impala - lamaneta\",\"isPartOf\":{\"@id\":\"https:\\\/\\\/lamaneta.com\\\/web\\\/#website\"},\"primaryImageOfPage\":{\"@id\":\"https:\\\/\\\/lamaneta.com\\\/web\\\/asiento-tipo-cafe-racer-para-montesa-impala\\\/#primaryimage\"},\"image\":{\"@id\":\"https:\\\/\\\/lamaneta.com\\\/web\\\/asiento-tipo-cafe-racer-para-montesa-impala\\\/#primaryimage\"},\"thumbnailUrl\":\"https:\\\/\\\/lamaneta.com\\\/web\\\/wp-content\\\/uploads\\\/2016\\\/09\\\/moto-mezcla-macizo.jpg\",\"datePublished\":\"2016-09-24T06:05:26+00:00\",\"dateModified\":\"2017-01-19T05:25:37+00:00\",\"author\":{\"@id\":\"https:\\\/\\\/lamaneta.com\\\/web\\\/#\\\/schema\\\/person\\\/12bfbc2d35a54838cf51882f9227db1e\"},\"breadcrumb\":{\"@id\":\"https:\\\/\\\/lamaneta.com\\\/web\\\/asiento-tipo-cafe-racer-para-montesa-impala\\\/#breadcrumb\"},\"inLanguage\":\"es\",\"potentialAction\":[{\"@type\":\"ReadAction\",\"target\":[\"https:\\\/\\\/lamaneta.com\\\/web\\\/asiento-tipo-cafe-racer-para-montesa-impala\\\/\"]}]},{\"@type\":\"ImageObject\",\"inLanguage\":\"es\",\"@id\":\"https:\\\/\\\/lamaneta.com\\\/web\\\/asiento-tipo-cafe-racer-para-montesa-impala\\\/#primaryimage\",\"url\":\"https:\\\/\\\/lamaneta.com\\\/web\\\/wp-content\\\/uploads\\\/2016\\\/09\\\/moto-mezcla-macizo.jpg\",\"contentUrl\":\"https:\\\/\\\/lamaneta.com\\\/web\\\/wp-content\\\/uploads\\\/2016\\\/09\\\/moto-mezcla-macizo.jpg\",\"width\":1200,\"height\":900},{\"@type\":\"BreadcrumbList\",\"@id\":\"https:\\\/\\\/lamaneta.com\\\/web\\\/asiento-tipo-cafe-racer-para-montesa-impala\\\/#breadcrumb\",\"itemListElement\":[{\"@type\":\"ListItem\",\"position\":1,\"name\":\"Portada\",\"item\":\"https:\\\/\\\/lamaneta.com\\\/web\\\/\"},{\"@type\":\"ListItem\",\"position\":2,\"name\":\"Asiento tipo Caf\u00e9 Racer para Montesa Impala\"}]},{\"@type\":\"WebSite\",\"@id\":\"https:\\\/\\\/lamaneta.com\\\/web\\\/#website\",\"url\":\"https:\\\/\\\/lamaneta.com\\\/web\\\/\",\"name\":\"lamaneta\",\"description\":\"El portal de la moto antigua y clasica.\",\"potentialAction\":[{\"@type\":\"SearchAction\",\"target\":{\"@type\":\"EntryPoint\",\"urlTemplate\":\"https:\\\/\\\/lamaneta.com\\\/web\\\/?s={search_term_string}\"},\"query-input\":{\"@type\":\"PropertyValueSpecification\",\"valueRequired\":true,\"valueName\":\"search_term_string\"}}],\"inLanguage\":\"es\"},{\"@type\":\"Person\",\"@id\":\"https:\\\/\\\/lamaneta.com\\\/web\\\/#\\\/schema\\\/person\\\/12bfbc2d35a54838cf51882f9227db1e\",\"name\":\"mymsa\",\"image\":{\"@type\":\"ImageObject\",\"inLanguage\":\"es\",\"@id\":\"https:\\\/\\\/secure.gravatar.com\\\/avatar\\\/3b035bf5aa56d376f09ea689e39b95b1?s=96&d=mm&r=g\",\"url\":\"https:\\\/\\\/secure.gravatar.com\\\/avatar\\\/3b035bf5aa56d376f09ea689e39b95b1?s=96&d=mm&r=g\",\"contentUrl\":\"https:\\\/\\\/secure.gravatar.com\\\/avatar\\\/3b035bf5aa56d376f09ea689e39b95b1?s=96&d=mm&r=g\",\"caption\":\"mymsa\"},\"url\":\"https:\\\/\\\/lamaneta.com\\\/web\\\/author\\\/mymsa\\\/\"}]}<\/script>\n<!-- \/ Yoast SEO plugin. -->","yoast_head_json":{"title":"Asiento tipo Caf\u00e9 Racer para Montesa Impala - lamaneta","robots":{"index":"index","follow":"follow","max-snippet":"max-snippet:-1","max-image-preview":"max-image-preview:large","max-video-preview":"max-video-preview:-1"},"canonical":"https:\/\/lamaneta.com\/web\/asiento-tipo-cafe-racer-para-montesa-impala\/","og_locale":"es_ES","og_type":"article","og_title":"Asiento tipo Caf\u00e9 Racer para Montesa Impala - lamaneta","og_description":"Articulo aportado por TriAriaS Tras valorar si dejaba la impala en un estado original o la personalizaba un poco sin alejarme mucho de su est\u00e9tica y tras haber primado en la decisi\u00f3n el ser una moto utilitaria de gran producci\u00f3n y de la que se conservan multitud de ejemplares me decido por la segunda opci\u00f3n. [&hellip;]","og_url":"https:\/\/lamaneta.com\/web\/asiento-tipo-cafe-racer-para-montesa-impala\/","og_site_name":"lamaneta","article_published_time":"2016-09-24T06:05:26+00:00","article_modified_time":"2017-01-19T05:25:37+00:00","og_image":[{"width":1200,"height":900,"url":"https:\/\/lamaneta.com\/web\/wp-content\/uploads\/2016\/09\/moto-mezcla-macizo.jpg","type":"image\/jpeg"}],"author":"mymsa","twitter_card":"summary_large_image","twitter_misc":{"Escrito por":"mymsa","Tiempo de lectura":"3 minutos"},"schema":{"@context":"https:\/\/schema.org","@graph":[{"@type":"Article","@id":"https:\/\/lamaneta.com\/web\/asiento-tipo-cafe-racer-para-montesa-impala\/#article","isPartOf":{"@id":"https:\/\/lamaneta.com\/web\/asiento-tipo-cafe-racer-para-montesa-impala\/"},"author":{"name":"mymsa","@id":"https:\/\/lamaneta.com\/web\/#\/schema\/person\/12bfbc2d35a54838cf51882f9227db1e"},"headline":"Asiento tipo Caf\u00e9 Racer para Montesa Impala","datePublished":"2016-09-24T06:05:26+00:00","dateModified":"2017-01-19T05:25:37+00:00","mainEntityOfPage":{"@id":"https:\/\/lamaneta.com\/web\/asiento-tipo-cafe-racer-para-montesa-impala\/"},"wordCount":633,"commentCount":3,"image":{"@id":"https:\/\/lamaneta.com\/web\/asiento-tipo-cafe-racer-para-montesa-impala\/#primaryimage"},"thumbnailUrl":"https:\/\/lamaneta.com\/web\/wp-content\/uploads\/2016\/09\/moto-mezcla-macizo.jpg","keywords":["asiento","Impala","Montesa"],"articleSection":["Restauracion"],"inLanguage":"es","potentialAction":[{"@type":"CommentAction","name":"Comment","target":["https:\/\/lamaneta.com\/web\/asiento-tipo-cafe-racer-para-montesa-impala\/#respond"]}]},{"@type":"WebPage","@id":"https:\/\/lamaneta.com\/web\/asiento-tipo-cafe-racer-para-montesa-impala\/","url":"https:\/\/lamaneta.com\/web\/asiento-tipo-cafe-racer-para-montesa-impala\/","name":"Asiento tipo Caf\u00e9 Racer para Montesa Impala - lamaneta","isPartOf":{"@id":"https:\/\/lamaneta.com\/web\/#website"},"primaryImageOfPage":{"@id":"https:\/\/lamaneta.com\/web\/asiento-tipo-cafe-racer-para-montesa-impala\/#primaryimage"},"image":{"@id":"https:\/\/lamaneta.com\/web\/asiento-tipo-cafe-racer-para-montesa-impala\/#primaryimage"},"thumbnailUrl":"https:\/\/lamaneta.com\/web\/wp-content\/uploads\/2016\/09\/moto-mezcla-macizo.jpg","datePublished":"2016-09-24T06:05:26+00:00","dateModified":"2017-01-19T05:25:37+00:00","author":{"@id":"https:\/\/lamaneta.com\/web\/#\/schema\/person\/12bfbc2d35a54838cf51882f9227db1e"},"breadcrumb":{"@id":"https:\/\/lamaneta.com\/web\/asiento-tipo-cafe-racer-para-montesa-impala\/#breadcrumb"},"inLanguage":"es","potentialAction":[{"@type":"ReadAction","target":["https:\/\/lamaneta.com\/web\/asiento-tipo-cafe-racer-para-montesa-impala\/"]}]},{"@type":"ImageObject","inLanguage":"es","@id":"https:\/\/lamaneta.com\/web\/asiento-tipo-cafe-racer-para-montesa-impala\/#primaryimage","url":"https:\/\/lamaneta.com\/web\/wp-content\/uploads\/2016\/09\/moto-mezcla-macizo.jpg","contentUrl":"https:\/\/lamaneta.com\/web\/wp-content\/uploads\/2016\/09\/moto-mezcla-macizo.jpg","width":1200,"height":900},{"@type":"BreadcrumbList","@id":"https:\/\/lamaneta.com\/web\/asiento-tipo-cafe-racer-para-montesa-impala\/#breadcrumb","itemListElement":[{"@type":"ListItem","position":1,"name":"Portada","item":"https:\/\/lamaneta.com\/web\/"},{"@type":"ListItem","position":2,"name":"Asiento tipo Caf\u00e9 Racer para Montesa Impala"}]},{"@type":"WebSite","@id":"https:\/\/lamaneta.com\/web\/#website","url":"https:\/\/lamaneta.com\/web\/","name":"lamaneta","description":"El portal de la moto antigua y clasica.","potentialAction":[{"@type":"SearchAction","target":{"@type":"EntryPoint","urlTemplate":"https:\/\/lamaneta.com\/web\/?s={search_term_string}"},"query-input":{"@type":"PropertyValueSpecification","valueRequired":true,"valueName":"search_term_string"}}],"inLanguage":"es"},{"@type":"Person","@id":"https:\/\/lamaneta.com\/web\/#\/schema\/person\/12bfbc2d35a54838cf51882f9227db1e","name":"mymsa","image":{"@type":"ImageObject","inLanguage":"es","@id":"https:\/\/secure.gravatar.com\/avatar\/3b035bf5aa56d376f09ea689e39b95b1?s=96&d=mm&r=g","url":"https:\/\/secure.gravatar.com\/avatar\/3b035bf5aa56d376f09ea689e39b95b1?s=96&d=mm&r=g","contentUrl":"https:\/\/secure.gravatar.com\/avatar\/3b035bf5aa56d376f09ea689e39b95b1?s=96&d=mm&r=g","caption":"mymsa"},"url":"https:\/\/lamaneta.com\/web\/author\/mymsa\/"}]}},"_links":{"self":[{"href":"https:\/\/lamaneta.com\/web\/wp-json\/wp\/v2\/posts\/24374","targetHints":{"allow":["GET"]}}],"collection":[{"href":"https:\/\/lamaneta.com\/web\/wp-json\/wp\/v2\/posts"}],"about":[{"href":"https:\/\/lamaneta.com\/web\/wp-json\/wp\/v2\/types\/post"}],"author":[{"embeddable":true,"href":"https:\/\/lamaneta.com\/web\/wp-json\/wp\/v2\/users\/16"}],"replies":[{"embeddable":true,"href":"https:\/\/lamaneta.com\/web\/wp-json\/wp\/v2\/comments?post=24374"}],"version-history":[{"count":10,"href":"https:\/\/lamaneta.com\/web\/wp-json\/wp\/v2\/posts\/24374\/revisions"}],"predecessor-version":[{"id":24623,"href":"https:\/\/lamaneta.com\/web\/wp-json\/wp\/v2\/posts\/24374\/revisions\/24623"}],"wp:featuredmedia":[{"embeddable":true,"href":"https:\/\/lamaneta.com\/web\/wp-json\/wp\/v2\/media\/24389"}],"wp:attachment":[{"href":"https:\/\/lamaneta.com\/web\/wp-json\/wp\/v2\/media?parent=24374"}],"wp:term":[{"taxonomy":"category","embeddable":true,"href":"https:\/\/lamaneta.com\/web\/wp-json\/wp\/v2\/categories?post=24374"},{"taxonomy":"post_tag","embeddable":true,"href":"https:\/\/lamaneta.com\/web\/wp-json\/wp\/v2\/tags?post=24374"}],"curies":[{"name":"wp","href":"https:\/\/api.w.org\/{rel}","templated":true}]}}