{"id":24409,"date":"2016-09-29T16:25:17","date_gmt":"2016-09-29T16:25:17","guid":{"rendered":"http:\/\/lamaneta.com\/news\/?p=24409"},"modified":"2017-01-19T05:25:47","modified_gmt":"2017-01-19T05:25:47","slug":"5a-manetada-2016-el-12-de-noviembre-mercadillo-clasico-en-almeria","status":"publish","type":"post","link":"https:\/\/lamaneta.com\/web\/5a-manetada-2016-el-12-de-noviembre-mercadillo-clasico-en-almeria\/","title":{"rendered":"5\u00aa Manetada 2016, el 12 de Noviembre mercadillo cl\u00e1sico en Almer\u00eda"},"content":{"rendered":"<div class=\"col-md-8 about-right wow fadeInRight animated animated\" data-wow-delay=\".5s\">\n<h4>lamaneta.com organiza su <a href=\"http:\/\/www.lamaneta.com\/manetada\/\">quinta manetada<\/a>, esta vez en el Parque Cient\u00edfico Tecnol\u00f3gico de Almeria, PITA.<\/h4>\n<p>El d\u00eda 12 de Noviembre a las 9:00h abrir\u00e1 sus puertas <a href=\"http:\/\/www.lamaneta.com\/manetada\/\">la 5\u00aa Manetada<\/a> organizada por lamaneta.com en horario de 9:00h a 15:00h. <a href=\"http:\/\/www.lamaneta.com\/manetada\/\">Una manetada es un mercadillo<\/a> de motos antiguas y cl\u00e1sicas, especialmente dirigido a los aficionados tanto para vender como para comprar, asistir\u00e1n profesionales.<br \/>\nSi deseas vender tu moto o quitarte de encima el recambio que te sobre, tienes un lugar reservado para ti en la <a href=\"http:\/\/www.lamaneta.com\/manetada\/\">manetada<\/a> totalmente GRATIS, solo tienes que ponerte en contacto con nosotros.<\/p>\n<p><a href=\"https:\/\/lamaneta.com\/web\/wp-content\/uploads\/2016\/09\/Cartel2.jpg\"><img loading=\"lazy\" decoding=\"async\" class=\"alignnone size-large wp-image-24406\" src=\"https:\/\/lamaneta.com\/web\/wp-content\/uploads\/2016\/09\/Cartel2-600x425.jpg\" alt=\"Cartel2\" width=\"600\" height=\"425\" srcset=\"https:\/\/lamaneta.com\/web\/wp-content\/uploads\/2016\/09\/Cartel2-600x425.jpg 600w, https:\/\/lamaneta.com\/web\/wp-content\/uploads\/2016\/09\/Cartel2-300x212.jpg 300w, https:\/\/lamaneta.com\/web\/wp-content\/uploads\/2016\/09\/Cartel2-768x543.jpg 768w, https:\/\/lamaneta.com\/web\/wp-content\/uploads\/2016\/09\/Cartel2-1024x724.jpg 1024w, https:\/\/lamaneta.com\/web\/wp-content\/uploads\/2016\/09\/Cartel2.jpg 1200w\" sizes=\"auto, (max-width: 600px) 100vw, 600px\" \/><\/a><\/p>\n<p>&nbsp;<\/p>\n<\/div>\n","protected":false},"excerpt":{"rendered":"<p>lamaneta.com organiza su quinta manetada, esta vez en el Parque Cient\u00edfico Tecnol\u00f3gico de Almeria, PITA. El d\u00eda 12 de Noviembre a las 9:00h abrir\u00e1 sus puertas la 5\u00aa Manetada organizada por lamaneta.com en horario de 9:00h a 15:00h. Una manetada es un mercadillo de motos antiguas y cl\u00e1sicas, especialmente dirigido a los aficionados tanto para [&hellip;]<\/p>\n","protected":false},"author":1,"featured_media":24406,"comment_status":"open","ping_status":"open","sticky":false,"template":"","format":"standard","meta":{"footnotes":""},"categories":[47],"tags":[4659],"class_list":["post-24409","post","type-post","status-publish","format-standard","has-post-thumbnail","hentry","category-ferias-y-mercadillos","tag-manetada"],"yoast_head":"<!-- This site is optimized with the Yoast SEO plugin v27.5 - https:\/\/yoast.com\/product\/yoast-seo-wordpress\/ -->\n<title>5\u00aa Manetada 2016, el 12 de Noviembre mercadillo cl\u00e1sico en Almer\u00eda - lamaneta<\/title>\n<meta name=\"robots\" content=\"index, follow, max-snippet:-1, max-image-preview:large, max-video-preview:-1\" \/>\n<link rel=\"canonical\" href=\"https:\/\/lamaneta.com\/web\/5a-manetada-2016-el-12-de-noviembre-mercadillo-clasico-en-almeria\/\" \/>\n<meta property=\"og:locale\" content=\"es_ES\" \/>\n<meta property=\"og:type\" content=\"article\" \/>\n<meta property=\"og:title\" content=\"5\u00aa Manetada 2016, el 12 de Noviembre mercadillo cl\u00e1sico en Almer\u00eda - lamaneta\" \/>\n<meta property=\"og:description\" content=\"lamaneta.com organiza su quinta manetada, esta vez en el Parque Cient\u00edfico Tecnol\u00f3gico de Almeria, PITA. El d\u00eda 12 de Noviembre a las 9:00h abrir\u00e1 sus puertas la 5\u00aa Manetada organizada por lamaneta.com en horario de 9:00h a 15:00h. Una manetada es un mercadillo de motos antiguas y cl\u00e1sicas, especialmente dirigido a los aficionados tanto para [&hellip;]\" \/>\n<meta property=\"og:url\" content=\"https:\/\/lamaneta.com\/web\/5a-manetada-2016-el-12-de-noviembre-mercadillo-clasico-en-almeria\/\" \/>\n<meta property=\"og:site_name\" content=\"lamaneta\" \/>\n<meta property=\"article:published_time\" content=\"2016-09-29T16:25:17+00:00\" \/>\n<meta property=\"article:modified_time\" content=\"2017-01-19T05:25:47+00:00\" \/>\n<meta property=\"og:image\" content=\"https:\/\/lamaneta.com\/web\/wp-content\/uploads\/2016\/09\/Cartel2.jpg\" \/>\n\t<meta property=\"og:image:width\" content=\"1200\" \/>\n\t<meta property=\"og:image:height\" content=\"849\" \/>\n\t<meta property=\"og:image:type\" content=\"image\/jpeg\" \/>\n<meta name=\"author\" content=\"lamaneta\" \/>\n<meta name=\"twitter:card\" content=\"summary_large_image\" \/>\n<meta name=\"twitter:label1\" content=\"Escrito por\" \/>\n\t<meta name=\"twitter:data1\" content=\"lamaneta\" \/>\n\t<meta name=\"twitter:label2\" content=\"Tiempo de lectura\" \/>\n\t<meta name=\"twitter:data2\" content=\"1 minuto\" \/>\n<script type=\"application\/ld+json\" class=\"yoast-schema-graph\">{\"@context\":\"https:\\\/\\\/schema.org\",\"@graph\":[{\"@type\":\"Article\",\"@id\":\"https:\\\/\\\/lamaneta.com\\\/web\\\/5a-manetada-2016-el-12-de-noviembre-mercadillo-clasico-en-almeria\\\/#article\",\"isPartOf\":{\"@id\":\"https:\\\/\\\/lamaneta.com\\\/web\\\/5a-manetada-2016-el-12-de-noviembre-mercadillo-clasico-en-almeria\\\/\"},\"author\":{\"name\":\"lamaneta\",\"@id\":\"https:\\\/\\\/lamaneta.com\\\/web\\\/#\\\/schema\\\/person\\\/6be45709b77bdb9c8487ad333857fec1\"},\"headline\":\"5\u00aa Manetada 2016, el 12 de Noviembre mercadillo cl\u00e1sico en Almer\u00eda\",\"datePublished\":\"2016-09-29T16:25:17+00:00\",\"dateModified\":\"2017-01-19T05:25:47+00:00\",\"mainEntityOfPage\":{\"@id\":\"https:\\\/\\\/lamaneta.com\\\/web\\\/5a-manetada-2016-el-12-de-noviembre-mercadillo-clasico-en-almeria\\\/\"},\"wordCount\":110,\"commentCount\":0,\"image\":{\"@id\":\"https:\\\/\\\/lamaneta.com\\\/web\\\/5a-manetada-2016-el-12-de-noviembre-mercadillo-clasico-en-almeria\\\/#primaryimage\"},\"thumbnailUrl\":\"https:\\\/\\\/lamaneta.com\\\/web\\\/wp-content\\\/uploads\\\/2016\\\/09\\\/Cartel2.jpg\",\"keywords\":[\"manetada\"],\"articleSection\":[\"Ferias y mercadillos\"],\"inLanguage\":\"es\",\"potentialAction\":[{\"@type\":\"CommentAction\",\"name\":\"Comment\",\"target\":[\"https:\\\/\\\/lamaneta.com\\\/web\\\/5a-manetada-2016-el-12-de-noviembre-mercadillo-clasico-en-almeria\\\/#respond\"]}]},{\"@type\":\"WebPage\",\"@id\":\"https:\\\/\\\/lamaneta.com\\\/web\\\/5a-manetada-2016-el-12-de-noviembre-mercadillo-clasico-en-almeria\\\/\",\"url\":\"https:\\\/\\\/lamaneta.com\\\/web\\\/5a-manetada-2016-el-12-de-noviembre-mercadillo-clasico-en-almeria\\\/\",\"name\":\"5\u00aa Manetada 2016, el 12 de Noviembre mercadillo cl\u00e1sico en Almer\u00eda - lamaneta\",\"isPartOf\":{\"@id\":\"https:\\\/\\\/lamaneta.com\\\/web\\\/#website\"},\"primaryImageOfPage\":{\"@id\":\"https:\\\/\\\/lamaneta.com\\\/web\\\/5a-manetada-2016-el-12-de-noviembre-mercadillo-clasico-en-almeria\\\/#primaryimage\"},\"image\":{\"@id\":\"https:\\\/\\\/lamaneta.com\\\/web\\\/5a-manetada-2016-el-12-de-noviembre-mercadillo-clasico-en-almeria\\\/#primaryimage\"},\"thumbnailUrl\":\"https:\\\/\\\/lamaneta.com\\\/web\\\/wp-content\\\/uploads\\\/2016\\\/09\\\/Cartel2.jpg\",\"datePublished\":\"2016-09-29T16:25:17+00:00\",\"dateModified\":\"2017-01-19T05:25:47+00:00\",\"author\":{\"@id\":\"https:\\\/\\\/lamaneta.com\\\/web\\\/#\\\/schema\\\/person\\\/6be45709b77bdb9c8487ad333857fec1\"},\"breadcrumb\":{\"@id\":\"https:\\\/\\\/lamaneta.com\\\/web\\\/5a-manetada-2016-el-12-de-noviembre-mercadillo-clasico-en-almeria\\\/#breadcrumb\"},\"inLanguage\":\"es\",\"potentialAction\":[{\"@type\":\"ReadAction\",\"target\":[\"https:\\\/\\\/lamaneta.com\\\/web\\\/5a-manetada-2016-el-12-de-noviembre-mercadillo-clasico-en-almeria\\\/\"]}]},{\"@type\":\"ImageObject\",\"inLanguage\":\"es\",\"@id\":\"https:\\\/\\\/lamaneta.com\\\/web\\\/5a-manetada-2016-el-12-de-noviembre-mercadillo-clasico-en-almeria\\\/#primaryimage\",\"url\":\"https:\\\/\\\/lamaneta.com\\\/web\\\/wp-content\\\/uploads\\\/2016\\\/09\\\/Cartel2.jpg\",\"contentUrl\":\"https:\\\/\\\/lamaneta.com\\\/web\\\/wp-content\\\/uploads\\\/2016\\\/09\\\/Cartel2.jpg\",\"width\":1200,\"height\":849},{\"@type\":\"BreadcrumbList\",\"@id\":\"https:\\\/\\\/lamaneta.com\\\/web\\\/5a-manetada-2016-el-12-de-noviembre-mercadillo-clasico-en-almeria\\\/#breadcrumb\",\"itemListElement\":[{\"@type\":\"ListItem\",\"position\":1,\"name\":\"Portada\",\"item\":\"https:\\\/\\\/lamaneta.com\\\/web\\\/\"},{\"@type\":\"ListItem\",\"position\":2,\"name\":\"5\u00aa Manetada 2016, el 12 de Noviembre mercadillo cl\u00e1sico en Almer\u00eda\"}]},{\"@type\":\"WebSite\",\"@id\":\"https:\\\/\\\/lamaneta.com\\\/web\\\/#website\",\"url\":\"https:\\\/\\\/lamaneta.com\\\/web\\\/\",\"name\":\"lamaneta\",\"description\":\"El portal de la moto antigua y clasica.\",\"potentialAction\":[{\"@type\":\"SearchAction\",\"target\":{\"@type\":\"EntryPoint\",\"urlTemplate\":\"https:\\\/\\\/lamaneta.com\\\/web\\\/?s={search_term_string}\"},\"query-input\":{\"@type\":\"PropertyValueSpecification\",\"valueRequired\":true,\"valueName\":\"search_term_string\"}}],\"inLanguage\":\"es\"},{\"@type\":\"Person\",\"@id\":\"https:\\\/\\\/lamaneta.com\\\/web\\\/#\\\/schema\\\/person\\\/6be45709b77bdb9c8487ad333857fec1\",\"name\":\"lamaneta\",\"image\":{\"@type\":\"ImageObject\",\"inLanguage\":\"es\",\"@id\":\"https:\\\/\\\/secure.gravatar.com\\\/avatar\\\/6d68c86c57cfb5bc6f330fb377fef5a9?s=96&d=mm&r=g\",\"url\":\"https:\\\/\\\/secure.gravatar.com\\\/avatar\\\/6d68c86c57cfb5bc6f330fb377fef5a9?s=96&d=mm&r=g\",\"contentUrl\":\"https:\\\/\\\/secure.gravatar.com\\\/avatar\\\/6d68c86c57cfb5bc6f330fb377fef5a9?s=96&d=mm&r=g\",\"caption\":\"lamaneta\"},\"url\":\"https:\\\/\\\/lamaneta.com\\\/web\\\/author\\\/lamaneta\\\/\"}]}<\/script>\n<!-- \/ Yoast SEO plugin. -->","yoast_head_json":{"title":"5\u00aa Manetada 2016, el 12 de Noviembre mercadillo cl\u00e1sico en Almer\u00eda - lamaneta","robots":{"index":"index","follow":"follow","max-snippet":"max-snippet:-1","max-image-preview":"max-image-preview:large","max-video-preview":"max-video-preview:-1"},"canonical":"https:\/\/lamaneta.com\/web\/5a-manetada-2016-el-12-de-noviembre-mercadillo-clasico-en-almeria\/","og_locale":"es_ES","og_type":"article","og_title":"5\u00aa Manetada 2016, el 12 de Noviembre mercadillo cl\u00e1sico en Almer\u00eda - lamaneta","og_description":"lamaneta.com organiza su quinta manetada, esta vez en el Parque Cient\u00edfico Tecnol\u00f3gico de Almeria, PITA. El d\u00eda 12 de Noviembre a las 9:00h abrir\u00e1 sus puertas la 5\u00aa Manetada organizada por lamaneta.com en horario de 9:00h a 15:00h. Una manetada es un mercadillo de motos antiguas y cl\u00e1sicas, especialmente dirigido a los aficionados tanto para [&hellip;]","og_url":"https:\/\/lamaneta.com\/web\/5a-manetada-2016-el-12-de-noviembre-mercadillo-clasico-en-almeria\/","og_site_name":"lamaneta","article_published_time":"2016-09-29T16:25:17+00:00","article_modified_time":"2017-01-19T05:25:47+00:00","og_image":[{"width":1200,"height":849,"url":"https:\/\/lamaneta.com\/web\/wp-content\/uploads\/2016\/09\/Cartel2.jpg","type":"image\/jpeg"}],"author":"lamaneta","twitter_card":"summary_large_image","twitter_misc":{"Escrito por":"lamaneta","Tiempo de lectura":"1 minuto"},"schema":{"@context":"https:\/\/schema.org","@graph":[{"@type":"Article","@id":"https:\/\/lamaneta.com\/web\/5a-manetada-2016-el-12-de-noviembre-mercadillo-clasico-en-almeria\/#article","isPartOf":{"@id":"https:\/\/lamaneta.com\/web\/5a-manetada-2016-el-12-de-noviembre-mercadillo-clasico-en-almeria\/"},"author":{"name":"lamaneta","@id":"https:\/\/lamaneta.com\/web\/#\/schema\/person\/6be45709b77bdb9c8487ad333857fec1"},"headline":"5\u00aa Manetada 2016, el 12 de Noviembre mercadillo cl\u00e1sico en Almer\u00eda","datePublished":"2016-09-29T16:25:17+00:00","dateModified":"2017-01-19T05:25:47+00:00","mainEntityOfPage":{"@id":"https:\/\/lamaneta.com\/web\/5a-manetada-2016-el-12-de-noviembre-mercadillo-clasico-en-almeria\/"},"wordCount":110,"commentCount":0,"image":{"@id":"https:\/\/lamaneta.com\/web\/5a-manetada-2016-el-12-de-noviembre-mercadillo-clasico-en-almeria\/#primaryimage"},"thumbnailUrl":"https:\/\/lamaneta.com\/web\/wp-content\/uploads\/2016\/09\/Cartel2.jpg","keywords":["manetada"],"articleSection":["Ferias y mercadillos"],"inLanguage":"es","potentialAction":[{"@type":"CommentAction","name":"Comment","target":["https:\/\/lamaneta.com\/web\/5a-manetada-2016-el-12-de-noviembre-mercadillo-clasico-en-almeria\/#respond"]}]},{"@type":"WebPage","@id":"https:\/\/lamaneta.com\/web\/5a-manetada-2016-el-12-de-noviembre-mercadillo-clasico-en-almeria\/","url":"https:\/\/lamaneta.com\/web\/5a-manetada-2016-el-12-de-noviembre-mercadillo-clasico-en-almeria\/","name":"5\u00aa Manetada 2016, el 12 de Noviembre mercadillo cl\u00e1sico en Almer\u00eda - lamaneta","isPartOf":{"@id":"https:\/\/lamaneta.com\/web\/#website"},"primaryImageOfPage":{"@id":"https:\/\/lamaneta.com\/web\/5a-manetada-2016-el-12-de-noviembre-mercadillo-clasico-en-almeria\/#primaryimage"},"image":{"@id":"https:\/\/lamaneta.com\/web\/5a-manetada-2016-el-12-de-noviembre-mercadillo-clasico-en-almeria\/#primaryimage"},"thumbnailUrl":"https:\/\/lamaneta.com\/web\/wp-content\/uploads\/2016\/09\/Cartel2.jpg","datePublished":"2016-09-29T16:25:17+00:00","dateModified":"2017-01-19T05:25:47+00:00","author":{"@id":"https:\/\/lamaneta.com\/web\/#\/schema\/person\/6be45709b77bdb9c8487ad333857fec1"},"breadcrumb":{"@id":"https:\/\/lamaneta.com\/web\/5a-manetada-2016-el-12-de-noviembre-mercadillo-clasico-en-almeria\/#breadcrumb"},"inLanguage":"es","potentialAction":[{"@type":"ReadAction","target":["https:\/\/lamaneta.com\/web\/5a-manetada-2016-el-12-de-noviembre-mercadillo-clasico-en-almeria\/"]}]},{"@type":"ImageObject","inLanguage":"es","@id":"https:\/\/lamaneta.com\/web\/5a-manetada-2016-el-12-de-noviembre-mercadillo-clasico-en-almeria\/#primaryimage","url":"https:\/\/lamaneta.com\/web\/wp-content\/uploads\/2016\/09\/Cartel2.jpg","contentUrl":"https:\/\/lamaneta.com\/web\/wp-content\/uploads\/2016\/09\/Cartel2.jpg","width":1200,"height":849},{"@type":"BreadcrumbList","@id":"https:\/\/lamaneta.com\/web\/5a-manetada-2016-el-12-de-noviembre-mercadillo-clasico-en-almeria\/#breadcrumb","itemListElement":[{"@type":"ListItem","position":1,"name":"Portada","item":"https:\/\/lamaneta.com\/web\/"},{"@type":"ListItem","position":2,"name":"5\u00aa Manetada 2016, el 12 de Noviembre mercadillo cl\u00e1sico en Almer\u00eda"}]},{"@type":"WebSite","@id":"https:\/\/lamaneta.com\/web\/#website","url":"https:\/\/lamaneta.com\/web\/","name":"lamaneta","description":"El portal de la moto antigua y clasica.","potentialAction":[{"@type":"SearchAction","target":{"@type":"EntryPoint","urlTemplate":"https:\/\/lamaneta.com\/web\/?s={search_term_string}"},"query-input":{"@type":"PropertyValueSpecification","valueRequired":true,"valueName":"search_term_string"}}],"inLanguage":"es"},{"@type":"Person","@id":"https:\/\/lamaneta.com\/web\/#\/schema\/person\/6be45709b77bdb9c8487ad333857fec1","name":"lamaneta","image":{"@type":"ImageObject","inLanguage":"es","@id":"https:\/\/secure.gravatar.com\/avatar\/6d68c86c57cfb5bc6f330fb377fef5a9?s=96&d=mm&r=g","url":"https:\/\/secure.gravatar.com\/avatar\/6d68c86c57cfb5bc6f330fb377fef5a9?s=96&d=mm&r=g","contentUrl":"https:\/\/secure.gravatar.com\/avatar\/6d68c86c57cfb5bc6f330fb377fef5a9?s=96&d=mm&r=g","caption":"lamaneta"},"url":"https:\/\/lamaneta.com\/web\/author\/lamaneta\/"}]}},"_links":{"self":[{"href":"https:\/\/lamaneta.com\/web\/wp-json\/wp\/v2\/posts\/24409","targetHints":{"allow":["GET"]}}],"collection":[{"href":"https:\/\/lamaneta.com\/web\/wp-json\/wp\/v2\/posts"}],"about":[{"href":"https:\/\/lamaneta.com\/web\/wp-json\/wp\/v2\/types\/post"}],"author":[{"embeddable":true,"href":"https:\/\/lamaneta.com\/web\/wp-json\/wp\/v2\/users\/1"}],"replies":[{"embeddable":true,"href":"https:\/\/lamaneta.com\/web\/wp-json\/wp\/v2\/comments?post=24409"}],"version-history":[{"count":1,"href":"https:\/\/lamaneta.com\/web\/wp-json\/wp\/v2\/posts\/24409\/revisions"}],"predecessor-version":[{"id":24410,"href":"https:\/\/lamaneta.com\/web\/wp-json\/wp\/v2\/posts\/24409\/revisions\/24410"}],"wp:featuredmedia":[{"embeddable":true,"href":"https:\/\/lamaneta.com\/web\/wp-json\/wp\/v2\/media\/24406"}],"wp:attachment":[{"href":"https:\/\/lamaneta.com\/web\/wp-json\/wp\/v2\/media?parent=24409"}],"wp:term":[{"taxonomy":"category","embeddable":true,"href":"https:\/\/lamaneta.com\/web\/wp-json\/wp\/v2\/categories?post=24409"},{"taxonomy":"post_tag","embeddable":true,"href":"https:\/\/lamaneta.com\/web\/wp-json\/wp\/v2\/tags?post=24409"}],"curies":[{"name":"wp","href":"https:\/\/api.w.org\/{rel}","templated":true}]}}