{"id":3619,"date":"2012-07-11T11:20:40","date_gmt":"2012-07-11T11:20:40","guid":{"rendered":"http:\/\/lamaneta.com\/news\/?p=3619"},"modified":"2012-07-11T11:22:31","modified_gmt":"2012-07-11T11:22:31","slug":"m-v-avello-de-125-cc-de-1954","status":"publish","type":"post","link":"https:\/\/lamaneta.com\/web\/m-v-avello-de-125-cc-de-1954\/","title":{"rendered":"M.V. Avell\u00f3 de 125 cc de 1954"},"content":{"rendered":"<p>M.V. Avell\u00f3 de 125 cc de 1954 MV<\/p>\n<p><strong>Nick o Alias: <\/strong>Medina<br \/>\n<strong>Marca:<\/strong> MV<br \/>\n<strong>Modelo:<\/strong> Avell\u00f3<br \/>\n<strong>Cilindrada: <\/strong>125 cc<br \/>\n<strong>A\u00f1o: <\/strong>1954<br \/>\n<strong>Tiempo empleado en restaurarla: <\/strong>4 meses<br \/>\n<strong>Comentarios<\/strong>:<br \/>\nMoto vista en un anuncio de una revista en octubre del 2008 y la compr\u00e9 en enero de 2009.<\/p>\n<p><strong>Fallos respecto a la original:<\/strong><br \/>\nLa suspensi\u00f3n delantera no es de origen y es muy dif\u00edcil de encontrar, el carburador de origen lleva la cuba al contrario de este, y la placa de matricula delantera si que es original, pero m\u00eda&#8230;<\/p>\n<p>[slideshow post_id=\u00bb3619&#8243;]<\/p>\n","protected":false},"excerpt":{"rendered":"<p>M.V. Avell\u00f3 de 125 cc de 1954 MV Nick o Alias: Medina Marca: MV Modelo: Avell\u00f3 Cilindrada: 125 cc A\u00f1o: 1954 Tiempo empleado en restaurarla: 4 meses Comentarios: Moto vista en un anuncio de una revista en octubre del 2008 y la compr\u00e9 en enero de 2009. Fallos respecto a la original: La suspensi\u00f3n delantera [&hellip;]<\/p>\n","protected":false},"author":1,"featured_media":3621,"comment_status":"open","ping_status":"open","sticky":false,"template":"","format":"standard","meta":{"footnotes":""},"categories":[107],"tags":[932],"class_list":["post-3619","post","type-post","status-publish","format-standard","has-post-thumbnail","hentry","category-nuestras-motos","tag-m-v-avello-de-125-cc-de-1954"],"yoast_head":"<!-- This site is optimized with the Yoast SEO plugin v27.5 - https:\/\/yoast.com\/product\/yoast-seo-wordpress\/ -->\n<title>M.V. Avell\u00f3 de 125 cc de 1954 - lamaneta<\/title>\n<meta name=\"robots\" content=\"index, follow, max-snippet:-1, max-image-preview:large, max-video-preview:-1\" \/>\n<link rel=\"canonical\" href=\"https:\/\/lamaneta.com\/web\/m-v-avello-de-125-cc-de-1954\/\" \/>\n<meta property=\"og:locale\" content=\"es_ES\" \/>\n<meta property=\"og:type\" content=\"article\" \/>\n<meta property=\"og:title\" content=\"M.V. Avell\u00f3 de 125 cc de 1954 - lamaneta\" \/>\n<meta property=\"og:description\" content=\"M.V. Avell\u00f3 de 125 cc de 1954 MV Nick o Alias: Medina Marca: MV Modelo: Avell\u00f3 Cilindrada: 125 cc A\u00f1o: 1954 Tiempo empleado en restaurarla: 4 meses Comentarios: Moto vista en un anuncio de una revista en octubre del 2008 y la compr\u00e9 en enero de 2009. Fallos respecto a la original: La suspensi\u00f3n delantera [&hellip;]\" \/>\n<meta property=\"og:url\" content=\"https:\/\/lamaneta.com\/web\/m-v-avello-de-125-cc-de-1954\/\" \/>\n<meta property=\"og:site_name\" content=\"lamaneta\" \/>\n<meta property=\"article:published_time\" content=\"2012-07-11T11:20:40+00:00\" \/>\n<meta property=\"article:modified_time\" content=\"2012-07-11T11:22:31+00:00\" \/>\n<meta property=\"og:image\" content=\"https:\/\/lamaneta.com\/web\/wp-content\/uploads\/2012\/07\/foto122.jpg\" \/>\n\t<meta property=\"og:image:width\" content=\"800\" \/>\n\t<meta property=\"og:image:height\" content=\"600\" \/>\n\t<meta property=\"og:image:type\" content=\"image\/jpeg\" \/>\n<meta name=\"author\" content=\"lamaneta\" \/>\n<meta name=\"twitter:card\" content=\"summary_large_image\" \/>\n<meta name=\"twitter:label1\" content=\"Escrito por\" \/>\n\t<meta name=\"twitter:data1\" content=\"lamaneta\" \/>\n<script type=\"application\/ld+json\" class=\"yoast-schema-graph\">{\"@context\":\"https:\\\/\\\/schema.org\",\"@graph\":[{\"@type\":\"Article\",\"@id\":\"https:\\\/\\\/lamaneta.com\\\/web\\\/m-v-avello-de-125-cc-de-1954\\\/#article\",\"isPartOf\":{\"@id\":\"https:\\\/\\\/lamaneta.com\\\/web\\\/m-v-avello-de-125-cc-de-1954\\\/\"},\"author\":{\"name\":\"lamaneta\",\"@id\":\"https:\\\/\\\/lamaneta.com\\\/web\\\/#\\\/schema\\\/person\\\/6be45709b77bdb9c8487ad333857fec1\"},\"headline\":\"M.V. Avell\u00f3 de 125 cc de 1954\",\"datePublished\":\"2012-07-11T11:20:40+00:00\",\"dateModified\":\"2012-07-11T11:22:31+00:00\",\"mainEntityOfPage\":{\"@id\":\"https:\\\/\\\/lamaneta.com\\\/web\\\/m-v-avello-de-125-cc-de-1954\\\/\"},\"wordCount\":95,\"commentCount\":1,\"image\":{\"@id\":\"https:\\\/\\\/lamaneta.com\\\/web\\\/m-v-avello-de-125-cc-de-1954\\\/#primaryimage\"},\"thumbnailUrl\":\"https:\\\/\\\/lamaneta.com\\\/web\\\/wp-content\\\/uploads\\\/2012\\\/07\\\/foto122.jpg\",\"keywords\":[\"M.V. Avell\u00f3 de 125 cc de 1954\"],\"articleSection\":[\"Nuestras motos\"],\"inLanguage\":\"es\",\"potentialAction\":[{\"@type\":\"CommentAction\",\"name\":\"Comment\",\"target\":[\"https:\\\/\\\/lamaneta.com\\\/web\\\/m-v-avello-de-125-cc-de-1954\\\/#respond\"]}]},{\"@type\":\"WebPage\",\"@id\":\"https:\\\/\\\/lamaneta.com\\\/web\\\/m-v-avello-de-125-cc-de-1954\\\/\",\"url\":\"https:\\\/\\\/lamaneta.com\\\/web\\\/m-v-avello-de-125-cc-de-1954\\\/\",\"name\":\"M.V. Avell\u00f3 de 125 cc de 1954 - lamaneta\",\"isPartOf\":{\"@id\":\"https:\\\/\\\/lamaneta.com\\\/web\\\/#website\"},\"primaryImageOfPage\":{\"@id\":\"https:\\\/\\\/lamaneta.com\\\/web\\\/m-v-avello-de-125-cc-de-1954\\\/#primaryimage\"},\"image\":{\"@id\":\"https:\\\/\\\/lamaneta.com\\\/web\\\/m-v-avello-de-125-cc-de-1954\\\/#primaryimage\"},\"thumbnailUrl\":\"https:\\\/\\\/lamaneta.com\\\/web\\\/wp-content\\\/uploads\\\/2012\\\/07\\\/foto122.jpg\",\"datePublished\":\"2012-07-11T11:20:40+00:00\",\"dateModified\":\"2012-07-11T11:22:31+00:00\",\"author\":{\"@id\":\"https:\\\/\\\/lamaneta.com\\\/web\\\/#\\\/schema\\\/person\\\/6be45709b77bdb9c8487ad333857fec1\"},\"breadcrumb\":{\"@id\":\"https:\\\/\\\/lamaneta.com\\\/web\\\/m-v-avello-de-125-cc-de-1954\\\/#breadcrumb\"},\"inLanguage\":\"es\",\"potentialAction\":[{\"@type\":\"ReadAction\",\"target\":[\"https:\\\/\\\/lamaneta.com\\\/web\\\/m-v-avello-de-125-cc-de-1954\\\/\"]}]},{\"@type\":\"ImageObject\",\"inLanguage\":\"es\",\"@id\":\"https:\\\/\\\/lamaneta.com\\\/web\\\/m-v-avello-de-125-cc-de-1954\\\/#primaryimage\",\"url\":\"https:\\\/\\\/lamaneta.com\\\/web\\\/wp-content\\\/uploads\\\/2012\\\/07\\\/foto122.jpg\",\"contentUrl\":\"https:\\\/\\\/lamaneta.com\\\/web\\\/wp-content\\\/uploads\\\/2012\\\/07\\\/foto122.jpg\",\"width\":\"800\",\"height\":\"600\"},{\"@type\":\"BreadcrumbList\",\"@id\":\"https:\\\/\\\/lamaneta.com\\\/web\\\/m-v-avello-de-125-cc-de-1954\\\/#breadcrumb\",\"itemListElement\":[{\"@type\":\"ListItem\",\"position\":1,\"name\":\"Portada\",\"item\":\"https:\\\/\\\/lamaneta.com\\\/web\\\/\"},{\"@type\":\"ListItem\",\"position\":2,\"name\":\"M.V. Avell\u00f3 de 125 cc de 1954\"}]},{\"@type\":\"WebSite\",\"@id\":\"https:\\\/\\\/lamaneta.com\\\/web\\\/#website\",\"url\":\"https:\\\/\\\/lamaneta.com\\\/web\\\/\",\"name\":\"lamaneta\",\"description\":\"El portal de la moto antigua y clasica.\",\"potentialAction\":[{\"@type\":\"SearchAction\",\"target\":{\"@type\":\"EntryPoint\",\"urlTemplate\":\"https:\\\/\\\/lamaneta.com\\\/web\\\/?s={search_term_string}\"},\"query-input\":{\"@type\":\"PropertyValueSpecification\",\"valueRequired\":true,\"valueName\":\"search_term_string\"}}],\"inLanguage\":\"es\"},{\"@type\":\"Person\",\"@id\":\"https:\\\/\\\/lamaneta.com\\\/web\\\/#\\\/schema\\\/person\\\/6be45709b77bdb9c8487ad333857fec1\",\"name\":\"lamaneta\",\"image\":{\"@type\":\"ImageObject\",\"inLanguage\":\"es\",\"@id\":\"https:\\\/\\\/secure.gravatar.com\\\/avatar\\\/6d68c86c57cfb5bc6f330fb377fef5a9?s=96&d=mm&r=g\",\"url\":\"https:\\\/\\\/secure.gravatar.com\\\/avatar\\\/6d68c86c57cfb5bc6f330fb377fef5a9?s=96&d=mm&r=g\",\"contentUrl\":\"https:\\\/\\\/secure.gravatar.com\\\/avatar\\\/6d68c86c57cfb5bc6f330fb377fef5a9?s=96&d=mm&r=g\",\"caption\":\"lamaneta\"},\"url\":\"https:\\\/\\\/lamaneta.com\\\/web\\\/author\\\/lamaneta\\\/\"}]}<\/script>\n<!-- \/ Yoast SEO plugin. -->","yoast_head_json":{"title":"M.V. Avell\u00f3 de 125 cc de 1954 - lamaneta","robots":{"index":"index","follow":"follow","max-snippet":"max-snippet:-1","max-image-preview":"max-image-preview:large","max-video-preview":"max-video-preview:-1"},"canonical":"https:\/\/lamaneta.com\/web\/m-v-avello-de-125-cc-de-1954\/","og_locale":"es_ES","og_type":"article","og_title":"M.V. Avell\u00f3 de 125 cc de 1954 - lamaneta","og_description":"M.V. Avell\u00f3 de 125 cc de 1954 MV Nick o Alias: Medina Marca: MV Modelo: Avell\u00f3 Cilindrada: 125 cc A\u00f1o: 1954 Tiempo empleado en restaurarla: 4 meses Comentarios: Moto vista en un anuncio de una revista en octubre del 2008 y la compr\u00e9 en enero de 2009. Fallos respecto a la original: La suspensi\u00f3n delantera [&hellip;]","og_url":"https:\/\/lamaneta.com\/web\/m-v-avello-de-125-cc-de-1954\/","og_site_name":"lamaneta","article_published_time":"2012-07-11T11:20:40+00:00","article_modified_time":"2012-07-11T11:22:31+00:00","og_image":[{"width":800,"height":600,"url":"https:\/\/lamaneta.com\/web\/wp-content\/uploads\/2012\/07\/foto122.jpg","type":"image\/jpeg"}],"author":"lamaneta","twitter_card":"summary_large_image","twitter_misc":{"Escrito por":"lamaneta"},"schema":{"@context":"https:\/\/schema.org","@graph":[{"@type":"Article","@id":"https:\/\/lamaneta.com\/web\/m-v-avello-de-125-cc-de-1954\/#article","isPartOf":{"@id":"https:\/\/lamaneta.com\/web\/m-v-avello-de-125-cc-de-1954\/"},"author":{"name":"lamaneta","@id":"https:\/\/lamaneta.com\/web\/#\/schema\/person\/6be45709b77bdb9c8487ad333857fec1"},"headline":"M.V. Avell\u00f3 de 125 cc de 1954","datePublished":"2012-07-11T11:20:40+00:00","dateModified":"2012-07-11T11:22:31+00:00","mainEntityOfPage":{"@id":"https:\/\/lamaneta.com\/web\/m-v-avello-de-125-cc-de-1954\/"},"wordCount":95,"commentCount":1,"image":{"@id":"https:\/\/lamaneta.com\/web\/m-v-avello-de-125-cc-de-1954\/#primaryimage"},"thumbnailUrl":"https:\/\/lamaneta.com\/web\/wp-content\/uploads\/2012\/07\/foto122.jpg","keywords":["M.V. Avell\u00f3 de 125 cc de 1954"],"articleSection":["Nuestras motos"],"inLanguage":"es","potentialAction":[{"@type":"CommentAction","name":"Comment","target":["https:\/\/lamaneta.com\/web\/m-v-avello-de-125-cc-de-1954\/#respond"]}]},{"@type":"WebPage","@id":"https:\/\/lamaneta.com\/web\/m-v-avello-de-125-cc-de-1954\/","url":"https:\/\/lamaneta.com\/web\/m-v-avello-de-125-cc-de-1954\/","name":"M.V. Avell\u00f3 de 125 cc de 1954 - lamaneta","isPartOf":{"@id":"https:\/\/lamaneta.com\/web\/#website"},"primaryImageOfPage":{"@id":"https:\/\/lamaneta.com\/web\/m-v-avello-de-125-cc-de-1954\/#primaryimage"},"image":{"@id":"https:\/\/lamaneta.com\/web\/m-v-avello-de-125-cc-de-1954\/#primaryimage"},"thumbnailUrl":"https:\/\/lamaneta.com\/web\/wp-content\/uploads\/2012\/07\/foto122.jpg","datePublished":"2012-07-11T11:20:40+00:00","dateModified":"2012-07-11T11:22:31+00:00","author":{"@id":"https:\/\/lamaneta.com\/web\/#\/schema\/person\/6be45709b77bdb9c8487ad333857fec1"},"breadcrumb":{"@id":"https:\/\/lamaneta.com\/web\/m-v-avello-de-125-cc-de-1954\/#breadcrumb"},"inLanguage":"es","potentialAction":[{"@type":"ReadAction","target":["https:\/\/lamaneta.com\/web\/m-v-avello-de-125-cc-de-1954\/"]}]},{"@type":"ImageObject","inLanguage":"es","@id":"https:\/\/lamaneta.com\/web\/m-v-avello-de-125-cc-de-1954\/#primaryimage","url":"https:\/\/lamaneta.com\/web\/wp-content\/uploads\/2012\/07\/foto122.jpg","contentUrl":"https:\/\/lamaneta.com\/web\/wp-content\/uploads\/2012\/07\/foto122.jpg","width":"800","height":"600"},{"@type":"BreadcrumbList","@id":"https:\/\/lamaneta.com\/web\/m-v-avello-de-125-cc-de-1954\/#breadcrumb","itemListElement":[{"@type":"ListItem","position":1,"name":"Portada","item":"https:\/\/lamaneta.com\/web\/"},{"@type":"ListItem","position":2,"name":"M.V. Avell\u00f3 de 125 cc de 1954"}]},{"@type":"WebSite","@id":"https:\/\/lamaneta.com\/web\/#website","url":"https:\/\/lamaneta.com\/web\/","name":"lamaneta","description":"El portal de la moto antigua y clasica.","potentialAction":[{"@type":"SearchAction","target":{"@type":"EntryPoint","urlTemplate":"https:\/\/lamaneta.com\/web\/?s={search_term_string}"},"query-input":{"@type":"PropertyValueSpecification","valueRequired":true,"valueName":"search_term_string"}}],"inLanguage":"es"},{"@type":"Person","@id":"https:\/\/lamaneta.com\/web\/#\/schema\/person\/6be45709b77bdb9c8487ad333857fec1","name":"lamaneta","image":{"@type":"ImageObject","inLanguage":"es","@id":"https:\/\/secure.gravatar.com\/avatar\/6d68c86c57cfb5bc6f330fb377fef5a9?s=96&d=mm&r=g","url":"https:\/\/secure.gravatar.com\/avatar\/6d68c86c57cfb5bc6f330fb377fef5a9?s=96&d=mm&r=g","contentUrl":"https:\/\/secure.gravatar.com\/avatar\/6d68c86c57cfb5bc6f330fb377fef5a9?s=96&d=mm&r=g","caption":"lamaneta"},"url":"https:\/\/lamaneta.com\/web\/author\/lamaneta\/"}]}},"_links":{"self":[{"href":"https:\/\/lamaneta.com\/web\/wp-json\/wp\/v2\/posts\/3619","targetHints":{"allow":["GET"]}}],"collection":[{"href":"https:\/\/lamaneta.com\/web\/wp-json\/wp\/v2\/posts"}],"about":[{"href":"https:\/\/lamaneta.com\/web\/wp-json\/wp\/v2\/types\/post"}],"author":[{"embeddable":true,"href":"https:\/\/lamaneta.com\/web\/wp-json\/wp\/v2\/users\/1"}],"replies":[{"embeddable":true,"href":"https:\/\/lamaneta.com\/web\/wp-json\/wp\/v2\/comments?post=3619"}],"version-history":[{"count":0,"href":"https:\/\/lamaneta.com\/web\/wp-json\/wp\/v2\/posts\/3619\/revisions"}],"wp:featuredmedia":[{"embeddable":true,"href":"https:\/\/lamaneta.com\/web\/wp-json\/wp\/v2\/media\/3621"}],"wp:attachment":[{"href":"https:\/\/lamaneta.com\/web\/wp-json\/wp\/v2\/media?parent=3619"}],"wp:term":[{"taxonomy":"category","embeddable":true,"href":"https:\/\/lamaneta.com\/web\/wp-json\/wp\/v2\/categories?post=3619"},{"taxonomy":"post_tag","embeddable":true,"href":"https:\/\/lamaneta.com\/web\/wp-json\/wp\/v2\/tags?post=3619"}],"curies":[{"name":"wp","href":"https:\/\/api.w.org\/{rel}","templated":true}]}}