{"id":3796,"date":"2012-07-11T18:01:17","date_gmt":"2012-07-11T18:01:17","guid":{"rendered":"http:\/\/lamaneta.com\/news\/?p=3796"},"modified":"2012-07-11T18:03:27","modified_gmt":"2012-07-11T18:03:27","slug":"montesa-cota-3494-de-349-cc-y-de-1982","status":"publish","type":"post","link":"https:\/\/lamaneta.com\/web\/montesa-cota-3494-de-349-cc-y-de-1982\/","title":{"rendered":"Montesa Cota 349\/4 de 349 cc y de 1982"},"content":{"rendered":"<p>Montesa Cota 349\/4 de 349 cc y de 1982<\/p>\n<p><strong>Nick o Alias: <\/strong>KingScorpion<br \/>\n<strong>Marca:<\/strong> Montesa<br \/>\n<strong>Modelo:<\/strong> Cota 349\/4<br \/>\n<strong>Cilindrada: <\/strong>349 cc<br \/>\n<strong>A\u00f1o: <\/strong>1982<br \/>\n<strong>Tiempo empleado en restaurarla: <\/strong>conservada, aunque ahora preparada para trial de cl\u00e1sicas.<br \/>\n<strong>Comentarios<\/strong>:<br \/>\nLa moto con la que volv\u00ed al trial. Mantenida original excepto el pu\u00f1o de gas Amal, y no s\u00e9 si el manillar. No creo que muchas Montesas hayan tenido la suerte de tener como probador al gran Mick Andrews. Ni muchas 349\/4 que se hayan encontrado con su piloto probador veinticinco a\u00f1os despu\u00e9s de salir de f\u00e1brica, y en mitad de una carrera. Una moto afortunada y que me ha hecho disfrutar como pocas.<\/p>\n<p>[slideshow post_id=\u00bb3796&#8243;]<\/p>\n","protected":false},"excerpt":{"rendered":"<p>Montesa Cota 349\/4 de 349 cc y de 1982 Nick o Alias: KingScorpion Marca: Montesa Modelo: Cota 349\/4 Cilindrada: 349 cc A\u00f1o: 1982 Tiempo empleado en restaurarla: conservada, aunque ahora preparada para trial de cl\u00e1sicas. Comentarios: La moto con la que volv\u00ed al trial. Mantenida original excepto el pu\u00f1o de gas Amal, y no s\u00e9 [&hellip;]<\/p>\n","protected":false},"author":1,"featured_media":3798,"comment_status":"open","ping_status":"open","sticky":false,"template":"","format":"standard","meta":{"footnotes":""},"categories":[107],"tags":[958],"class_list":["post-3796","post","type-post","status-publish","format-standard","has-post-thumbnail","hentry","category-nuestras-motos","tag-montesa-cota-3494-de-349-cc-y-de-1982"],"yoast_head":"<!-- This site is optimized with the Yoast SEO plugin v27.5 - https:\/\/yoast.com\/product\/yoast-seo-wordpress\/ -->\n<title>Montesa Cota 349\/4 de 349 cc y de 1982 - lamaneta<\/title>\n<meta name=\"robots\" content=\"index, follow, max-snippet:-1, max-image-preview:large, max-video-preview:-1\" \/>\n<link rel=\"canonical\" href=\"https:\/\/lamaneta.com\/web\/montesa-cota-3494-de-349-cc-y-de-1982\/\" \/>\n<meta property=\"og:locale\" content=\"es_ES\" \/>\n<meta property=\"og:type\" content=\"article\" \/>\n<meta property=\"og:title\" content=\"Montesa Cota 349\/4 de 349 cc y de 1982 - lamaneta\" \/>\n<meta property=\"og:description\" content=\"Montesa Cota 349\/4 de 349 cc y de 1982 Nick o Alias: KingScorpion Marca: Montesa Modelo: Cota 349\/4 Cilindrada: 349 cc A\u00f1o: 1982 Tiempo empleado en restaurarla: conservada, aunque ahora preparada para trial de cl\u00e1sicas. Comentarios: La moto con la que volv\u00ed al trial. Mantenida original excepto el pu\u00f1o de gas Amal, y no s\u00e9 [&hellip;]\" \/>\n<meta property=\"og:url\" content=\"https:\/\/lamaneta.com\/web\/montesa-cota-3494-de-349-cc-y-de-1982\/\" \/>\n<meta property=\"og:site_name\" content=\"lamaneta\" \/>\n<meta property=\"article:published_time\" content=\"2012-07-11T18:01:17+00:00\" \/>\n<meta property=\"article:modified_time\" content=\"2012-07-11T18:03:27+00:00\" \/>\n<meta property=\"og:image\" content=\"https:\/\/lamaneta.com\/web\/wp-content\/uploads\/2012\/07\/foto149.jpg\" \/>\n\t<meta property=\"og:image:width\" content=\"800\" \/>\n\t<meta property=\"og:image:height\" content=\"600\" \/>\n\t<meta property=\"og:image:type\" content=\"image\/jpeg\" \/>\n<meta name=\"author\" content=\"lamaneta\" \/>\n<meta name=\"twitter:card\" content=\"summary_large_image\" \/>\n<meta name=\"twitter:label1\" content=\"Escrito por\" \/>\n\t<meta name=\"twitter:data1\" content=\"lamaneta\" \/>\n\t<meta name=\"twitter:label2\" content=\"Tiempo de lectura\" \/>\n\t<meta name=\"twitter:data2\" content=\"1 minuto\" \/>\n<script type=\"application\/ld+json\" class=\"yoast-schema-graph\">{\"@context\":\"https:\\\/\\\/schema.org\",\"@graph\":[{\"@type\":\"Article\",\"@id\":\"https:\\\/\\\/lamaneta.com\\\/web\\\/montesa-cota-3494-de-349-cc-y-de-1982\\\/#article\",\"isPartOf\":{\"@id\":\"https:\\\/\\\/lamaneta.com\\\/web\\\/montesa-cota-3494-de-349-cc-y-de-1982\\\/\"},\"author\":{\"name\":\"lamaneta\",\"@id\":\"https:\\\/\\\/lamaneta.com\\\/web\\\/#\\\/schema\\\/person\\\/6be45709b77bdb9c8487ad333857fec1\"},\"headline\":\"Montesa Cota 349\\\/4 de 349 cc y de 1982\",\"datePublished\":\"2012-07-11T18:01:17+00:00\",\"dateModified\":\"2012-07-11T18:03:27+00:00\",\"mainEntityOfPage\":{\"@id\":\"https:\\\/\\\/lamaneta.com\\\/web\\\/montesa-cota-3494-de-349-cc-y-de-1982\\\/\"},\"wordCount\":118,\"commentCount\":0,\"image\":{\"@id\":\"https:\\\/\\\/lamaneta.com\\\/web\\\/montesa-cota-3494-de-349-cc-y-de-1982\\\/#primaryimage\"},\"thumbnailUrl\":\"https:\\\/\\\/lamaneta.com\\\/web\\\/wp-content\\\/uploads\\\/2012\\\/07\\\/foto149.jpg\",\"keywords\":[\"Montesa Cota 349\\\/4 de 349 cc y de 1982\"],\"articleSection\":[\"Nuestras motos\"],\"inLanguage\":\"es\",\"potentialAction\":[{\"@type\":\"CommentAction\",\"name\":\"Comment\",\"target\":[\"https:\\\/\\\/lamaneta.com\\\/web\\\/montesa-cota-3494-de-349-cc-y-de-1982\\\/#respond\"]}]},{\"@type\":\"WebPage\",\"@id\":\"https:\\\/\\\/lamaneta.com\\\/web\\\/montesa-cota-3494-de-349-cc-y-de-1982\\\/\",\"url\":\"https:\\\/\\\/lamaneta.com\\\/web\\\/montesa-cota-3494-de-349-cc-y-de-1982\\\/\",\"name\":\"Montesa Cota 349\\\/4 de 349 cc y de 1982 - lamaneta\",\"isPartOf\":{\"@id\":\"https:\\\/\\\/lamaneta.com\\\/web\\\/#website\"},\"primaryImageOfPage\":{\"@id\":\"https:\\\/\\\/lamaneta.com\\\/web\\\/montesa-cota-3494-de-349-cc-y-de-1982\\\/#primaryimage\"},\"image\":{\"@id\":\"https:\\\/\\\/lamaneta.com\\\/web\\\/montesa-cota-3494-de-349-cc-y-de-1982\\\/#primaryimage\"},\"thumbnailUrl\":\"https:\\\/\\\/lamaneta.com\\\/web\\\/wp-content\\\/uploads\\\/2012\\\/07\\\/foto149.jpg\",\"datePublished\":\"2012-07-11T18:01:17+00:00\",\"dateModified\":\"2012-07-11T18:03:27+00:00\",\"author\":{\"@id\":\"https:\\\/\\\/lamaneta.com\\\/web\\\/#\\\/schema\\\/person\\\/6be45709b77bdb9c8487ad333857fec1\"},\"breadcrumb\":{\"@id\":\"https:\\\/\\\/lamaneta.com\\\/web\\\/montesa-cota-3494-de-349-cc-y-de-1982\\\/#breadcrumb\"},\"inLanguage\":\"es\",\"potentialAction\":[{\"@type\":\"ReadAction\",\"target\":[\"https:\\\/\\\/lamaneta.com\\\/web\\\/montesa-cota-3494-de-349-cc-y-de-1982\\\/\"]}]},{\"@type\":\"ImageObject\",\"inLanguage\":\"es\",\"@id\":\"https:\\\/\\\/lamaneta.com\\\/web\\\/montesa-cota-3494-de-349-cc-y-de-1982\\\/#primaryimage\",\"url\":\"https:\\\/\\\/lamaneta.com\\\/web\\\/wp-content\\\/uploads\\\/2012\\\/07\\\/foto149.jpg\",\"contentUrl\":\"https:\\\/\\\/lamaneta.com\\\/web\\\/wp-content\\\/uploads\\\/2012\\\/07\\\/foto149.jpg\",\"width\":\"800\",\"height\":\"600\"},{\"@type\":\"BreadcrumbList\",\"@id\":\"https:\\\/\\\/lamaneta.com\\\/web\\\/montesa-cota-3494-de-349-cc-y-de-1982\\\/#breadcrumb\",\"itemListElement\":[{\"@type\":\"ListItem\",\"position\":1,\"name\":\"Portada\",\"item\":\"https:\\\/\\\/lamaneta.com\\\/web\\\/\"},{\"@type\":\"ListItem\",\"position\":2,\"name\":\"Montesa Cota 349\\\/4 de 349 cc y de 1982\"}]},{\"@type\":\"WebSite\",\"@id\":\"https:\\\/\\\/lamaneta.com\\\/web\\\/#website\",\"url\":\"https:\\\/\\\/lamaneta.com\\\/web\\\/\",\"name\":\"lamaneta\",\"description\":\"El portal de la moto antigua y clasica.\",\"potentialAction\":[{\"@type\":\"SearchAction\",\"target\":{\"@type\":\"EntryPoint\",\"urlTemplate\":\"https:\\\/\\\/lamaneta.com\\\/web\\\/?s={search_term_string}\"},\"query-input\":{\"@type\":\"PropertyValueSpecification\",\"valueRequired\":true,\"valueName\":\"search_term_string\"}}],\"inLanguage\":\"es\"},{\"@type\":\"Person\",\"@id\":\"https:\\\/\\\/lamaneta.com\\\/web\\\/#\\\/schema\\\/person\\\/6be45709b77bdb9c8487ad333857fec1\",\"name\":\"lamaneta\",\"image\":{\"@type\":\"ImageObject\",\"inLanguage\":\"es\",\"@id\":\"https:\\\/\\\/secure.gravatar.com\\\/avatar\\\/6d68c86c57cfb5bc6f330fb377fef5a9?s=96&d=mm&r=g\",\"url\":\"https:\\\/\\\/secure.gravatar.com\\\/avatar\\\/6d68c86c57cfb5bc6f330fb377fef5a9?s=96&d=mm&r=g\",\"contentUrl\":\"https:\\\/\\\/secure.gravatar.com\\\/avatar\\\/6d68c86c57cfb5bc6f330fb377fef5a9?s=96&d=mm&r=g\",\"caption\":\"lamaneta\"},\"url\":\"https:\\\/\\\/lamaneta.com\\\/web\\\/author\\\/lamaneta\\\/\"}]}<\/script>\n<!-- \/ Yoast SEO plugin. -->","yoast_head_json":{"title":"Montesa Cota 349\/4 de 349 cc y de 1982 - lamaneta","robots":{"index":"index","follow":"follow","max-snippet":"max-snippet:-1","max-image-preview":"max-image-preview:large","max-video-preview":"max-video-preview:-1"},"canonical":"https:\/\/lamaneta.com\/web\/montesa-cota-3494-de-349-cc-y-de-1982\/","og_locale":"es_ES","og_type":"article","og_title":"Montesa Cota 349\/4 de 349 cc y de 1982 - lamaneta","og_description":"Montesa Cota 349\/4 de 349 cc y de 1982 Nick o Alias: KingScorpion Marca: Montesa Modelo: Cota 349\/4 Cilindrada: 349 cc A\u00f1o: 1982 Tiempo empleado en restaurarla: conservada, aunque ahora preparada para trial de cl\u00e1sicas. Comentarios: La moto con la que volv\u00ed al trial. Mantenida original excepto el pu\u00f1o de gas Amal, y no s\u00e9 [&hellip;]","og_url":"https:\/\/lamaneta.com\/web\/montesa-cota-3494-de-349-cc-y-de-1982\/","og_site_name":"lamaneta","article_published_time":"2012-07-11T18:01:17+00:00","article_modified_time":"2012-07-11T18:03:27+00:00","og_image":[{"width":800,"height":600,"url":"https:\/\/lamaneta.com\/web\/wp-content\/uploads\/2012\/07\/foto149.jpg","type":"image\/jpeg"}],"author":"lamaneta","twitter_card":"summary_large_image","twitter_misc":{"Escrito por":"lamaneta","Tiempo de lectura":"1 minuto"},"schema":{"@context":"https:\/\/schema.org","@graph":[{"@type":"Article","@id":"https:\/\/lamaneta.com\/web\/montesa-cota-3494-de-349-cc-y-de-1982\/#article","isPartOf":{"@id":"https:\/\/lamaneta.com\/web\/montesa-cota-3494-de-349-cc-y-de-1982\/"},"author":{"name":"lamaneta","@id":"https:\/\/lamaneta.com\/web\/#\/schema\/person\/6be45709b77bdb9c8487ad333857fec1"},"headline":"Montesa Cota 349\/4 de 349 cc y de 1982","datePublished":"2012-07-11T18:01:17+00:00","dateModified":"2012-07-11T18:03:27+00:00","mainEntityOfPage":{"@id":"https:\/\/lamaneta.com\/web\/montesa-cota-3494-de-349-cc-y-de-1982\/"},"wordCount":118,"commentCount":0,"image":{"@id":"https:\/\/lamaneta.com\/web\/montesa-cota-3494-de-349-cc-y-de-1982\/#primaryimage"},"thumbnailUrl":"https:\/\/lamaneta.com\/web\/wp-content\/uploads\/2012\/07\/foto149.jpg","keywords":["Montesa Cota 349\/4 de 349 cc y de 1982"],"articleSection":["Nuestras motos"],"inLanguage":"es","potentialAction":[{"@type":"CommentAction","name":"Comment","target":["https:\/\/lamaneta.com\/web\/montesa-cota-3494-de-349-cc-y-de-1982\/#respond"]}]},{"@type":"WebPage","@id":"https:\/\/lamaneta.com\/web\/montesa-cota-3494-de-349-cc-y-de-1982\/","url":"https:\/\/lamaneta.com\/web\/montesa-cota-3494-de-349-cc-y-de-1982\/","name":"Montesa Cota 349\/4 de 349 cc y de 1982 - lamaneta","isPartOf":{"@id":"https:\/\/lamaneta.com\/web\/#website"},"primaryImageOfPage":{"@id":"https:\/\/lamaneta.com\/web\/montesa-cota-3494-de-349-cc-y-de-1982\/#primaryimage"},"image":{"@id":"https:\/\/lamaneta.com\/web\/montesa-cota-3494-de-349-cc-y-de-1982\/#primaryimage"},"thumbnailUrl":"https:\/\/lamaneta.com\/web\/wp-content\/uploads\/2012\/07\/foto149.jpg","datePublished":"2012-07-11T18:01:17+00:00","dateModified":"2012-07-11T18:03:27+00:00","author":{"@id":"https:\/\/lamaneta.com\/web\/#\/schema\/person\/6be45709b77bdb9c8487ad333857fec1"},"breadcrumb":{"@id":"https:\/\/lamaneta.com\/web\/montesa-cota-3494-de-349-cc-y-de-1982\/#breadcrumb"},"inLanguage":"es","potentialAction":[{"@type":"ReadAction","target":["https:\/\/lamaneta.com\/web\/montesa-cota-3494-de-349-cc-y-de-1982\/"]}]},{"@type":"ImageObject","inLanguage":"es","@id":"https:\/\/lamaneta.com\/web\/montesa-cota-3494-de-349-cc-y-de-1982\/#primaryimage","url":"https:\/\/lamaneta.com\/web\/wp-content\/uploads\/2012\/07\/foto149.jpg","contentUrl":"https:\/\/lamaneta.com\/web\/wp-content\/uploads\/2012\/07\/foto149.jpg","width":"800","height":"600"},{"@type":"BreadcrumbList","@id":"https:\/\/lamaneta.com\/web\/montesa-cota-3494-de-349-cc-y-de-1982\/#breadcrumb","itemListElement":[{"@type":"ListItem","position":1,"name":"Portada","item":"https:\/\/lamaneta.com\/web\/"},{"@type":"ListItem","position":2,"name":"Montesa Cota 349\/4 de 349 cc y de 1982"}]},{"@type":"WebSite","@id":"https:\/\/lamaneta.com\/web\/#website","url":"https:\/\/lamaneta.com\/web\/","name":"lamaneta","description":"El portal de la moto antigua y clasica.","potentialAction":[{"@type":"SearchAction","target":{"@type":"EntryPoint","urlTemplate":"https:\/\/lamaneta.com\/web\/?s={search_term_string}"},"query-input":{"@type":"PropertyValueSpecification","valueRequired":true,"valueName":"search_term_string"}}],"inLanguage":"es"},{"@type":"Person","@id":"https:\/\/lamaneta.com\/web\/#\/schema\/person\/6be45709b77bdb9c8487ad333857fec1","name":"lamaneta","image":{"@type":"ImageObject","inLanguage":"es","@id":"https:\/\/secure.gravatar.com\/avatar\/6d68c86c57cfb5bc6f330fb377fef5a9?s=96&d=mm&r=g","url":"https:\/\/secure.gravatar.com\/avatar\/6d68c86c57cfb5bc6f330fb377fef5a9?s=96&d=mm&r=g","contentUrl":"https:\/\/secure.gravatar.com\/avatar\/6d68c86c57cfb5bc6f330fb377fef5a9?s=96&d=mm&r=g","caption":"lamaneta"},"url":"https:\/\/lamaneta.com\/web\/author\/lamaneta\/"}]}},"_links":{"self":[{"href":"https:\/\/lamaneta.com\/web\/wp-json\/wp\/v2\/posts\/3796","targetHints":{"allow":["GET"]}}],"collection":[{"href":"https:\/\/lamaneta.com\/web\/wp-json\/wp\/v2\/posts"}],"about":[{"href":"https:\/\/lamaneta.com\/web\/wp-json\/wp\/v2\/types\/post"}],"author":[{"embeddable":true,"href":"https:\/\/lamaneta.com\/web\/wp-json\/wp\/v2\/users\/1"}],"replies":[{"embeddable":true,"href":"https:\/\/lamaneta.com\/web\/wp-json\/wp\/v2\/comments?post=3796"}],"version-history":[{"count":0,"href":"https:\/\/lamaneta.com\/web\/wp-json\/wp\/v2\/posts\/3796\/revisions"}],"wp:featuredmedia":[{"embeddable":true,"href":"https:\/\/lamaneta.com\/web\/wp-json\/wp\/v2\/media\/3798"}],"wp:attachment":[{"href":"https:\/\/lamaneta.com\/web\/wp-json\/wp\/v2\/media?parent=3796"}],"wp:term":[{"taxonomy":"category","embeddable":true,"href":"https:\/\/lamaneta.com\/web\/wp-json\/wp\/v2\/categories?post=3796"},{"taxonomy":"post_tag","embeddable":true,"href":"https:\/\/lamaneta.com\/web\/wp-json\/wp\/v2\/tags?post=3796"}],"curies":[{"name":"wp","href":"https:\/\/api.w.org\/{rel}","templated":true}]}}