{"id":3993,"date":"2012-07-11T19:55:42","date_gmt":"2012-07-11T19:55:42","guid":{"rendered":"http:\/\/lamaneta.com\/news\/?p=3993"},"modified":"2012-07-11T19:56:59","modified_gmt":"2012-07-11T19:56:59","slug":"montesa-cota-349-ulf-karlson-de-349-cc-y-de-1981","status":"publish","type":"post","link":"https:\/\/lamaneta.com\/web\/montesa-cota-349-ulf-karlson-de-349-cc-y-de-1981\/","title":{"rendered":"Montesa Cota 349 Ulf Karlson de 349 cc y de 1981"},"content":{"rendered":"<p>Montesa Cota 349 Ulf Karlson de 349 cc y de 1981<\/p>\n<div align=\"left\"><strong>Nick o Alias: <\/strong>Pachi<br \/>\n<strong>Marca:<\/strong> Montesa<br \/>\n<strong>Modelo:<\/strong> Cota 349 Ulf Karlson<br \/>\n<strong>Cilindrada: <\/strong>349,6 cc<br \/>\n<strong>A\u00f1o: <\/strong>1981<br \/>\n<strong>Tiempo empleado en restaurarla: <\/strong>1 mes aproximadamente<br \/>\n<strong>Comentarios<\/strong>:<br \/>\nCon el permiso de mi amigo Alberto, al que convenc\u00ed para iniciarse en el trial cl\u00e1sico y que debido a mi insistencia compr\u00f3 hace escasamente 6 meses (se la trajeron los Reyes) este magnifico ejemplar de 349, y con el que los dos pasamos cuatro fines de semana \u00abencerrados\u00bb para poder usarla este invierno y este fu\u00e9 el resultado, hay que reconocer que la moto estaba bastante entera y el trabajo no fu\u00e9 muy dif\u00edcil, desmontar, limpiar, cambiar embrague y poco mas , pintar y montar. \u00a1Disfrutamos como \u00bb enanos \u00ab!<br \/>\nLa concepci\u00f3n de conducci\u00f3n y postura cambia totalmente con respecto a la cota 247, es ya de reacciones mas r\u00e1pidas y bruscas, muy potente de hecho es el motor mas grande realizado por Montesa para el trial, recomendable tener mucho tacto en el gas, ya que no perdona los excesos como en los modelos anteriores.Montesa anunciaba lo siguiente <strong>:\u00bbEsta cota es t\u00e9cnicamente una r\u00e9plica exacta de la ganadora del Campeonato Mundial 1980. Los mejoramientos t\u00e9cnicos respecto al anterior modelo, son importantes y afectan fundamentalmente al aspecto funcional del veh\u00edculo.\u00bb<\/strong><\/div>\n<div align=\"left\">[slideshow post_id=\u00bb3993&#8243;]<\/div>\n","protected":false},"excerpt":{"rendered":"<p>Montesa Cota 349 Ulf Karlson de 349 cc y de 1981 Nick o Alias: Pachi Marca: Montesa Modelo: Cota 349 Ulf Karlson Cilindrada: 349,6 cc A\u00f1o: 1981 Tiempo empleado en restaurarla: 1 mes aproximadamente Comentarios: Con el permiso de mi amigo Alberto, al que convenc\u00ed para iniciarse en el trial cl\u00e1sico y que debido a [&hellip;]<\/p>\n","protected":false},"author":1,"featured_media":3995,"comment_status":"open","ping_status":"open","sticky":false,"template":"","format":"standard","meta":{"footnotes":""},"categories":[107],"tags":[982],"class_list":["post-3993","post","type-post","status-publish","format-standard","has-post-thumbnail","hentry","category-nuestras-motos","tag-montesa-cota-349-ulf-karlson-de-349-cc-y-de-1981"],"yoast_head":"<!-- This site is optimized with the Yoast SEO plugin v27.5 - https:\/\/yoast.com\/product\/yoast-seo-wordpress\/ -->\n<title>Montesa Cota 349 Ulf Karlson de 349 cc y de 1981 - lamaneta<\/title>\n<meta name=\"robots\" content=\"index, follow, max-snippet:-1, max-image-preview:large, max-video-preview:-1\" \/>\n<link rel=\"canonical\" href=\"https:\/\/lamaneta.com\/web\/montesa-cota-349-ulf-karlson-de-349-cc-y-de-1981\/\" \/>\n<meta property=\"og:locale\" content=\"es_ES\" \/>\n<meta property=\"og:type\" content=\"article\" \/>\n<meta property=\"og:title\" content=\"Montesa Cota 349 Ulf Karlson de 349 cc y de 1981 - lamaneta\" \/>\n<meta property=\"og:description\" content=\"Montesa Cota 349 Ulf Karlson de 349 cc y de 1981 Nick o Alias: Pachi Marca: Montesa Modelo: Cota 349 Ulf Karlson Cilindrada: 349,6 cc A\u00f1o: 1981 Tiempo empleado en restaurarla: 1 mes aproximadamente Comentarios: Con el permiso de mi amigo Alberto, al que convenc\u00ed para iniciarse en el trial cl\u00e1sico y que debido a [&hellip;]\" \/>\n<meta property=\"og:url\" content=\"https:\/\/lamaneta.com\/web\/montesa-cota-349-ulf-karlson-de-349-cc-y-de-1981\/\" \/>\n<meta property=\"og:site_name\" content=\"lamaneta\" \/>\n<meta property=\"article:published_time\" content=\"2012-07-11T19:55:42+00:00\" \/>\n<meta property=\"article:modified_time\" content=\"2012-07-11T19:56:59+00:00\" \/>\n<meta property=\"og:image\" content=\"https:\/\/lamaneta.com\/web\/wp-content\/uploads\/2012\/07\/foto173.jpg\" \/>\n\t<meta property=\"og:image:width\" content=\"800\" \/>\n\t<meta property=\"og:image:height\" content=\"600\" \/>\n\t<meta property=\"og:image:type\" content=\"image\/jpeg\" \/>\n<meta name=\"author\" content=\"lamaneta\" \/>\n<meta name=\"twitter:card\" content=\"summary_large_image\" \/>\n<meta name=\"twitter:label1\" content=\"Escrito por\" \/>\n\t<meta name=\"twitter:data1\" content=\"lamaneta\" \/>\n\t<meta name=\"twitter:label2\" content=\"Tiempo de lectura\" \/>\n\t<meta name=\"twitter:data2\" content=\"1 minuto\" \/>\n<script type=\"application\/ld+json\" class=\"yoast-schema-graph\">{\"@context\":\"https:\\\/\\\/schema.org\",\"@graph\":[{\"@type\":\"Article\",\"@id\":\"https:\\\/\\\/lamaneta.com\\\/web\\\/montesa-cota-349-ulf-karlson-de-349-cc-y-de-1981\\\/#article\",\"isPartOf\":{\"@id\":\"https:\\\/\\\/lamaneta.com\\\/web\\\/montesa-cota-349-ulf-karlson-de-349-cc-y-de-1981\\\/\"},\"author\":{\"name\":\"lamaneta\",\"@id\":\"https:\\\/\\\/lamaneta.com\\\/web\\\/#\\\/schema\\\/person\\\/6be45709b77bdb9c8487ad333857fec1\"},\"headline\":\"Montesa Cota 349 Ulf Karlson de 349 cc y de 1981\",\"datePublished\":\"2012-07-11T19:55:42+00:00\",\"dateModified\":\"2012-07-11T19:56:59+00:00\",\"mainEntityOfPage\":{\"@id\":\"https:\\\/\\\/lamaneta.com\\\/web\\\/montesa-cota-349-ulf-karlson-de-349-cc-y-de-1981\\\/\"},\"wordCount\":223,\"commentCount\":0,\"image\":{\"@id\":\"https:\\\/\\\/lamaneta.com\\\/web\\\/montesa-cota-349-ulf-karlson-de-349-cc-y-de-1981\\\/#primaryimage\"},\"thumbnailUrl\":\"https:\\\/\\\/lamaneta.com\\\/web\\\/wp-content\\\/uploads\\\/2012\\\/07\\\/foto173.jpg\",\"keywords\":[\"Montesa Cota 349 Ulf Karlson de 349 cc y de 1981\"],\"articleSection\":[\"Nuestras motos\"],\"inLanguage\":\"es\",\"potentialAction\":[{\"@type\":\"CommentAction\",\"name\":\"Comment\",\"target\":[\"https:\\\/\\\/lamaneta.com\\\/web\\\/montesa-cota-349-ulf-karlson-de-349-cc-y-de-1981\\\/#respond\"]}]},{\"@type\":\"WebPage\",\"@id\":\"https:\\\/\\\/lamaneta.com\\\/web\\\/montesa-cota-349-ulf-karlson-de-349-cc-y-de-1981\\\/\",\"url\":\"https:\\\/\\\/lamaneta.com\\\/web\\\/montesa-cota-349-ulf-karlson-de-349-cc-y-de-1981\\\/\",\"name\":\"Montesa Cota 349 Ulf Karlson de 349 cc y de 1981 - lamaneta\",\"isPartOf\":{\"@id\":\"https:\\\/\\\/lamaneta.com\\\/web\\\/#website\"},\"primaryImageOfPage\":{\"@id\":\"https:\\\/\\\/lamaneta.com\\\/web\\\/montesa-cota-349-ulf-karlson-de-349-cc-y-de-1981\\\/#primaryimage\"},\"image\":{\"@id\":\"https:\\\/\\\/lamaneta.com\\\/web\\\/montesa-cota-349-ulf-karlson-de-349-cc-y-de-1981\\\/#primaryimage\"},\"thumbnailUrl\":\"https:\\\/\\\/lamaneta.com\\\/web\\\/wp-content\\\/uploads\\\/2012\\\/07\\\/foto173.jpg\",\"datePublished\":\"2012-07-11T19:55:42+00:00\",\"dateModified\":\"2012-07-11T19:56:59+00:00\",\"author\":{\"@id\":\"https:\\\/\\\/lamaneta.com\\\/web\\\/#\\\/schema\\\/person\\\/6be45709b77bdb9c8487ad333857fec1\"},\"breadcrumb\":{\"@id\":\"https:\\\/\\\/lamaneta.com\\\/web\\\/montesa-cota-349-ulf-karlson-de-349-cc-y-de-1981\\\/#breadcrumb\"},\"inLanguage\":\"es\",\"potentialAction\":[{\"@type\":\"ReadAction\",\"target\":[\"https:\\\/\\\/lamaneta.com\\\/web\\\/montesa-cota-349-ulf-karlson-de-349-cc-y-de-1981\\\/\"]}]},{\"@type\":\"ImageObject\",\"inLanguage\":\"es\",\"@id\":\"https:\\\/\\\/lamaneta.com\\\/web\\\/montesa-cota-349-ulf-karlson-de-349-cc-y-de-1981\\\/#primaryimage\",\"url\":\"https:\\\/\\\/lamaneta.com\\\/web\\\/wp-content\\\/uploads\\\/2012\\\/07\\\/foto173.jpg\",\"contentUrl\":\"https:\\\/\\\/lamaneta.com\\\/web\\\/wp-content\\\/uploads\\\/2012\\\/07\\\/foto173.jpg\",\"width\":\"800\",\"height\":\"600\"},{\"@type\":\"BreadcrumbList\",\"@id\":\"https:\\\/\\\/lamaneta.com\\\/web\\\/montesa-cota-349-ulf-karlson-de-349-cc-y-de-1981\\\/#breadcrumb\",\"itemListElement\":[{\"@type\":\"ListItem\",\"position\":1,\"name\":\"Portada\",\"item\":\"https:\\\/\\\/lamaneta.com\\\/web\\\/\"},{\"@type\":\"ListItem\",\"position\":2,\"name\":\"Montesa Cota 349 Ulf Karlson de 349 cc y de 1981\"}]},{\"@type\":\"WebSite\",\"@id\":\"https:\\\/\\\/lamaneta.com\\\/web\\\/#website\",\"url\":\"https:\\\/\\\/lamaneta.com\\\/web\\\/\",\"name\":\"lamaneta\",\"description\":\"El portal de la moto antigua y clasica.\",\"potentialAction\":[{\"@type\":\"SearchAction\",\"target\":{\"@type\":\"EntryPoint\",\"urlTemplate\":\"https:\\\/\\\/lamaneta.com\\\/web\\\/?s={search_term_string}\"},\"query-input\":{\"@type\":\"PropertyValueSpecification\",\"valueRequired\":true,\"valueName\":\"search_term_string\"}}],\"inLanguage\":\"es\"},{\"@type\":\"Person\",\"@id\":\"https:\\\/\\\/lamaneta.com\\\/web\\\/#\\\/schema\\\/person\\\/6be45709b77bdb9c8487ad333857fec1\",\"name\":\"lamaneta\",\"image\":{\"@type\":\"ImageObject\",\"inLanguage\":\"es\",\"@id\":\"https:\\\/\\\/secure.gravatar.com\\\/avatar\\\/6d68c86c57cfb5bc6f330fb377fef5a9?s=96&d=mm&r=g\",\"url\":\"https:\\\/\\\/secure.gravatar.com\\\/avatar\\\/6d68c86c57cfb5bc6f330fb377fef5a9?s=96&d=mm&r=g\",\"contentUrl\":\"https:\\\/\\\/secure.gravatar.com\\\/avatar\\\/6d68c86c57cfb5bc6f330fb377fef5a9?s=96&d=mm&r=g\",\"caption\":\"lamaneta\"},\"url\":\"https:\\\/\\\/lamaneta.com\\\/web\\\/author\\\/lamaneta\\\/\"}]}<\/script>\n<!-- \/ Yoast SEO plugin. -->","yoast_head_json":{"title":"Montesa Cota 349 Ulf Karlson de 349 cc y de 1981 - lamaneta","robots":{"index":"index","follow":"follow","max-snippet":"max-snippet:-1","max-image-preview":"max-image-preview:large","max-video-preview":"max-video-preview:-1"},"canonical":"https:\/\/lamaneta.com\/web\/montesa-cota-349-ulf-karlson-de-349-cc-y-de-1981\/","og_locale":"es_ES","og_type":"article","og_title":"Montesa Cota 349 Ulf Karlson de 349 cc y de 1981 - lamaneta","og_description":"Montesa Cota 349 Ulf Karlson de 349 cc y de 1981 Nick o Alias: Pachi Marca: Montesa Modelo: Cota 349 Ulf Karlson Cilindrada: 349,6 cc A\u00f1o: 1981 Tiempo empleado en restaurarla: 1 mes aproximadamente Comentarios: Con el permiso de mi amigo Alberto, al que convenc\u00ed para iniciarse en el trial cl\u00e1sico y que debido a [&hellip;]","og_url":"https:\/\/lamaneta.com\/web\/montesa-cota-349-ulf-karlson-de-349-cc-y-de-1981\/","og_site_name":"lamaneta","article_published_time":"2012-07-11T19:55:42+00:00","article_modified_time":"2012-07-11T19:56:59+00:00","og_image":[{"width":800,"height":600,"url":"https:\/\/lamaneta.com\/web\/wp-content\/uploads\/2012\/07\/foto173.jpg","type":"image\/jpeg"}],"author":"lamaneta","twitter_card":"summary_large_image","twitter_misc":{"Escrito por":"lamaneta","Tiempo de lectura":"1 minuto"},"schema":{"@context":"https:\/\/schema.org","@graph":[{"@type":"Article","@id":"https:\/\/lamaneta.com\/web\/montesa-cota-349-ulf-karlson-de-349-cc-y-de-1981\/#article","isPartOf":{"@id":"https:\/\/lamaneta.com\/web\/montesa-cota-349-ulf-karlson-de-349-cc-y-de-1981\/"},"author":{"name":"lamaneta","@id":"https:\/\/lamaneta.com\/web\/#\/schema\/person\/6be45709b77bdb9c8487ad333857fec1"},"headline":"Montesa Cota 349 Ulf Karlson de 349 cc y de 1981","datePublished":"2012-07-11T19:55:42+00:00","dateModified":"2012-07-11T19:56:59+00:00","mainEntityOfPage":{"@id":"https:\/\/lamaneta.com\/web\/montesa-cota-349-ulf-karlson-de-349-cc-y-de-1981\/"},"wordCount":223,"commentCount":0,"image":{"@id":"https:\/\/lamaneta.com\/web\/montesa-cota-349-ulf-karlson-de-349-cc-y-de-1981\/#primaryimage"},"thumbnailUrl":"https:\/\/lamaneta.com\/web\/wp-content\/uploads\/2012\/07\/foto173.jpg","keywords":["Montesa Cota 349 Ulf Karlson de 349 cc y de 1981"],"articleSection":["Nuestras motos"],"inLanguage":"es","potentialAction":[{"@type":"CommentAction","name":"Comment","target":["https:\/\/lamaneta.com\/web\/montesa-cota-349-ulf-karlson-de-349-cc-y-de-1981\/#respond"]}]},{"@type":"WebPage","@id":"https:\/\/lamaneta.com\/web\/montesa-cota-349-ulf-karlson-de-349-cc-y-de-1981\/","url":"https:\/\/lamaneta.com\/web\/montesa-cota-349-ulf-karlson-de-349-cc-y-de-1981\/","name":"Montesa Cota 349 Ulf Karlson de 349 cc y de 1981 - lamaneta","isPartOf":{"@id":"https:\/\/lamaneta.com\/web\/#website"},"primaryImageOfPage":{"@id":"https:\/\/lamaneta.com\/web\/montesa-cota-349-ulf-karlson-de-349-cc-y-de-1981\/#primaryimage"},"image":{"@id":"https:\/\/lamaneta.com\/web\/montesa-cota-349-ulf-karlson-de-349-cc-y-de-1981\/#primaryimage"},"thumbnailUrl":"https:\/\/lamaneta.com\/web\/wp-content\/uploads\/2012\/07\/foto173.jpg","datePublished":"2012-07-11T19:55:42+00:00","dateModified":"2012-07-11T19:56:59+00:00","author":{"@id":"https:\/\/lamaneta.com\/web\/#\/schema\/person\/6be45709b77bdb9c8487ad333857fec1"},"breadcrumb":{"@id":"https:\/\/lamaneta.com\/web\/montesa-cota-349-ulf-karlson-de-349-cc-y-de-1981\/#breadcrumb"},"inLanguage":"es","potentialAction":[{"@type":"ReadAction","target":["https:\/\/lamaneta.com\/web\/montesa-cota-349-ulf-karlson-de-349-cc-y-de-1981\/"]}]},{"@type":"ImageObject","inLanguage":"es","@id":"https:\/\/lamaneta.com\/web\/montesa-cota-349-ulf-karlson-de-349-cc-y-de-1981\/#primaryimage","url":"https:\/\/lamaneta.com\/web\/wp-content\/uploads\/2012\/07\/foto173.jpg","contentUrl":"https:\/\/lamaneta.com\/web\/wp-content\/uploads\/2012\/07\/foto173.jpg","width":"800","height":"600"},{"@type":"BreadcrumbList","@id":"https:\/\/lamaneta.com\/web\/montesa-cota-349-ulf-karlson-de-349-cc-y-de-1981\/#breadcrumb","itemListElement":[{"@type":"ListItem","position":1,"name":"Portada","item":"https:\/\/lamaneta.com\/web\/"},{"@type":"ListItem","position":2,"name":"Montesa Cota 349 Ulf Karlson de 349 cc y de 1981"}]},{"@type":"WebSite","@id":"https:\/\/lamaneta.com\/web\/#website","url":"https:\/\/lamaneta.com\/web\/","name":"lamaneta","description":"El portal de la moto antigua y clasica.","potentialAction":[{"@type":"SearchAction","target":{"@type":"EntryPoint","urlTemplate":"https:\/\/lamaneta.com\/web\/?s={search_term_string}"},"query-input":{"@type":"PropertyValueSpecification","valueRequired":true,"valueName":"search_term_string"}}],"inLanguage":"es"},{"@type":"Person","@id":"https:\/\/lamaneta.com\/web\/#\/schema\/person\/6be45709b77bdb9c8487ad333857fec1","name":"lamaneta","image":{"@type":"ImageObject","inLanguage":"es","@id":"https:\/\/secure.gravatar.com\/avatar\/6d68c86c57cfb5bc6f330fb377fef5a9?s=96&d=mm&r=g","url":"https:\/\/secure.gravatar.com\/avatar\/6d68c86c57cfb5bc6f330fb377fef5a9?s=96&d=mm&r=g","contentUrl":"https:\/\/secure.gravatar.com\/avatar\/6d68c86c57cfb5bc6f330fb377fef5a9?s=96&d=mm&r=g","caption":"lamaneta"},"url":"https:\/\/lamaneta.com\/web\/author\/lamaneta\/"}]}},"_links":{"self":[{"href":"https:\/\/lamaneta.com\/web\/wp-json\/wp\/v2\/posts\/3993","targetHints":{"allow":["GET"]}}],"collection":[{"href":"https:\/\/lamaneta.com\/web\/wp-json\/wp\/v2\/posts"}],"about":[{"href":"https:\/\/lamaneta.com\/web\/wp-json\/wp\/v2\/types\/post"}],"author":[{"embeddable":true,"href":"https:\/\/lamaneta.com\/web\/wp-json\/wp\/v2\/users\/1"}],"replies":[{"embeddable":true,"href":"https:\/\/lamaneta.com\/web\/wp-json\/wp\/v2\/comments?post=3993"}],"version-history":[{"count":0,"href":"https:\/\/lamaneta.com\/web\/wp-json\/wp\/v2\/posts\/3993\/revisions"}],"wp:featuredmedia":[{"embeddable":true,"href":"https:\/\/lamaneta.com\/web\/wp-json\/wp\/v2\/media\/3995"}],"wp:attachment":[{"href":"https:\/\/lamaneta.com\/web\/wp-json\/wp\/v2\/media?parent=3993"}],"wp:term":[{"taxonomy":"category","embeddable":true,"href":"https:\/\/lamaneta.com\/web\/wp-json\/wp\/v2\/categories?post=3993"},{"taxonomy":"post_tag","embeddable":true,"href":"https:\/\/lamaneta.com\/web\/wp-json\/wp\/v2\/tags?post=3993"}],"curies":[{"name":"wp","href":"https:\/\/api.w.org\/{rel}","templated":true}]}}