{"id":4196,"date":"2012-07-12T09:26:18","date_gmt":"2012-07-12T09:26:18","guid":{"rendered":"http:\/\/lamaneta.com\/news\/?p=4196"},"modified":"2012-07-12T09:29:48","modified_gmt":"2012-07-12T09:29:48","slug":"ossa-150-comercial-de-150cc-y-de-1959","status":"publish","type":"post","link":"https:\/\/lamaneta.com\/web\/ossa-150-comercial-de-150cc-y-de-1959\/","title":{"rendered":"OSSA 150 Comercial de 150cc y de 1959"},"content":{"rendered":"<p>OSSA 150 Comercial de 150cc y de 1959<\/p>\n<p><strong>Nick o Alias: <\/strong>Ortega<br \/>\n<strong>Marca:<\/strong> Ossa<br \/>\n<strong>Modelo:<\/strong> 150 Comercial<br \/>\n<strong>Cilindrada: <\/strong>150 cc<br \/>\n<strong>A\u00f1o: <\/strong>1959<br \/>\n<strong>Tiempo empleado en restaurarla: <\/strong>3 a\u00f1os<br \/>\n<strong>Comentarios<\/strong>:<br \/>\nLa moto como veis en las fotos estaba bastante mal. Hizo falto aportar alg\u00fan cl\u00f3n,<br \/>\nEn buscar piezas, pintar, cromar, pulir, nos llevamos tres a\u00f1os. Una de las motos con m\u00e1s complicaci\u00f3n que nos hemos encontrado<\/p>\n<p>[slideshow post_id=\u00bb4196&#8243;]<\/p>\n","protected":false},"excerpt":{"rendered":"<p>OSSA 150 Comercial de 150cc y de 1959 Nick o Alias: Ortega Marca: Ossa Modelo: 150 Comercial Cilindrada: 150 cc A\u00f1o: 1959 Tiempo empleado en restaurarla: 3 a\u00f1os Comentarios: La moto como veis en las fotos estaba bastante mal. Hizo falto aportar alg\u00fan cl\u00f3n, En buscar piezas, pintar, cromar, pulir, nos llevamos tres a\u00f1os. Una [&hellip;]<\/p>\n","protected":false},"author":1,"featured_media":4200,"comment_status":"open","ping_status":"open","sticky":false,"template":"","format":"standard","meta":{"footnotes":""},"categories":[107],"tags":[1013],"class_list":["post-4196","post","type-post","status-publish","format-standard","has-post-thumbnail","hentry","category-nuestras-motos","tag-ossa-150-comercial-de-150cc-y-de-1959"],"yoast_head":"<!-- This site is optimized with the Yoast SEO plugin v27.5 - https:\/\/yoast.com\/product\/yoast-seo-wordpress\/ -->\n<title>OSSA 150 Comercial de 150cc y de 1959 - lamaneta<\/title>\n<meta name=\"robots\" content=\"index, follow, max-snippet:-1, max-image-preview:large, max-video-preview:-1\" \/>\n<link rel=\"canonical\" href=\"https:\/\/lamaneta.com\/web\/ossa-150-comercial-de-150cc-y-de-1959\/\" \/>\n<meta property=\"og:locale\" content=\"es_ES\" \/>\n<meta property=\"og:type\" content=\"article\" \/>\n<meta property=\"og:title\" content=\"OSSA 150 Comercial de 150cc y de 1959 - lamaneta\" \/>\n<meta property=\"og:description\" content=\"OSSA 150 Comercial de 150cc y de 1959 Nick o Alias: Ortega Marca: Ossa Modelo: 150 Comercial Cilindrada: 150 cc A\u00f1o: 1959 Tiempo empleado en restaurarla: 3 a\u00f1os Comentarios: La moto como veis en las fotos estaba bastante mal. Hizo falto aportar alg\u00fan cl\u00f3n, En buscar piezas, pintar, cromar, pulir, nos llevamos tres a\u00f1os. Una [&hellip;]\" \/>\n<meta property=\"og:url\" content=\"https:\/\/lamaneta.com\/web\/ossa-150-comercial-de-150cc-y-de-1959\/\" \/>\n<meta property=\"og:site_name\" content=\"lamaneta\" \/>\n<meta property=\"article:published_time\" content=\"2012-07-12T09:26:18+00:00\" \/>\n<meta property=\"article:modified_time\" content=\"2012-07-12T09:29:48+00:00\" \/>\n<meta property=\"og:image\" content=\"https:\/\/lamaneta.com\/web\/wp-content\/uploads\/2012\/07\/foto350.jpg\" \/>\n\t<meta property=\"og:image:width\" content=\"800\" \/>\n\t<meta property=\"og:image:height\" content=\"602\" \/>\n\t<meta property=\"og:image:type\" content=\"image\/jpeg\" \/>\n<meta name=\"author\" content=\"lamaneta\" \/>\n<meta name=\"twitter:card\" content=\"summary_large_image\" \/>\n<meta name=\"twitter:label1\" content=\"Escrito por\" \/>\n\t<meta name=\"twitter:data1\" content=\"lamaneta\" \/>\n<script type=\"application\/ld+json\" class=\"yoast-schema-graph\">{\"@context\":\"https:\\\/\\\/schema.org\",\"@graph\":[{\"@type\":\"Article\",\"@id\":\"https:\\\/\\\/lamaneta.com\\\/web\\\/ossa-150-comercial-de-150cc-y-de-1959\\\/#article\",\"isPartOf\":{\"@id\":\"https:\\\/\\\/lamaneta.com\\\/web\\\/ossa-150-comercial-de-150cc-y-de-1959\\\/\"},\"author\":{\"name\":\"lamaneta\",\"@id\":\"https:\\\/\\\/lamaneta.com\\\/web\\\/#\\\/schema\\\/person\\\/6be45709b77bdb9c8487ad333857fec1\"},\"headline\":\"OSSA 150 Comercial de 150cc y de 1959\",\"datePublished\":\"2012-07-12T09:26:18+00:00\",\"dateModified\":\"2012-07-12T09:29:48+00:00\",\"mainEntityOfPage\":{\"@id\":\"https:\\\/\\\/lamaneta.com\\\/web\\\/ossa-150-comercial-de-150cc-y-de-1959\\\/\"},\"wordCount\":75,\"commentCount\":0,\"image\":{\"@id\":\"https:\\\/\\\/lamaneta.com\\\/web\\\/ossa-150-comercial-de-150cc-y-de-1959\\\/#primaryimage\"},\"thumbnailUrl\":\"https:\\\/\\\/lamaneta.com\\\/web\\\/wp-content\\\/uploads\\\/2012\\\/07\\\/foto350.jpg\",\"keywords\":[\"OSSA 150 Comercial de 150cc y de 1959\"],\"articleSection\":[\"Nuestras motos\"],\"inLanguage\":\"es\",\"potentialAction\":[{\"@type\":\"CommentAction\",\"name\":\"Comment\",\"target\":[\"https:\\\/\\\/lamaneta.com\\\/web\\\/ossa-150-comercial-de-150cc-y-de-1959\\\/#respond\"]}]},{\"@type\":\"WebPage\",\"@id\":\"https:\\\/\\\/lamaneta.com\\\/web\\\/ossa-150-comercial-de-150cc-y-de-1959\\\/\",\"url\":\"https:\\\/\\\/lamaneta.com\\\/web\\\/ossa-150-comercial-de-150cc-y-de-1959\\\/\",\"name\":\"OSSA 150 Comercial de 150cc y de 1959 - lamaneta\",\"isPartOf\":{\"@id\":\"https:\\\/\\\/lamaneta.com\\\/web\\\/#website\"},\"primaryImageOfPage\":{\"@id\":\"https:\\\/\\\/lamaneta.com\\\/web\\\/ossa-150-comercial-de-150cc-y-de-1959\\\/#primaryimage\"},\"image\":{\"@id\":\"https:\\\/\\\/lamaneta.com\\\/web\\\/ossa-150-comercial-de-150cc-y-de-1959\\\/#primaryimage\"},\"thumbnailUrl\":\"https:\\\/\\\/lamaneta.com\\\/web\\\/wp-content\\\/uploads\\\/2012\\\/07\\\/foto350.jpg\",\"datePublished\":\"2012-07-12T09:26:18+00:00\",\"dateModified\":\"2012-07-12T09:29:48+00:00\",\"author\":{\"@id\":\"https:\\\/\\\/lamaneta.com\\\/web\\\/#\\\/schema\\\/person\\\/6be45709b77bdb9c8487ad333857fec1\"},\"breadcrumb\":{\"@id\":\"https:\\\/\\\/lamaneta.com\\\/web\\\/ossa-150-comercial-de-150cc-y-de-1959\\\/#breadcrumb\"},\"inLanguage\":\"es\",\"potentialAction\":[{\"@type\":\"ReadAction\",\"target\":[\"https:\\\/\\\/lamaneta.com\\\/web\\\/ossa-150-comercial-de-150cc-y-de-1959\\\/\"]}]},{\"@type\":\"ImageObject\",\"inLanguage\":\"es\",\"@id\":\"https:\\\/\\\/lamaneta.com\\\/web\\\/ossa-150-comercial-de-150cc-y-de-1959\\\/#primaryimage\",\"url\":\"https:\\\/\\\/lamaneta.com\\\/web\\\/wp-content\\\/uploads\\\/2012\\\/07\\\/foto350.jpg\",\"contentUrl\":\"https:\\\/\\\/lamaneta.com\\\/web\\\/wp-content\\\/uploads\\\/2012\\\/07\\\/foto350.jpg\",\"width\":\"800\",\"height\":\"602\"},{\"@type\":\"BreadcrumbList\",\"@id\":\"https:\\\/\\\/lamaneta.com\\\/web\\\/ossa-150-comercial-de-150cc-y-de-1959\\\/#breadcrumb\",\"itemListElement\":[{\"@type\":\"ListItem\",\"position\":1,\"name\":\"Portada\",\"item\":\"https:\\\/\\\/lamaneta.com\\\/web\\\/\"},{\"@type\":\"ListItem\",\"position\":2,\"name\":\"OSSA 150 Comercial de 150cc y de 1959\"}]},{\"@type\":\"WebSite\",\"@id\":\"https:\\\/\\\/lamaneta.com\\\/web\\\/#website\",\"url\":\"https:\\\/\\\/lamaneta.com\\\/web\\\/\",\"name\":\"lamaneta\",\"description\":\"El portal de la moto antigua y clasica.\",\"potentialAction\":[{\"@type\":\"SearchAction\",\"target\":{\"@type\":\"EntryPoint\",\"urlTemplate\":\"https:\\\/\\\/lamaneta.com\\\/web\\\/?s={search_term_string}\"},\"query-input\":{\"@type\":\"PropertyValueSpecification\",\"valueRequired\":true,\"valueName\":\"search_term_string\"}}],\"inLanguage\":\"es\"},{\"@type\":\"Person\",\"@id\":\"https:\\\/\\\/lamaneta.com\\\/web\\\/#\\\/schema\\\/person\\\/6be45709b77bdb9c8487ad333857fec1\",\"name\":\"lamaneta\",\"image\":{\"@type\":\"ImageObject\",\"inLanguage\":\"es\",\"@id\":\"https:\\\/\\\/secure.gravatar.com\\\/avatar\\\/6d68c86c57cfb5bc6f330fb377fef5a9?s=96&d=mm&r=g\",\"url\":\"https:\\\/\\\/secure.gravatar.com\\\/avatar\\\/6d68c86c57cfb5bc6f330fb377fef5a9?s=96&d=mm&r=g\",\"contentUrl\":\"https:\\\/\\\/secure.gravatar.com\\\/avatar\\\/6d68c86c57cfb5bc6f330fb377fef5a9?s=96&d=mm&r=g\",\"caption\":\"lamaneta\"},\"url\":\"https:\\\/\\\/lamaneta.com\\\/web\\\/author\\\/lamaneta\\\/\"}]}<\/script>\n<!-- \/ Yoast SEO plugin. -->","yoast_head_json":{"title":"OSSA 150 Comercial de 150cc y de 1959 - lamaneta","robots":{"index":"index","follow":"follow","max-snippet":"max-snippet:-1","max-image-preview":"max-image-preview:large","max-video-preview":"max-video-preview:-1"},"canonical":"https:\/\/lamaneta.com\/web\/ossa-150-comercial-de-150cc-y-de-1959\/","og_locale":"es_ES","og_type":"article","og_title":"OSSA 150 Comercial de 150cc y de 1959 - lamaneta","og_description":"OSSA 150 Comercial de 150cc y de 1959 Nick o Alias: Ortega Marca: Ossa Modelo: 150 Comercial Cilindrada: 150 cc A\u00f1o: 1959 Tiempo empleado en restaurarla: 3 a\u00f1os Comentarios: La moto como veis en las fotos estaba bastante mal. Hizo falto aportar alg\u00fan cl\u00f3n, En buscar piezas, pintar, cromar, pulir, nos llevamos tres a\u00f1os. Una [&hellip;]","og_url":"https:\/\/lamaneta.com\/web\/ossa-150-comercial-de-150cc-y-de-1959\/","og_site_name":"lamaneta","article_published_time":"2012-07-12T09:26:18+00:00","article_modified_time":"2012-07-12T09:29:48+00:00","og_image":[{"width":800,"height":602,"url":"https:\/\/lamaneta.com\/web\/wp-content\/uploads\/2012\/07\/foto350.jpg","type":"image\/jpeg"}],"author":"lamaneta","twitter_card":"summary_large_image","twitter_misc":{"Escrito por":"lamaneta"},"schema":{"@context":"https:\/\/schema.org","@graph":[{"@type":"Article","@id":"https:\/\/lamaneta.com\/web\/ossa-150-comercial-de-150cc-y-de-1959\/#article","isPartOf":{"@id":"https:\/\/lamaneta.com\/web\/ossa-150-comercial-de-150cc-y-de-1959\/"},"author":{"name":"lamaneta","@id":"https:\/\/lamaneta.com\/web\/#\/schema\/person\/6be45709b77bdb9c8487ad333857fec1"},"headline":"OSSA 150 Comercial de 150cc y de 1959","datePublished":"2012-07-12T09:26:18+00:00","dateModified":"2012-07-12T09:29:48+00:00","mainEntityOfPage":{"@id":"https:\/\/lamaneta.com\/web\/ossa-150-comercial-de-150cc-y-de-1959\/"},"wordCount":75,"commentCount":0,"image":{"@id":"https:\/\/lamaneta.com\/web\/ossa-150-comercial-de-150cc-y-de-1959\/#primaryimage"},"thumbnailUrl":"https:\/\/lamaneta.com\/web\/wp-content\/uploads\/2012\/07\/foto350.jpg","keywords":["OSSA 150 Comercial de 150cc y de 1959"],"articleSection":["Nuestras motos"],"inLanguage":"es","potentialAction":[{"@type":"CommentAction","name":"Comment","target":["https:\/\/lamaneta.com\/web\/ossa-150-comercial-de-150cc-y-de-1959\/#respond"]}]},{"@type":"WebPage","@id":"https:\/\/lamaneta.com\/web\/ossa-150-comercial-de-150cc-y-de-1959\/","url":"https:\/\/lamaneta.com\/web\/ossa-150-comercial-de-150cc-y-de-1959\/","name":"OSSA 150 Comercial de 150cc y de 1959 - lamaneta","isPartOf":{"@id":"https:\/\/lamaneta.com\/web\/#website"},"primaryImageOfPage":{"@id":"https:\/\/lamaneta.com\/web\/ossa-150-comercial-de-150cc-y-de-1959\/#primaryimage"},"image":{"@id":"https:\/\/lamaneta.com\/web\/ossa-150-comercial-de-150cc-y-de-1959\/#primaryimage"},"thumbnailUrl":"https:\/\/lamaneta.com\/web\/wp-content\/uploads\/2012\/07\/foto350.jpg","datePublished":"2012-07-12T09:26:18+00:00","dateModified":"2012-07-12T09:29:48+00:00","author":{"@id":"https:\/\/lamaneta.com\/web\/#\/schema\/person\/6be45709b77bdb9c8487ad333857fec1"},"breadcrumb":{"@id":"https:\/\/lamaneta.com\/web\/ossa-150-comercial-de-150cc-y-de-1959\/#breadcrumb"},"inLanguage":"es","potentialAction":[{"@type":"ReadAction","target":["https:\/\/lamaneta.com\/web\/ossa-150-comercial-de-150cc-y-de-1959\/"]}]},{"@type":"ImageObject","inLanguage":"es","@id":"https:\/\/lamaneta.com\/web\/ossa-150-comercial-de-150cc-y-de-1959\/#primaryimage","url":"https:\/\/lamaneta.com\/web\/wp-content\/uploads\/2012\/07\/foto350.jpg","contentUrl":"https:\/\/lamaneta.com\/web\/wp-content\/uploads\/2012\/07\/foto350.jpg","width":"800","height":"602"},{"@type":"BreadcrumbList","@id":"https:\/\/lamaneta.com\/web\/ossa-150-comercial-de-150cc-y-de-1959\/#breadcrumb","itemListElement":[{"@type":"ListItem","position":1,"name":"Portada","item":"https:\/\/lamaneta.com\/web\/"},{"@type":"ListItem","position":2,"name":"OSSA 150 Comercial de 150cc y de 1959"}]},{"@type":"WebSite","@id":"https:\/\/lamaneta.com\/web\/#website","url":"https:\/\/lamaneta.com\/web\/","name":"lamaneta","description":"El portal de la moto antigua y clasica.","potentialAction":[{"@type":"SearchAction","target":{"@type":"EntryPoint","urlTemplate":"https:\/\/lamaneta.com\/web\/?s={search_term_string}"},"query-input":{"@type":"PropertyValueSpecification","valueRequired":true,"valueName":"search_term_string"}}],"inLanguage":"es"},{"@type":"Person","@id":"https:\/\/lamaneta.com\/web\/#\/schema\/person\/6be45709b77bdb9c8487ad333857fec1","name":"lamaneta","image":{"@type":"ImageObject","inLanguage":"es","@id":"https:\/\/secure.gravatar.com\/avatar\/6d68c86c57cfb5bc6f330fb377fef5a9?s=96&d=mm&r=g","url":"https:\/\/secure.gravatar.com\/avatar\/6d68c86c57cfb5bc6f330fb377fef5a9?s=96&d=mm&r=g","contentUrl":"https:\/\/secure.gravatar.com\/avatar\/6d68c86c57cfb5bc6f330fb377fef5a9?s=96&d=mm&r=g","caption":"lamaneta"},"url":"https:\/\/lamaneta.com\/web\/author\/lamaneta\/"}]}},"_links":{"self":[{"href":"https:\/\/lamaneta.com\/web\/wp-json\/wp\/v2\/posts\/4196","targetHints":{"allow":["GET"]}}],"collection":[{"href":"https:\/\/lamaneta.com\/web\/wp-json\/wp\/v2\/posts"}],"about":[{"href":"https:\/\/lamaneta.com\/web\/wp-json\/wp\/v2\/types\/post"}],"author":[{"embeddable":true,"href":"https:\/\/lamaneta.com\/web\/wp-json\/wp\/v2\/users\/1"}],"replies":[{"embeddable":true,"href":"https:\/\/lamaneta.com\/web\/wp-json\/wp\/v2\/comments?post=4196"}],"version-history":[{"count":0,"href":"https:\/\/lamaneta.com\/web\/wp-json\/wp\/v2\/posts\/4196\/revisions"}],"wp:featuredmedia":[{"embeddable":true,"href":"https:\/\/lamaneta.com\/web\/wp-json\/wp\/v2\/media\/4200"}],"wp:attachment":[{"href":"https:\/\/lamaneta.com\/web\/wp-json\/wp\/v2\/media?parent=4196"}],"wp:term":[{"taxonomy":"category","embeddable":true,"href":"https:\/\/lamaneta.com\/web\/wp-json\/wp\/v2\/categories?post=4196"},{"taxonomy":"post_tag","embeddable":true,"href":"https:\/\/lamaneta.com\/web\/wp-json\/wp\/v2\/tags?post=4196"}],"curies":[{"name":"wp","href":"https:\/\/api.w.org\/{rel}","templated":true}]}}