{"id":5449,"date":"2012-07-16T10:55:01","date_gmt":"2012-07-16T10:55:01","guid":{"rendered":"http:\/\/lamaneta.com\/news\/?p=5449"},"modified":"2012-07-16T14:59:47","modified_gmt":"2012-07-16T14:59:47","slug":"ossa-tr80-250-naranja-de-250-cc-y-de-1981","status":"publish","type":"post","link":"https:\/\/lamaneta.com\/web\/ossa-tr80-250-naranja-de-250-cc-y-de-1981\/","title":{"rendered":"OSSA TR80 250 Naranja de 250 cc y de 1981"},"content":{"rendered":"<p>OSSA TR80 250 Naranja de 250 cc y de 1981<\/p>\n<p><strong>Nick o Alias: <\/strong>Premiliano62<br \/>\n<strong>Marca:<\/strong> Ossa<br \/>\n<strong>Modelo:<\/strong> Ossa TR80 250 Naranja.<br \/>\n<strong>Cilindrada: <\/strong>250 cc<br \/>\n<strong>A\u00f1o: <\/strong>1981<br \/>\n<strong>Tiempo empleado en restaurarla: <\/strong>Comprada casi restaurada y completada poco a poco.<br \/>\n<strong>Comentarios<\/strong>:<br \/>\nUna moto poco vista, en principio, en Espa\u00f1a en la \u00e9poca. \u00c9sta motocicleta es de origen italiano, uno de los mercados junto al franc\u00e9s e ingl\u00e9s que hicieron acopio de las TR 250. Con el tiempo se han ido comprando detalles que no estaban en el momento de su compra, clausor, km, tensor de cadena, tapa del filtro de aire&#8230;Una moto m\u00e1s suave que la 350.<\/p>\n<p><strong>Fallos respecto a la original:<\/strong><br \/>\nPor una raz\u00f3n que desconozco, lleva las tapas del carter de la primera serie de la amarilla. El motor va pintado en mate -en satinado en la versi\u00f3n original- y faltar\u00eda pulir las aletas del cilindro y culata para ver el aluminio, tal como sal\u00edan originalmente de f\u00e1brica.<\/p>\n<div id='gallery-1' class='gallery galleryid-5449 gallery-columns-3 gallery-size-thumbnail'><figure class='gallery-item'>\n\t\t\t<div class='gallery-icon landscape'>\n\t\t\t\t<a href='https:\/\/lamaneta.com\/web\/wp-content\/uploads\/2012\/07\/foto1149.jpg'><img loading=\"lazy\" decoding=\"async\" width=\"150\" height=\"150\" src=\"https:\/\/lamaneta.com\/web\/wp-content\/uploads\/2012\/07\/foto1149-150x150.jpg\" class=\"attachment-thumbnail size-thumbnail\" alt=\"\" srcset=\"https:\/\/lamaneta.com\/web\/wp-content\/uploads\/2012\/07\/foto1149-150x150.jpg 150w, https:\/\/lamaneta.com\/web\/wp-content\/uploads\/2012\/07\/foto1149-50x50.jpg 50w\" sizes=\"auto, (max-width: 150px) 100vw, 150px\" \/><\/a>\n\t\t\t<\/div><\/figure><figure class='gallery-item'>\n\t\t\t<div class='gallery-icon landscape'>\n\t\t\t\t<a href='https:\/\/lamaneta.com\/web\/wp-content\/uploads\/2012\/07\/foto2101.jpg'><img loading=\"lazy\" decoding=\"async\" width=\"150\" height=\"150\" src=\"https:\/\/lamaneta.com\/web\/wp-content\/uploads\/2012\/07\/foto2101-150x150.jpg\" class=\"attachment-thumbnail size-thumbnail\" alt=\"\" srcset=\"https:\/\/lamaneta.com\/web\/wp-content\/uploads\/2012\/07\/foto2101-150x150.jpg 150w, https:\/\/lamaneta.com\/web\/wp-content\/uploads\/2012\/07\/foto2101-50x50.jpg 50w\" sizes=\"auto, (max-width: 150px) 100vw, 150px\" \/><\/a>\n\t\t\t<\/div><\/figure><figure class='gallery-item'>\n\t\t\t<div class='gallery-icon landscape'>\n\t\t\t\t<a href='https:\/\/lamaneta.com\/web\/wp-content\/uploads\/2012\/07\/foto373.jpg'><img loading=\"lazy\" decoding=\"async\" width=\"150\" height=\"150\" src=\"https:\/\/lamaneta.com\/web\/wp-content\/uploads\/2012\/07\/foto373-150x150.jpg\" class=\"attachment-thumbnail size-thumbnail\" alt=\"\" srcset=\"https:\/\/lamaneta.com\/web\/wp-content\/uploads\/2012\/07\/foto373-150x150.jpg 150w, https:\/\/lamaneta.com\/web\/wp-content\/uploads\/2012\/07\/foto373-50x50.jpg 50w\" sizes=\"auto, (max-width: 150px) 100vw, 150px\" \/><\/a>\n\t\t\t<\/div><\/figure><figure class='gallery-item'>\n\t\t\t<div class='gallery-icon landscape'>\n\t\t\t\t<a href='https:\/\/lamaneta.com\/web\/wp-content\/uploads\/2012\/07\/foto449.jpg'><img loading=\"lazy\" decoding=\"async\" width=\"150\" height=\"150\" src=\"https:\/\/lamaneta.com\/web\/wp-content\/uploads\/2012\/07\/foto449-150x150.jpg\" class=\"attachment-thumbnail size-thumbnail\" alt=\"\" srcset=\"https:\/\/lamaneta.com\/web\/wp-content\/uploads\/2012\/07\/foto449-150x150.jpg 150w, https:\/\/lamaneta.com\/web\/wp-content\/uploads\/2012\/07\/foto449-50x50.jpg 50w\" sizes=\"auto, (max-width: 150px) 100vw, 150px\" \/><\/a>\n\t\t\t<\/div><\/figure>\n\t\t<\/div>\n\n","protected":false},"excerpt":{"rendered":"<p>OSSA TR80 250 Naranja de 250 cc y de 1981 Nick o Alias: Premiliano62 Marca: Ossa Modelo: Ossa TR80 250 Naranja. Cilindrada: 250 cc A\u00f1o: 1981 Tiempo empleado en restaurarla: Comprada casi restaurada y completada poco a poco. Comentarios: Una moto poco vista, en principio, en Espa\u00f1a en la \u00e9poca. \u00c9sta motocicleta es de origen [&hellip;]<\/p>\n","protected":false},"author":1,"featured_media":5452,"comment_status":"open","ping_status":"open","sticky":false,"template":"","format":"standard","meta":{"footnotes":""},"categories":[107],"tags":[1261],"class_list":["post-5449","post","type-post","status-publish","format-standard","has-post-thumbnail","hentry","category-nuestras-motos","tag-ossa-tr80-250-naranja-de-250-cc-y-de-1981"],"yoast_head":"<!-- This site is optimized with the Yoast SEO plugin v27.5 - https:\/\/yoast.com\/product\/yoast-seo-wordpress\/ -->\n<title>OSSA TR80 250 Naranja de 250 cc y de 1981 - lamaneta<\/title>\n<meta name=\"robots\" content=\"index, follow, max-snippet:-1, max-image-preview:large, max-video-preview:-1\" \/>\n<link rel=\"canonical\" href=\"https:\/\/lamaneta.com\/web\/ossa-tr80-250-naranja-de-250-cc-y-de-1981\/\" \/>\n<meta property=\"og:locale\" content=\"es_ES\" \/>\n<meta property=\"og:type\" content=\"article\" \/>\n<meta property=\"og:title\" content=\"OSSA TR80 250 Naranja de 250 cc y de 1981 - lamaneta\" \/>\n<meta property=\"og:description\" content=\"OSSA TR80 250 Naranja de 250 cc y de 1981 Nick o Alias: Premiliano62 Marca: Ossa Modelo: Ossa TR80 250 Naranja. Cilindrada: 250 cc A\u00f1o: 1981 Tiempo empleado en restaurarla: Comprada casi restaurada y completada poco a poco. Comentarios: Una moto poco vista, en principio, en Espa\u00f1a en la \u00e9poca. \u00c9sta motocicleta es de origen [&hellip;]\" \/>\n<meta property=\"og:url\" content=\"https:\/\/lamaneta.com\/web\/ossa-tr80-250-naranja-de-250-cc-y-de-1981\/\" \/>\n<meta property=\"og:site_name\" content=\"lamaneta\" \/>\n<meta property=\"article:published_time\" content=\"2012-07-16T10:55:01+00:00\" \/>\n<meta property=\"article:modified_time\" content=\"2012-07-16T14:59:47+00:00\" \/>\n<meta property=\"og:image\" content=\"https:\/\/lamaneta.com\/web\/wp-content\/uploads\/2012\/07\/foto1149.jpg\" \/>\n\t<meta property=\"og:image:width\" content=\"800\" \/>\n\t<meta property=\"og:image:height\" content=\"600\" \/>\n\t<meta property=\"og:image:type\" content=\"image\/jpeg\" \/>\n<meta name=\"author\" content=\"lamaneta\" \/>\n<meta name=\"twitter:card\" content=\"summary_large_image\" \/>\n<meta name=\"twitter:label1\" content=\"Escrito por\" \/>\n\t<meta name=\"twitter:data1\" content=\"lamaneta\" \/>\n\t<meta name=\"twitter:label2\" content=\"Tiempo de lectura\" \/>\n\t<meta name=\"twitter:data2\" content=\"1 minuto\" \/>\n<script type=\"application\/ld+json\" class=\"yoast-schema-graph\">{\"@context\":\"https:\\\/\\\/schema.org\",\"@graph\":[{\"@type\":\"Article\",\"@id\":\"https:\\\/\\\/lamaneta.com\\\/web\\\/ossa-tr80-250-naranja-de-250-cc-y-de-1981\\\/#article\",\"isPartOf\":{\"@id\":\"https:\\\/\\\/lamaneta.com\\\/web\\\/ossa-tr80-250-naranja-de-250-cc-y-de-1981\\\/\"},\"author\":{\"name\":\"lamaneta\",\"@id\":\"https:\\\/\\\/lamaneta.com\\\/web\\\/#\\\/schema\\\/person\\\/6be45709b77bdb9c8487ad333857fec1\"},\"headline\":\"OSSA TR80 250 Naranja de 250 cc y de 1981\",\"datePublished\":\"2012-07-16T10:55:01+00:00\",\"dateModified\":\"2012-07-16T14:59:47+00:00\",\"mainEntityOfPage\":{\"@id\":\"https:\\\/\\\/lamaneta.com\\\/web\\\/ossa-tr80-250-naranja-de-250-cc-y-de-1981\\\/\"},\"wordCount\":171,\"commentCount\":0,\"image\":{\"@id\":\"https:\\\/\\\/lamaneta.com\\\/web\\\/ossa-tr80-250-naranja-de-250-cc-y-de-1981\\\/#primaryimage\"},\"thumbnailUrl\":\"https:\\\/\\\/lamaneta.com\\\/web\\\/wp-content\\\/uploads\\\/2012\\\/07\\\/foto1149.jpg\",\"keywords\":[\"OSSA TR80 250 Naranja de 250 cc y de 1981\"],\"articleSection\":[\"Nuestras motos\"],\"inLanguage\":\"es\",\"potentialAction\":[{\"@type\":\"CommentAction\",\"name\":\"Comment\",\"target\":[\"https:\\\/\\\/lamaneta.com\\\/web\\\/ossa-tr80-250-naranja-de-250-cc-y-de-1981\\\/#respond\"]}]},{\"@type\":\"WebPage\",\"@id\":\"https:\\\/\\\/lamaneta.com\\\/web\\\/ossa-tr80-250-naranja-de-250-cc-y-de-1981\\\/\",\"url\":\"https:\\\/\\\/lamaneta.com\\\/web\\\/ossa-tr80-250-naranja-de-250-cc-y-de-1981\\\/\",\"name\":\"OSSA TR80 250 Naranja de 250 cc y de 1981 - lamaneta\",\"isPartOf\":{\"@id\":\"https:\\\/\\\/lamaneta.com\\\/web\\\/#website\"},\"primaryImageOfPage\":{\"@id\":\"https:\\\/\\\/lamaneta.com\\\/web\\\/ossa-tr80-250-naranja-de-250-cc-y-de-1981\\\/#primaryimage\"},\"image\":{\"@id\":\"https:\\\/\\\/lamaneta.com\\\/web\\\/ossa-tr80-250-naranja-de-250-cc-y-de-1981\\\/#primaryimage\"},\"thumbnailUrl\":\"https:\\\/\\\/lamaneta.com\\\/web\\\/wp-content\\\/uploads\\\/2012\\\/07\\\/foto1149.jpg\",\"datePublished\":\"2012-07-16T10:55:01+00:00\",\"dateModified\":\"2012-07-16T14:59:47+00:00\",\"author\":{\"@id\":\"https:\\\/\\\/lamaneta.com\\\/web\\\/#\\\/schema\\\/person\\\/6be45709b77bdb9c8487ad333857fec1\"},\"breadcrumb\":{\"@id\":\"https:\\\/\\\/lamaneta.com\\\/web\\\/ossa-tr80-250-naranja-de-250-cc-y-de-1981\\\/#breadcrumb\"},\"inLanguage\":\"es\",\"potentialAction\":[{\"@type\":\"ReadAction\",\"target\":[\"https:\\\/\\\/lamaneta.com\\\/web\\\/ossa-tr80-250-naranja-de-250-cc-y-de-1981\\\/\"]}]},{\"@type\":\"ImageObject\",\"inLanguage\":\"es\",\"@id\":\"https:\\\/\\\/lamaneta.com\\\/web\\\/ossa-tr80-250-naranja-de-250-cc-y-de-1981\\\/#primaryimage\",\"url\":\"https:\\\/\\\/lamaneta.com\\\/web\\\/wp-content\\\/uploads\\\/2012\\\/07\\\/foto1149.jpg\",\"contentUrl\":\"https:\\\/\\\/lamaneta.com\\\/web\\\/wp-content\\\/uploads\\\/2012\\\/07\\\/foto1149.jpg\",\"width\":\"800\",\"height\":\"600\"},{\"@type\":\"BreadcrumbList\",\"@id\":\"https:\\\/\\\/lamaneta.com\\\/web\\\/ossa-tr80-250-naranja-de-250-cc-y-de-1981\\\/#breadcrumb\",\"itemListElement\":[{\"@type\":\"ListItem\",\"position\":1,\"name\":\"Portada\",\"item\":\"https:\\\/\\\/lamaneta.com\\\/web\\\/\"},{\"@type\":\"ListItem\",\"position\":2,\"name\":\"OSSA TR80 250 Naranja de 250 cc y de 1981\"}]},{\"@type\":\"WebSite\",\"@id\":\"https:\\\/\\\/lamaneta.com\\\/web\\\/#website\",\"url\":\"https:\\\/\\\/lamaneta.com\\\/web\\\/\",\"name\":\"lamaneta\",\"description\":\"El portal de la moto antigua y clasica.\",\"potentialAction\":[{\"@type\":\"SearchAction\",\"target\":{\"@type\":\"EntryPoint\",\"urlTemplate\":\"https:\\\/\\\/lamaneta.com\\\/web\\\/?s={search_term_string}\"},\"query-input\":{\"@type\":\"PropertyValueSpecification\",\"valueRequired\":true,\"valueName\":\"search_term_string\"}}],\"inLanguage\":\"es\"},{\"@type\":\"Person\",\"@id\":\"https:\\\/\\\/lamaneta.com\\\/web\\\/#\\\/schema\\\/person\\\/6be45709b77bdb9c8487ad333857fec1\",\"name\":\"lamaneta\",\"image\":{\"@type\":\"ImageObject\",\"inLanguage\":\"es\",\"@id\":\"https:\\\/\\\/secure.gravatar.com\\\/avatar\\\/6d68c86c57cfb5bc6f330fb377fef5a9?s=96&d=mm&r=g\",\"url\":\"https:\\\/\\\/secure.gravatar.com\\\/avatar\\\/6d68c86c57cfb5bc6f330fb377fef5a9?s=96&d=mm&r=g\",\"contentUrl\":\"https:\\\/\\\/secure.gravatar.com\\\/avatar\\\/6d68c86c57cfb5bc6f330fb377fef5a9?s=96&d=mm&r=g\",\"caption\":\"lamaneta\"},\"url\":\"https:\\\/\\\/lamaneta.com\\\/web\\\/author\\\/lamaneta\\\/\"}]}<\/script>\n<!-- \/ Yoast SEO plugin. -->","yoast_head_json":{"title":"OSSA TR80 250 Naranja de 250 cc y de 1981 - lamaneta","robots":{"index":"index","follow":"follow","max-snippet":"max-snippet:-1","max-image-preview":"max-image-preview:large","max-video-preview":"max-video-preview:-1"},"canonical":"https:\/\/lamaneta.com\/web\/ossa-tr80-250-naranja-de-250-cc-y-de-1981\/","og_locale":"es_ES","og_type":"article","og_title":"OSSA TR80 250 Naranja de 250 cc y de 1981 - lamaneta","og_description":"OSSA TR80 250 Naranja de 250 cc y de 1981 Nick o Alias: Premiliano62 Marca: Ossa Modelo: Ossa TR80 250 Naranja. Cilindrada: 250 cc A\u00f1o: 1981 Tiempo empleado en restaurarla: Comprada casi restaurada y completada poco a poco. Comentarios: Una moto poco vista, en principio, en Espa\u00f1a en la \u00e9poca. \u00c9sta motocicleta es de origen [&hellip;]","og_url":"https:\/\/lamaneta.com\/web\/ossa-tr80-250-naranja-de-250-cc-y-de-1981\/","og_site_name":"lamaneta","article_published_time":"2012-07-16T10:55:01+00:00","article_modified_time":"2012-07-16T14:59:47+00:00","og_image":[{"width":800,"height":600,"url":"https:\/\/lamaneta.com\/web\/wp-content\/uploads\/2012\/07\/foto1149.jpg","type":"image\/jpeg"}],"author":"lamaneta","twitter_card":"summary_large_image","twitter_misc":{"Escrito por":"lamaneta","Tiempo de lectura":"1 minuto"},"schema":{"@context":"https:\/\/schema.org","@graph":[{"@type":"Article","@id":"https:\/\/lamaneta.com\/web\/ossa-tr80-250-naranja-de-250-cc-y-de-1981\/#article","isPartOf":{"@id":"https:\/\/lamaneta.com\/web\/ossa-tr80-250-naranja-de-250-cc-y-de-1981\/"},"author":{"name":"lamaneta","@id":"https:\/\/lamaneta.com\/web\/#\/schema\/person\/6be45709b77bdb9c8487ad333857fec1"},"headline":"OSSA TR80 250 Naranja de 250 cc y de 1981","datePublished":"2012-07-16T10:55:01+00:00","dateModified":"2012-07-16T14:59:47+00:00","mainEntityOfPage":{"@id":"https:\/\/lamaneta.com\/web\/ossa-tr80-250-naranja-de-250-cc-y-de-1981\/"},"wordCount":171,"commentCount":0,"image":{"@id":"https:\/\/lamaneta.com\/web\/ossa-tr80-250-naranja-de-250-cc-y-de-1981\/#primaryimage"},"thumbnailUrl":"https:\/\/lamaneta.com\/web\/wp-content\/uploads\/2012\/07\/foto1149.jpg","keywords":["OSSA TR80 250 Naranja de 250 cc y de 1981"],"articleSection":["Nuestras motos"],"inLanguage":"es","potentialAction":[{"@type":"CommentAction","name":"Comment","target":["https:\/\/lamaneta.com\/web\/ossa-tr80-250-naranja-de-250-cc-y-de-1981\/#respond"]}]},{"@type":"WebPage","@id":"https:\/\/lamaneta.com\/web\/ossa-tr80-250-naranja-de-250-cc-y-de-1981\/","url":"https:\/\/lamaneta.com\/web\/ossa-tr80-250-naranja-de-250-cc-y-de-1981\/","name":"OSSA TR80 250 Naranja de 250 cc y de 1981 - lamaneta","isPartOf":{"@id":"https:\/\/lamaneta.com\/web\/#website"},"primaryImageOfPage":{"@id":"https:\/\/lamaneta.com\/web\/ossa-tr80-250-naranja-de-250-cc-y-de-1981\/#primaryimage"},"image":{"@id":"https:\/\/lamaneta.com\/web\/ossa-tr80-250-naranja-de-250-cc-y-de-1981\/#primaryimage"},"thumbnailUrl":"https:\/\/lamaneta.com\/web\/wp-content\/uploads\/2012\/07\/foto1149.jpg","datePublished":"2012-07-16T10:55:01+00:00","dateModified":"2012-07-16T14:59:47+00:00","author":{"@id":"https:\/\/lamaneta.com\/web\/#\/schema\/person\/6be45709b77bdb9c8487ad333857fec1"},"breadcrumb":{"@id":"https:\/\/lamaneta.com\/web\/ossa-tr80-250-naranja-de-250-cc-y-de-1981\/#breadcrumb"},"inLanguage":"es","potentialAction":[{"@type":"ReadAction","target":["https:\/\/lamaneta.com\/web\/ossa-tr80-250-naranja-de-250-cc-y-de-1981\/"]}]},{"@type":"ImageObject","inLanguage":"es","@id":"https:\/\/lamaneta.com\/web\/ossa-tr80-250-naranja-de-250-cc-y-de-1981\/#primaryimage","url":"https:\/\/lamaneta.com\/web\/wp-content\/uploads\/2012\/07\/foto1149.jpg","contentUrl":"https:\/\/lamaneta.com\/web\/wp-content\/uploads\/2012\/07\/foto1149.jpg","width":"800","height":"600"},{"@type":"BreadcrumbList","@id":"https:\/\/lamaneta.com\/web\/ossa-tr80-250-naranja-de-250-cc-y-de-1981\/#breadcrumb","itemListElement":[{"@type":"ListItem","position":1,"name":"Portada","item":"https:\/\/lamaneta.com\/web\/"},{"@type":"ListItem","position":2,"name":"OSSA TR80 250 Naranja de 250 cc y de 1981"}]},{"@type":"WebSite","@id":"https:\/\/lamaneta.com\/web\/#website","url":"https:\/\/lamaneta.com\/web\/","name":"lamaneta","description":"El portal de la moto antigua y clasica.","potentialAction":[{"@type":"SearchAction","target":{"@type":"EntryPoint","urlTemplate":"https:\/\/lamaneta.com\/web\/?s={search_term_string}"},"query-input":{"@type":"PropertyValueSpecification","valueRequired":true,"valueName":"search_term_string"}}],"inLanguage":"es"},{"@type":"Person","@id":"https:\/\/lamaneta.com\/web\/#\/schema\/person\/6be45709b77bdb9c8487ad333857fec1","name":"lamaneta","image":{"@type":"ImageObject","inLanguage":"es","@id":"https:\/\/secure.gravatar.com\/avatar\/6d68c86c57cfb5bc6f330fb377fef5a9?s=96&d=mm&r=g","url":"https:\/\/secure.gravatar.com\/avatar\/6d68c86c57cfb5bc6f330fb377fef5a9?s=96&d=mm&r=g","contentUrl":"https:\/\/secure.gravatar.com\/avatar\/6d68c86c57cfb5bc6f330fb377fef5a9?s=96&d=mm&r=g","caption":"lamaneta"},"url":"https:\/\/lamaneta.com\/web\/author\/lamaneta\/"}]}},"_links":{"self":[{"href":"https:\/\/lamaneta.com\/web\/wp-json\/wp\/v2\/posts\/5449","targetHints":{"allow":["GET"]}}],"collection":[{"href":"https:\/\/lamaneta.com\/web\/wp-json\/wp\/v2\/posts"}],"about":[{"href":"https:\/\/lamaneta.com\/web\/wp-json\/wp\/v2\/types\/post"}],"author":[{"embeddable":true,"href":"https:\/\/lamaneta.com\/web\/wp-json\/wp\/v2\/users\/1"}],"replies":[{"embeddable":true,"href":"https:\/\/lamaneta.com\/web\/wp-json\/wp\/v2\/comments?post=5449"}],"version-history":[{"count":0,"href":"https:\/\/lamaneta.com\/web\/wp-json\/wp\/v2\/posts\/5449\/revisions"}],"wp:featuredmedia":[{"embeddable":true,"href":"https:\/\/lamaneta.com\/web\/wp-json\/wp\/v2\/media\/5452"}],"wp:attachment":[{"href":"https:\/\/lamaneta.com\/web\/wp-json\/wp\/v2\/media?parent=5449"}],"wp:term":[{"taxonomy":"category","embeddable":true,"href":"https:\/\/lamaneta.com\/web\/wp-json\/wp\/v2\/categories?post=5449"},{"taxonomy":"post_tag","embeddable":true,"href":"https:\/\/lamaneta.com\/web\/wp-json\/wp\/v2\/tags?post=5449"}],"curies":[{"name":"wp","href":"https:\/\/api.w.org\/{rel}","templated":true}]}}