{"id":5661,"date":"2012-07-16T15:30:20","date_gmt":"2012-07-16T15:30:20","guid":{"rendered":"http:\/\/lamaneta.com\/news\/?p=5661"},"modified":"2012-07-16T15:30:20","modified_gmt":"2012-07-16T15:30:20","slug":"montesa-cota-247-ulf-karlson-de-247-cc-y-de-1974-2","status":"publish","type":"post","link":"https:\/\/lamaneta.com\/web\/montesa-cota-247-ulf-karlson-de-247-cc-y-de-1974-2\/","title":{"rendered":"Montesa Cota 247 Ulf Karlson de 247 cc y de 1974"},"content":{"rendered":"<p>Montesa Cota 247 Ulf Karlson de 247 cc y de 1974<\/p>\n<p><strong>Nick o Alias: <\/strong>247ulf<br \/>\n<strong>Marca:<\/strong> Montesa<br \/>\n<strong>Modelo:<\/strong> Cota 247 Ulf Karlson<br \/>\n<strong>Cilindrada: <\/strong>247 cc<br \/>\n<strong>A\u00f1o: <\/strong>1974<br \/>\n<strong>Tiempo empleado en restaurarla: <\/strong>&#8211;<br \/>\n<strong>Comentarios<\/strong>:<br \/>\nMoto familiar adquirida en el a\u00f1o 1975, se conserva pr\u00e1cticamente original. El a\u00f1o pasado decidimos ponerla a punto, despu\u00e9s de unos a\u00f1os parada. Una buena limpieza general, el pintado del chasis que era lo que peor se encontraba, el cromado del manillar que ten\u00eda alguna zona oxidada y un nuevo neum\u00e1tico trasero. Como piezas \u00abno originales\u00bb, se colocaron nuevos pu\u00f1os y los fuelles de goma de la suspesi\u00f3n delantera.<\/p>\n<p><a href=\"https:\/\/lamaneta.com\/web\/wp-content\/uploads\/2012\/07\/foto1164.jpg\"><img loading=\"lazy\" decoding=\"async\" class=\"alignnone size-large wp-image-5662\" title=\"Montesa Cota 247 Ulf Karlson de 247 cc y de 1974\" src=\"https:\/\/lamaneta.com\/web\/wp-content\/uploads\/2012\/07\/foto1164-600x416.jpg\" alt=\"\" width=\"600\" height=\"416\" srcset=\"https:\/\/lamaneta.com\/web\/wp-content\/uploads\/2012\/07\/foto1164-600x416.jpg 600w, https:\/\/lamaneta.com\/web\/wp-content\/uploads\/2012\/07\/foto1164-300x208.jpg 300w, https:\/\/lamaneta.com\/web\/wp-content\/uploads\/2012\/07\/foto1164-800x555.jpg 800w, https:\/\/lamaneta.com\/web\/wp-content\/uploads\/2012\/07\/foto1164.jpg 864w\" sizes=\"auto, (max-width: 600px) 100vw, 600px\" \/><\/a><\/p>\n<p>&nbsp;<\/p>\n","protected":false},"excerpt":{"rendered":"<p>Montesa Cota 247 Ulf Karlson de 247 cc y de 1974 Nick o Alias: 247ulf Marca: Montesa Modelo: Cota 247 Ulf Karlson Cilindrada: 247 cc A\u00f1o: 1974 Tiempo empleado en restaurarla: &#8211; Comentarios: Moto familiar adquirida en el a\u00f1o 1975, se conserva pr\u00e1cticamente original. El a\u00f1o pasado decidimos ponerla a punto, despu\u00e9s de unos a\u00f1os [&hellip;]<\/p>\n","protected":false},"author":1,"featured_media":5662,"comment_status":"open","ping_status":"open","sticky":false,"template":"","format":"standard","meta":{"footnotes":""},"categories":[107],"tags":[981],"class_list":["post-5661","post","type-post","status-publish","format-standard","has-post-thumbnail","hentry","category-nuestras-motos","tag-montesa-cota-247-ulf-karlson-de-247-cc-y-de-1974"],"yoast_head":"<!-- This site is optimized with the Yoast SEO plugin v27.5 - https:\/\/yoast.com\/product\/yoast-seo-wordpress\/ -->\n<title>Montesa Cota 247 Ulf Karlson de 247 cc y de 1974 - lamaneta<\/title>\n<meta name=\"robots\" content=\"index, follow, max-snippet:-1, max-image-preview:large, max-video-preview:-1\" \/>\n<link rel=\"canonical\" href=\"https:\/\/lamaneta.com\/web\/montesa-cota-247-ulf-karlson-de-247-cc-y-de-1974-2\/\" \/>\n<meta property=\"og:locale\" content=\"es_ES\" \/>\n<meta property=\"og:type\" content=\"article\" \/>\n<meta property=\"og:title\" content=\"Montesa Cota 247 Ulf Karlson de 247 cc y de 1974 - lamaneta\" \/>\n<meta property=\"og:description\" content=\"Montesa Cota 247 Ulf Karlson de 247 cc y de 1974 Nick o Alias: 247ulf Marca: Montesa Modelo: Cota 247 Ulf Karlson Cilindrada: 247 cc A\u00f1o: 1974 Tiempo empleado en restaurarla: &#8211; Comentarios: Moto familiar adquirida en el a\u00f1o 1975, se conserva pr\u00e1cticamente original. El a\u00f1o pasado decidimos ponerla a punto, despu\u00e9s de unos a\u00f1os [&hellip;]\" \/>\n<meta property=\"og:url\" content=\"https:\/\/lamaneta.com\/web\/montesa-cota-247-ulf-karlson-de-247-cc-y-de-1974-2\/\" \/>\n<meta property=\"og:site_name\" content=\"lamaneta\" \/>\n<meta property=\"article:published_time\" content=\"2012-07-16T15:30:20+00:00\" \/>\n<meta property=\"og:image\" content=\"https:\/\/lamaneta.com\/web\/wp-content\/uploads\/2012\/07\/foto1164.jpg\" \/>\n\t<meta property=\"og:image:width\" content=\"864\" \/>\n\t<meta property=\"og:image:height\" content=\"600\" \/>\n\t<meta property=\"og:image:type\" content=\"image\/jpeg\" \/>\n<meta name=\"author\" content=\"lamaneta\" \/>\n<meta name=\"twitter:card\" content=\"summary_large_image\" \/>\n<meta name=\"twitter:label1\" content=\"Escrito por\" \/>\n\t<meta name=\"twitter:data1\" content=\"lamaneta\" \/>\n\t<meta name=\"twitter:label2\" content=\"Tiempo de lectura\" \/>\n\t<meta name=\"twitter:data2\" content=\"1 minuto\" \/>\n<script type=\"application\/ld+json\" class=\"yoast-schema-graph\">{\"@context\":\"https:\\\/\\\/schema.org\",\"@graph\":[{\"@type\":\"Article\",\"@id\":\"https:\\\/\\\/lamaneta.com\\\/web\\\/montesa-cota-247-ulf-karlson-de-247-cc-y-de-1974-2\\\/#article\",\"isPartOf\":{\"@id\":\"https:\\\/\\\/lamaneta.com\\\/web\\\/montesa-cota-247-ulf-karlson-de-247-cc-y-de-1974-2\\\/\"},\"author\":{\"name\":\"lamaneta\",\"@id\":\"https:\\\/\\\/lamaneta.com\\\/web\\\/#\\\/schema\\\/person\\\/6be45709b77bdb9c8487ad333857fec1\"},\"headline\":\"Montesa Cota 247 Ulf Karlson de 247 cc y de 1974\",\"datePublished\":\"2012-07-16T15:30:20+00:00\",\"mainEntityOfPage\":{\"@id\":\"https:\\\/\\\/lamaneta.com\\\/web\\\/montesa-cota-247-ulf-karlson-de-247-cc-y-de-1974-2\\\/\"},\"wordCount\":114,\"commentCount\":0,\"image\":{\"@id\":\"https:\\\/\\\/lamaneta.com\\\/web\\\/montesa-cota-247-ulf-karlson-de-247-cc-y-de-1974-2\\\/#primaryimage\"},\"thumbnailUrl\":\"https:\\\/\\\/lamaneta.com\\\/web\\\/wp-content\\\/uploads\\\/2012\\\/07\\\/foto1164.jpg\",\"keywords\":[\"Montesa Cota 247 Ulf Karlson de 247 cc y de 1974\"],\"articleSection\":[\"Nuestras motos\"],\"inLanguage\":\"es\",\"potentialAction\":[{\"@type\":\"CommentAction\",\"name\":\"Comment\",\"target\":[\"https:\\\/\\\/lamaneta.com\\\/web\\\/montesa-cota-247-ulf-karlson-de-247-cc-y-de-1974-2\\\/#respond\"]}]},{\"@type\":\"WebPage\",\"@id\":\"https:\\\/\\\/lamaneta.com\\\/web\\\/montesa-cota-247-ulf-karlson-de-247-cc-y-de-1974-2\\\/\",\"url\":\"https:\\\/\\\/lamaneta.com\\\/web\\\/montesa-cota-247-ulf-karlson-de-247-cc-y-de-1974-2\\\/\",\"name\":\"Montesa Cota 247 Ulf Karlson de 247 cc y de 1974 - lamaneta\",\"isPartOf\":{\"@id\":\"https:\\\/\\\/lamaneta.com\\\/web\\\/#website\"},\"primaryImageOfPage\":{\"@id\":\"https:\\\/\\\/lamaneta.com\\\/web\\\/montesa-cota-247-ulf-karlson-de-247-cc-y-de-1974-2\\\/#primaryimage\"},\"image\":{\"@id\":\"https:\\\/\\\/lamaneta.com\\\/web\\\/montesa-cota-247-ulf-karlson-de-247-cc-y-de-1974-2\\\/#primaryimage\"},\"thumbnailUrl\":\"https:\\\/\\\/lamaneta.com\\\/web\\\/wp-content\\\/uploads\\\/2012\\\/07\\\/foto1164.jpg\",\"datePublished\":\"2012-07-16T15:30:20+00:00\",\"author\":{\"@id\":\"https:\\\/\\\/lamaneta.com\\\/web\\\/#\\\/schema\\\/person\\\/6be45709b77bdb9c8487ad333857fec1\"},\"breadcrumb\":{\"@id\":\"https:\\\/\\\/lamaneta.com\\\/web\\\/montesa-cota-247-ulf-karlson-de-247-cc-y-de-1974-2\\\/#breadcrumb\"},\"inLanguage\":\"es\",\"potentialAction\":[{\"@type\":\"ReadAction\",\"target\":[\"https:\\\/\\\/lamaneta.com\\\/web\\\/montesa-cota-247-ulf-karlson-de-247-cc-y-de-1974-2\\\/\"]}]},{\"@type\":\"ImageObject\",\"inLanguage\":\"es\",\"@id\":\"https:\\\/\\\/lamaneta.com\\\/web\\\/montesa-cota-247-ulf-karlson-de-247-cc-y-de-1974-2\\\/#primaryimage\",\"url\":\"https:\\\/\\\/lamaneta.com\\\/web\\\/wp-content\\\/uploads\\\/2012\\\/07\\\/foto1164.jpg\",\"contentUrl\":\"https:\\\/\\\/lamaneta.com\\\/web\\\/wp-content\\\/uploads\\\/2012\\\/07\\\/foto1164.jpg\",\"width\":\"864\",\"height\":\"600\"},{\"@type\":\"BreadcrumbList\",\"@id\":\"https:\\\/\\\/lamaneta.com\\\/web\\\/montesa-cota-247-ulf-karlson-de-247-cc-y-de-1974-2\\\/#breadcrumb\",\"itemListElement\":[{\"@type\":\"ListItem\",\"position\":1,\"name\":\"Portada\",\"item\":\"https:\\\/\\\/lamaneta.com\\\/web\\\/\"},{\"@type\":\"ListItem\",\"position\":2,\"name\":\"Montesa Cota 247 Ulf Karlson de 247 cc y de 1974\"}]},{\"@type\":\"WebSite\",\"@id\":\"https:\\\/\\\/lamaneta.com\\\/web\\\/#website\",\"url\":\"https:\\\/\\\/lamaneta.com\\\/web\\\/\",\"name\":\"lamaneta\",\"description\":\"El portal de la moto antigua y clasica.\",\"potentialAction\":[{\"@type\":\"SearchAction\",\"target\":{\"@type\":\"EntryPoint\",\"urlTemplate\":\"https:\\\/\\\/lamaneta.com\\\/web\\\/?s={search_term_string}\"},\"query-input\":{\"@type\":\"PropertyValueSpecification\",\"valueRequired\":true,\"valueName\":\"search_term_string\"}}],\"inLanguage\":\"es\"},{\"@type\":\"Person\",\"@id\":\"https:\\\/\\\/lamaneta.com\\\/web\\\/#\\\/schema\\\/person\\\/6be45709b77bdb9c8487ad333857fec1\",\"name\":\"lamaneta\",\"image\":{\"@type\":\"ImageObject\",\"inLanguage\":\"es\",\"@id\":\"https:\\\/\\\/secure.gravatar.com\\\/avatar\\\/6d68c86c57cfb5bc6f330fb377fef5a9?s=96&d=mm&r=g\",\"url\":\"https:\\\/\\\/secure.gravatar.com\\\/avatar\\\/6d68c86c57cfb5bc6f330fb377fef5a9?s=96&d=mm&r=g\",\"contentUrl\":\"https:\\\/\\\/secure.gravatar.com\\\/avatar\\\/6d68c86c57cfb5bc6f330fb377fef5a9?s=96&d=mm&r=g\",\"caption\":\"lamaneta\"},\"url\":\"https:\\\/\\\/lamaneta.com\\\/web\\\/author\\\/lamaneta\\\/\"}]}<\/script>\n<!-- \/ Yoast SEO plugin. -->","yoast_head_json":{"title":"Montesa Cota 247 Ulf Karlson de 247 cc y de 1974 - lamaneta","robots":{"index":"index","follow":"follow","max-snippet":"max-snippet:-1","max-image-preview":"max-image-preview:large","max-video-preview":"max-video-preview:-1"},"canonical":"https:\/\/lamaneta.com\/web\/montesa-cota-247-ulf-karlson-de-247-cc-y-de-1974-2\/","og_locale":"es_ES","og_type":"article","og_title":"Montesa Cota 247 Ulf Karlson de 247 cc y de 1974 - lamaneta","og_description":"Montesa Cota 247 Ulf Karlson de 247 cc y de 1974 Nick o Alias: 247ulf Marca: Montesa Modelo: Cota 247 Ulf Karlson Cilindrada: 247 cc A\u00f1o: 1974 Tiempo empleado en restaurarla: &#8211; Comentarios: Moto familiar adquirida en el a\u00f1o 1975, se conserva pr\u00e1cticamente original. El a\u00f1o pasado decidimos ponerla a punto, despu\u00e9s de unos a\u00f1os [&hellip;]","og_url":"https:\/\/lamaneta.com\/web\/montesa-cota-247-ulf-karlson-de-247-cc-y-de-1974-2\/","og_site_name":"lamaneta","article_published_time":"2012-07-16T15:30:20+00:00","og_image":[{"width":864,"height":600,"url":"https:\/\/lamaneta.com\/web\/wp-content\/uploads\/2012\/07\/foto1164.jpg","type":"image\/jpeg"}],"author":"lamaneta","twitter_card":"summary_large_image","twitter_misc":{"Escrito por":"lamaneta","Tiempo de lectura":"1 minuto"},"schema":{"@context":"https:\/\/schema.org","@graph":[{"@type":"Article","@id":"https:\/\/lamaneta.com\/web\/montesa-cota-247-ulf-karlson-de-247-cc-y-de-1974-2\/#article","isPartOf":{"@id":"https:\/\/lamaneta.com\/web\/montesa-cota-247-ulf-karlson-de-247-cc-y-de-1974-2\/"},"author":{"name":"lamaneta","@id":"https:\/\/lamaneta.com\/web\/#\/schema\/person\/6be45709b77bdb9c8487ad333857fec1"},"headline":"Montesa Cota 247 Ulf Karlson de 247 cc y de 1974","datePublished":"2012-07-16T15:30:20+00:00","mainEntityOfPage":{"@id":"https:\/\/lamaneta.com\/web\/montesa-cota-247-ulf-karlson-de-247-cc-y-de-1974-2\/"},"wordCount":114,"commentCount":0,"image":{"@id":"https:\/\/lamaneta.com\/web\/montesa-cota-247-ulf-karlson-de-247-cc-y-de-1974-2\/#primaryimage"},"thumbnailUrl":"https:\/\/lamaneta.com\/web\/wp-content\/uploads\/2012\/07\/foto1164.jpg","keywords":["Montesa Cota 247 Ulf Karlson de 247 cc y de 1974"],"articleSection":["Nuestras motos"],"inLanguage":"es","potentialAction":[{"@type":"CommentAction","name":"Comment","target":["https:\/\/lamaneta.com\/web\/montesa-cota-247-ulf-karlson-de-247-cc-y-de-1974-2\/#respond"]}]},{"@type":"WebPage","@id":"https:\/\/lamaneta.com\/web\/montesa-cota-247-ulf-karlson-de-247-cc-y-de-1974-2\/","url":"https:\/\/lamaneta.com\/web\/montesa-cota-247-ulf-karlson-de-247-cc-y-de-1974-2\/","name":"Montesa Cota 247 Ulf Karlson de 247 cc y de 1974 - lamaneta","isPartOf":{"@id":"https:\/\/lamaneta.com\/web\/#website"},"primaryImageOfPage":{"@id":"https:\/\/lamaneta.com\/web\/montesa-cota-247-ulf-karlson-de-247-cc-y-de-1974-2\/#primaryimage"},"image":{"@id":"https:\/\/lamaneta.com\/web\/montesa-cota-247-ulf-karlson-de-247-cc-y-de-1974-2\/#primaryimage"},"thumbnailUrl":"https:\/\/lamaneta.com\/web\/wp-content\/uploads\/2012\/07\/foto1164.jpg","datePublished":"2012-07-16T15:30:20+00:00","author":{"@id":"https:\/\/lamaneta.com\/web\/#\/schema\/person\/6be45709b77bdb9c8487ad333857fec1"},"breadcrumb":{"@id":"https:\/\/lamaneta.com\/web\/montesa-cota-247-ulf-karlson-de-247-cc-y-de-1974-2\/#breadcrumb"},"inLanguage":"es","potentialAction":[{"@type":"ReadAction","target":["https:\/\/lamaneta.com\/web\/montesa-cota-247-ulf-karlson-de-247-cc-y-de-1974-2\/"]}]},{"@type":"ImageObject","inLanguage":"es","@id":"https:\/\/lamaneta.com\/web\/montesa-cota-247-ulf-karlson-de-247-cc-y-de-1974-2\/#primaryimage","url":"https:\/\/lamaneta.com\/web\/wp-content\/uploads\/2012\/07\/foto1164.jpg","contentUrl":"https:\/\/lamaneta.com\/web\/wp-content\/uploads\/2012\/07\/foto1164.jpg","width":"864","height":"600"},{"@type":"BreadcrumbList","@id":"https:\/\/lamaneta.com\/web\/montesa-cota-247-ulf-karlson-de-247-cc-y-de-1974-2\/#breadcrumb","itemListElement":[{"@type":"ListItem","position":1,"name":"Portada","item":"https:\/\/lamaneta.com\/web\/"},{"@type":"ListItem","position":2,"name":"Montesa Cota 247 Ulf Karlson de 247 cc y de 1974"}]},{"@type":"WebSite","@id":"https:\/\/lamaneta.com\/web\/#website","url":"https:\/\/lamaneta.com\/web\/","name":"lamaneta","description":"El portal de la moto antigua y clasica.","potentialAction":[{"@type":"SearchAction","target":{"@type":"EntryPoint","urlTemplate":"https:\/\/lamaneta.com\/web\/?s={search_term_string}"},"query-input":{"@type":"PropertyValueSpecification","valueRequired":true,"valueName":"search_term_string"}}],"inLanguage":"es"},{"@type":"Person","@id":"https:\/\/lamaneta.com\/web\/#\/schema\/person\/6be45709b77bdb9c8487ad333857fec1","name":"lamaneta","image":{"@type":"ImageObject","inLanguage":"es","@id":"https:\/\/secure.gravatar.com\/avatar\/6d68c86c57cfb5bc6f330fb377fef5a9?s=96&d=mm&r=g","url":"https:\/\/secure.gravatar.com\/avatar\/6d68c86c57cfb5bc6f330fb377fef5a9?s=96&d=mm&r=g","contentUrl":"https:\/\/secure.gravatar.com\/avatar\/6d68c86c57cfb5bc6f330fb377fef5a9?s=96&d=mm&r=g","caption":"lamaneta"},"url":"https:\/\/lamaneta.com\/web\/author\/lamaneta\/"}]}},"_links":{"self":[{"href":"https:\/\/lamaneta.com\/web\/wp-json\/wp\/v2\/posts\/5661","targetHints":{"allow":["GET"]}}],"collection":[{"href":"https:\/\/lamaneta.com\/web\/wp-json\/wp\/v2\/posts"}],"about":[{"href":"https:\/\/lamaneta.com\/web\/wp-json\/wp\/v2\/types\/post"}],"author":[{"embeddable":true,"href":"https:\/\/lamaneta.com\/web\/wp-json\/wp\/v2\/users\/1"}],"replies":[{"embeddable":true,"href":"https:\/\/lamaneta.com\/web\/wp-json\/wp\/v2\/comments?post=5661"}],"version-history":[{"count":0,"href":"https:\/\/lamaneta.com\/web\/wp-json\/wp\/v2\/posts\/5661\/revisions"}],"wp:featuredmedia":[{"embeddable":true,"href":"https:\/\/lamaneta.com\/web\/wp-json\/wp\/v2\/media\/5662"}],"wp:attachment":[{"href":"https:\/\/lamaneta.com\/web\/wp-json\/wp\/v2\/media?parent=5661"}],"wp:term":[{"taxonomy":"category","embeddable":true,"href":"https:\/\/lamaneta.com\/web\/wp-json\/wp\/v2\/categories?post=5661"},{"taxonomy":"post_tag","embeddable":true,"href":"https:\/\/lamaneta.com\/web\/wp-json\/wp\/v2\/tags?post=5661"}],"curies":[{"name":"wp","href":"https:\/\/api.w.org\/{rel}","templated":true}]}}