{"id":6171,"date":"2012-07-17T17:59:40","date_gmt":"2012-07-17T17:59:40","guid":{"rendered":"http:\/\/lamaneta.com\/news\/?p=6171"},"modified":"2012-07-17T17:59:40","modified_gmt":"2012-07-17T17:59:40","slug":"montesa-enduro-l-de-75-cc-y-de-1983","status":"publish","type":"post","link":"https:\/\/lamaneta.com\/web\/montesa-enduro-l-de-75-cc-y-de-1983\/","title":{"rendered":"Montesa Enduro L de 75 cc y de 1983"},"content":{"rendered":"<p>Montesa Enduro L de 75 cc y de 1983<\/p>\n<p><strong>Nick o Alias: <\/strong>Pepe<br \/>\n<strong>Marca:<\/strong> Montesa<br \/>\n<strong>Modelo:<\/strong> Enduro L<br \/>\n<strong>Cilindrada: <\/strong>75 cc<br \/>\n<strong>A\u00f1o: <\/strong>1983<br \/>\n<strong>Tiempo empleado en restaurarla: <\/strong>1 a\u00f1o<br \/>\n<strong>Comentarios<\/strong>:<br \/>\nMoto con toda la documentaci\u00f3n e itv.<\/p>\n<div id='gallery-1' class='gallery galleryid-6171 gallery-columns-3 gallery-size-thumbnail'><figure class='gallery-item'>\n\t\t\t<div class='gallery-icon landscape'>\n\t\t\t\t<a href='https:\/\/lamaneta.com\/web\/wp-content\/uploads\/2012\/07\/foto1202.jpg'><img loading=\"lazy\" decoding=\"async\" width=\"150\" height=\"150\" src=\"https:\/\/lamaneta.com\/web\/wp-content\/uploads\/2012\/07\/foto1202-150x150.jpg\" class=\"attachment-thumbnail size-thumbnail\" alt=\"\" srcset=\"https:\/\/lamaneta.com\/web\/wp-content\/uploads\/2012\/07\/foto1202-150x150.jpg 150w, https:\/\/lamaneta.com\/web\/wp-content\/uploads\/2012\/07\/foto1202-50x50.jpg 50w\" sizes=\"auto, (max-width: 150px) 100vw, 150px\" \/><\/a>\n\t\t\t<\/div><\/figure><figure class='gallery-item'>\n\t\t\t<div class='gallery-icon landscape'>\n\t\t\t\t<a href='https:\/\/lamaneta.com\/web\/wp-content\/uploads\/2012\/07\/foto2143.jpg'><img loading=\"lazy\" decoding=\"async\" width=\"150\" height=\"150\" src=\"https:\/\/lamaneta.com\/web\/wp-content\/uploads\/2012\/07\/foto2143-150x150.jpg\" class=\"attachment-thumbnail size-thumbnail\" alt=\"\" srcset=\"https:\/\/lamaneta.com\/web\/wp-content\/uploads\/2012\/07\/foto2143-150x150.jpg 150w, https:\/\/lamaneta.com\/web\/wp-content\/uploads\/2012\/07\/foto2143-50x50.jpg 50w\" sizes=\"auto, (max-width: 150px) 100vw, 150px\" \/><\/a>\n\t\t\t<\/div><\/figure>\n\t\t<\/div>\n\n","protected":false},"excerpt":{"rendered":"<p>Montesa Enduro L de 75 cc y de 1983 Nick o Alias: Pepe Marca: Montesa Modelo: Enduro L Cilindrada: 75 cc A\u00f1o: 1983 Tiempo empleado en restaurarla: 1 a\u00f1o Comentarios: Moto con toda la documentaci\u00f3n e itv.<\/p>\n","protected":false},"author":1,"featured_media":6175,"comment_status":"open","ping_status":"open","sticky":false,"template":"","format":"standard","meta":{"footnotes":""},"categories":[107],"tags":[1440],"class_list":["post-6171","post","type-post","status-publish","format-standard","has-post-thumbnail","hentry","category-nuestras-motos","tag-montesa-enduro-l-de-75-cc-y-de-1983"],"yoast_head":"<!-- This site is optimized with the Yoast SEO plugin v27.5 - https:\/\/yoast.com\/product\/yoast-seo-wordpress\/ -->\n<title>Montesa Enduro L de 75 cc y de 1983  - lamaneta<\/title>\n<meta name=\"robots\" content=\"index, follow, max-snippet:-1, max-image-preview:large, max-video-preview:-1\" \/>\n<link rel=\"canonical\" href=\"https:\/\/lamaneta.com\/web\/montesa-enduro-l-de-75-cc-y-de-1983\/\" \/>\n<meta property=\"og:locale\" content=\"es_ES\" \/>\n<meta property=\"og:type\" content=\"article\" \/>\n<meta property=\"og:title\" content=\"Montesa Enduro L de 75 cc y de 1983  - lamaneta\" \/>\n<meta property=\"og:description\" content=\"Montesa Enduro L de 75 cc y de 1983 Nick o Alias: Pepe Marca: Montesa Modelo: Enduro L Cilindrada: 75 cc A\u00f1o: 1983 Tiempo empleado en restaurarla: 1 a\u00f1o Comentarios: Moto con toda la documentaci\u00f3n e itv.\" \/>\n<meta property=\"og:url\" content=\"https:\/\/lamaneta.com\/web\/montesa-enduro-l-de-75-cc-y-de-1983\/\" \/>\n<meta property=\"og:site_name\" content=\"lamaneta\" \/>\n<meta property=\"article:published_time\" content=\"2012-07-17T17:59:40+00:00\" \/>\n<meta property=\"og:image\" content=\"https:\/\/lamaneta.com\/web\/wp-content\/uploads\/2012\/07\/foto2143.jpg\" \/>\n\t<meta property=\"og:image:width\" content=\"2304\" \/>\n\t<meta property=\"og:image:height\" content=\"1728\" \/>\n\t<meta property=\"og:image:type\" content=\"image\/jpeg\" \/>\n<meta name=\"author\" content=\"lamaneta\" \/>\n<meta name=\"twitter:card\" content=\"summary_large_image\" \/>\n<meta name=\"twitter:label1\" content=\"Escrito por\" \/>\n\t<meta name=\"twitter:data1\" content=\"lamaneta\" \/>\n<script type=\"application\/ld+json\" class=\"yoast-schema-graph\">{\"@context\":\"https:\\\/\\\/schema.org\",\"@graph\":[{\"@type\":\"Article\",\"@id\":\"https:\\\/\\\/lamaneta.com\\\/web\\\/montesa-enduro-l-de-75-cc-y-de-1983\\\/#article\",\"isPartOf\":{\"@id\":\"https:\\\/\\\/lamaneta.com\\\/web\\\/montesa-enduro-l-de-75-cc-y-de-1983\\\/\"},\"author\":{\"name\":\"lamaneta\",\"@id\":\"https:\\\/\\\/lamaneta.com\\\/web\\\/#\\\/schema\\\/person\\\/6be45709b77bdb9c8487ad333857fec1\"},\"headline\":\"Montesa Enduro L de 75 cc y de 1983\",\"datePublished\":\"2012-07-17T17:59:40+00:00\",\"mainEntityOfPage\":{\"@id\":\"https:\\\/\\\/lamaneta.com\\\/web\\\/montesa-enduro-l-de-75-cc-y-de-1983\\\/\"},\"wordCount\":45,\"commentCount\":0,\"image\":{\"@id\":\"https:\\\/\\\/lamaneta.com\\\/web\\\/montesa-enduro-l-de-75-cc-y-de-1983\\\/#primaryimage\"},\"thumbnailUrl\":\"https:\\\/\\\/lamaneta.com\\\/web\\\/wp-content\\\/uploads\\\/2012\\\/07\\\/foto2143.jpg\",\"keywords\":[\"Montesa Enduro L de 75 cc y de 1983\"],\"articleSection\":[\"Nuestras motos\"],\"inLanguage\":\"es\",\"potentialAction\":[{\"@type\":\"CommentAction\",\"name\":\"Comment\",\"target\":[\"https:\\\/\\\/lamaneta.com\\\/web\\\/montesa-enduro-l-de-75-cc-y-de-1983\\\/#respond\"]}]},{\"@type\":\"WebPage\",\"@id\":\"https:\\\/\\\/lamaneta.com\\\/web\\\/montesa-enduro-l-de-75-cc-y-de-1983\\\/\",\"url\":\"https:\\\/\\\/lamaneta.com\\\/web\\\/montesa-enduro-l-de-75-cc-y-de-1983\\\/\",\"name\":\"Montesa Enduro L de 75 cc y de 1983 - lamaneta\",\"isPartOf\":{\"@id\":\"https:\\\/\\\/lamaneta.com\\\/web\\\/#website\"},\"primaryImageOfPage\":{\"@id\":\"https:\\\/\\\/lamaneta.com\\\/web\\\/montesa-enduro-l-de-75-cc-y-de-1983\\\/#primaryimage\"},\"image\":{\"@id\":\"https:\\\/\\\/lamaneta.com\\\/web\\\/montesa-enduro-l-de-75-cc-y-de-1983\\\/#primaryimage\"},\"thumbnailUrl\":\"https:\\\/\\\/lamaneta.com\\\/web\\\/wp-content\\\/uploads\\\/2012\\\/07\\\/foto2143.jpg\",\"datePublished\":\"2012-07-17T17:59:40+00:00\",\"author\":{\"@id\":\"https:\\\/\\\/lamaneta.com\\\/web\\\/#\\\/schema\\\/person\\\/6be45709b77bdb9c8487ad333857fec1\"},\"breadcrumb\":{\"@id\":\"https:\\\/\\\/lamaneta.com\\\/web\\\/montesa-enduro-l-de-75-cc-y-de-1983\\\/#breadcrumb\"},\"inLanguage\":\"es\",\"potentialAction\":[{\"@type\":\"ReadAction\",\"target\":[\"https:\\\/\\\/lamaneta.com\\\/web\\\/montesa-enduro-l-de-75-cc-y-de-1983\\\/\"]}]},{\"@type\":\"ImageObject\",\"inLanguage\":\"es\",\"@id\":\"https:\\\/\\\/lamaneta.com\\\/web\\\/montesa-enduro-l-de-75-cc-y-de-1983\\\/#primaryimage\",\"url\":\"https:\\\/\\\/lamaneta.com\\\/web\\\/wp-content\\\/uploads\\\/2012\\\/07\\\/foto2143.jpg\",\"contentUrl\":\"https:\\\/\\\/lamaneta.com\\\/web\\\/wp-content\\\/uploads\\\/2012\\\/07\\\/foto2143.jpg\",\"width\":\"2304\",\"height\":\"1728\"},{\"@type\":\"BreadcrumbList\",\"@id\":\"https:\\\/\\\/lamaneta.com\\\/web\\\/montesa-enduro-l-de-75-cc-y-de-1983\\\/#breadcrumb\",\"itemListElement\":[{\"@type\":\"ListItem\",\"position\":1,\"name\":\"Portada\",\"item\":\"https:\\\/\\\/lamaneta.com\\\/web\\\/\"},{\"@type\":\"ListItem\",\"position\":2,\"name\":\"Montesa Enduro L de 75 cc y de 1983\"}]},{\"@type\":\"WebSite\",\"@id\":\"https:\\\/\\\/lamaneta.com\\\/web\\\/#website\",\"url\":\"https:\\\/\\\/lamaneta.com\\\/web\\\/\",\"name\":\"lamaneta\",\"description\":\"El portal de la moto antigua y clasica.\",\"potentialAction\":[{\"@type\":\"SearchAction\",\"target\":{\"@type\":\"EntryPoint\",\"urlTemplate\":\"https:\\\/\\\/lamaneta.com\\\/web\\\/?s={search_term_string}\"},\"query-input\":{\"@type\":\"PropertyValueSpecification\",\"valueRequired\":true,\"valueName\":\"search_term_string\"}}],\"inLanguage\":\"es\"},{\"@type\":\"Person\",\"@id\":\"https:\\\/\\\/lamaneta.com\\\/web\\\/#\\\/schema\\\/person\\\/6be45709b77bdb9c8487ad333857fec1\",\"name\":\"lamaneta\",\"image\":{\"@type\":\"ImageObject\",\"inLanguage\":\"es\",\"@id\":\"https:\\\/\\\/secure.gravatar.com\\\/avatar\\\/6d68c86c57cfb5bc6f330fb377fef5a9?s=96&d=mm&r=g\",\"url\":\"https:\\\/\\\/secure.gravatar.com\\\/avatar\\\/6d68c86c57cfb5bc6f330fb377fef5a9?s=96&d=mm&r=g\",\"contentUrl\":\"https:\\\/\\\/secure.gravatar.com\\\/avatar\\\/6d68c86c57cfb5bc6f330fb377fef5a9?s=96&d=mm&r=g\",\"caption\":\"lamaneta\"},\"url\":\"https:\\\/\\\/lamaneta.com\\\/web\\\/author\\\/lamaneta\\\/\"}]}<\/script>\n<!-- \/ Yoast SEO plugin. -->","yoast_head_json":{"title":"Montesa Enduro L de 75 cc y de 1983  - lamaneta","robots":{"index":"index","follow":"follow","max-snippet":"max-snippet:-1","max-image-preview":"max-image-preview:large","max-video-preview":"max-video-preview:-1"},"canonical":"https:\/\/lamaneta.com\/web\/montesa-enduro-l-de-75-cc-y-de-1983\/","og_locale":"es_ES","og_type":"article","og_title":"Montesa Enduro L de 75 cc y de 1983  - lamaneta","og_description":"Montesa Enduro L de 75 cc y de 1983 Nick o Alias: Pepe Marca: Montesa Modelo: Enduro L Cilindrada: 75 cc A\u00f1o: 1983 Tiempo empleado en restaurarla: 1 a\u00f1o Comentarios: Moto con toda la documentaci\u00f3n e itv.","og_url":"https:\/\/lamaneta.com\/web\/montesa-enduro-l-de-75-cc-y-de-1983\/","og_site_name":"lamaneta","article_published_time":"2012-07-17T17:59:40+00:00","og_image":[{"width":2304,"height":1728,"url":"https:\/\/lamaneta.com\/web\/wp-content\/uploads\/2012\/07\/foto2143.jpg","type":"image\/jpeg"}],"author":"lamaneta","twitter_card":"summary_large_image","twitter_misc":{"Escrito por":"lamaneta"},"schema":{"@context":"https:\/\/schema.org","@graph":[{"@type":"Article","@id":"https:\/\/lamaneta.com\/web\/montesa-enduro-l-de-75-cc-y-de-1983\/#article","isPartOf":{"@id":"https:\/\/lamaneta.com\/web\/montesa-enduro-l-de-75-cc-y-de-1983\/"},"author":{"name":"lamaneta","@id":"https:\/\/lamaneta.com\/web\/#\/schema\/person\/6be45709b77bdb9c8487ad333857fec1"},"headline":"Montesa Enduro L de 75 cc y de 1983","datePublished":"2012-07-17T17:59:40+00:00","mainEntityOfPage":{"@id":"https:\/\/lamaneta.com\/web\/montesa-enduro-l-de-75-cc-y-de-1983\/"},"wordCount":45,"commentCount":0,"image":{"@id":"https:\/\/lamaneta.com\/web\/montesa-enduro-l-de-75-cc-y-de-1983\/#primaryimage"},"thumbnailUrl":"https:\/\/lamaneta.com\/web\/wp-content\/uploads\/2012\/07\/foto2143.jpg","keywords":["Montesa Enduro L de 75 cc y de 1983"],"articleSection":["Nuestras motos"],"inLanguage":"es","potentialAction":[{"@type":"CommentAction","name":"Comment","target":["https:\/\/lamaneta.com\/web\/montesa-enduro-l-de-75-cc-y-de-1983\/#respond"]}]},{"@type":"WebPage","@id":"https:\/\/lamaneta.com\/web\/montesa-enduro-l-de-75-cc-y-de-1983\/","url":"https:\/\/lamaneta.com\/web\/montesa-enduro-l-de-75-cc-y-de-1983\/","name":"Montesa Enduro L de 75 cc y de 1983 - lamaneta","isPartOf":{"@id":"https:\/\/lamaneta.com\/web\/#website"},"primaryImageOfPage":{"@id":"https:\/\/lamaneta.com\/web\/montesa-enduro-l-de-75-cc-y-de-1983\/#primaryimage"},"image":{"@id":"https:\/\/lamaneta.com\/web\/montesa-enduro-l-de-75-cc-y-de-1983\/#primaryimage"},"thumbnailUrl":"https:\/\/lamaneta.com\/web\/wp-content\/uploads\/2012\/07\/foto2143.jpg","datePublished":"2012-07-17T17:59:40+00:00","author":{"@id":"https:\/\/lamaneta.com\/web\/#\/schema\/person\/6be45709b77bdb9c8487ad333857fec1"},"breadcrumb":{"@id":"https:\/\/lamaneta.com\/web\/montesa-enduro-l-de-75-cc-y-de-1983\/#breadcrumb"},"inLanguage":"es","potentialAction":[{"@type":"ReadAction","target":["https:\/\/lamaneta.com\/web\/montesa-enduro-l-de-75-cc-y-de-1983\/"]}]},{"@type":"ImageObject","inLanguage":"es","@id":"https:\/\/lamaneta.com\/web\/montesa-enduro-l-de-75-cc-y-de-1983\/#primaryimage","url":"https:\/\/lamaneta.com\/web\/wp-content\/uploads\/2012\/07\/foto2143.jpg","contentUrl":"https:\/\/lamaneta.com\/web\/wp-content\/uploads\/2012\/07\/foto2143.jpg","width":"2304","height":"1728"},{"@type":"BreadcrumbList","@id":"https:\/\/lamaneta.com\/web\/montesa-enduro-l-de-75-cc-y-de-1983\/#breadcrumb","itemListElement":[{"@type":"ListItem","position":1,"name":"Portada","item":"https:\/\/lamaneta.com\/web\/"},{"@type":"ListItem","position":2,"name":"Montesa Enduro L de 75 cc y de 1983"}]},{"@type":"WebSite","@id":"https:\/\/lamaneta.com\/web\/#website","url":"https:\/\/lamaneta.com\/web\/","name":"lamaneta","description":"El portal de la moto antigua y clasica.","potentialAction":[{"@type":"SearchAction","target":{"@type":"EntryPoint","urlTemplate":"https:\/\/lamaneta.com\/web\/?s={search_term_string}"},"query-input":{"@type":"PropertyValueSpecification","valueRequired":true,"valueName":"search_term_string"}}],"inLanguage":"es"},{"@type":"Person","@id":"https:\/\/lamaneta.com\/web\/#\/schema\/person\/6be45709b77bdb9c8487ad333857fec1","name":"lamaneta","image":{"@type":"ImageObject","inLanguage":"es","@id":"https:\/\/secure.gravatar.com\/avatar\/6d68c86c57cfb5bc6f330fb377fef5a9?s=96&d=mm&r=g","url":"https:\/\/secure.gravatar.com\/avatar\/6d68c86c57cfb5bc6f330fb377fef5a9?s=96&d=mm&r=g","contentUrl":"https:\/\/secure.gravatar.com\/avatar\/6d68c86c57cfb5bc6f330fb377fef5a9?s=96&d=mm&r=g","caption":"lamaneta"},"url":"https:\/\/lamaneta.com\/web\/author\/lamaneta\/"}]}},"_links":{"self":[{"href":"https:\/\/lamaneta.com\/web\/wp-json\/wp\/v2\/posts\/6171","targetHints":{"allow":["GET"]}}],"collection":[{"href":"https:\/\/lamaneta.com\/web\/wp-json\/wp\/v2\/posts"}],"about":[{"href":"https:\/\/lamaneta.com\/web\/wp-json\/wp\/v2\/types\/post"}],"author":[{"embeddable":true,"href":"https:\/\/lamaneta.com\/web\/wp-json\/wp\/v2\/users\/1"}],"replies":[{"embeddable":true,"href":"https:\/\/lamaneta.com\/web\/wp-json\/wp\/v2\/comments?post=6171"}],"version-history":[{"count":0,"href":"https:\/\/lamaneta.com\/web\/wp-json\/wp\/v2\/posts\/6171\/revisions"}],"wp:featuredmedia":[{"embeddable":true,"href":"https:\/\/lamaneta.com\/web\/wp-json\/wp\/v2\/media\/6175"}],"wp:attachment":[{"href":"https:\/\/lamaneta.com\/web\/wp-json\/wp\/v2\/media?parent=6171"}],"wp:term":[{"taxonomy":"category","embeddable":true,"href":"https:\/\/lamaneta.com\/web\/wp-json\/wp\/v2\/categories?post=6171"},{"taxonomy":"post_tag","embeddable":true,"href":"https:\/\/lamaneta.com\/web\/wp-json\/wp\/v2\/tags?post=6171"}],"curies":[{"name":"wp","href":"https:\/\/api.w.org\/{rel}","templated":true}]}}