{"id":8105,"date":"2012-07-27T16:29:59","date_gmt":"2012-07-27T16:29:59","guid":{"rendered":"http:\/\/lamaneta.com\/news\/?p=8105"},"modified":"2012-07-27T16:29:59","modified_gmt":"2012-07-27T16:29:59","slug":"entrando-en-un-cuartel-en-espana","status":"publish","type":"post","link":"https:\/\/lamaneta.com\/web\/entrando-en-un-cuartel-en-espana\/","title":{"rendered":"Entrando en un cuartel en Espa\u00f1a"},"content":{"rendered":"<p>Moto con sidecar de la Luftwaffe (Legi\u00f3n C\u00f3ndor) entrando en un cuartel en Espa\u00f1a.<\/p>\n<p><a href=\"https:\/\/lamaneta.com\/web\/wp-content\/uploads\/2012\/07\/imagen0031.jpg\"><img loading=\"lazy\" decoding=\"async\" class=\"alignnone size-large wp-image-8106\" src=\"https:\/\/lamaneta.com\/web\/wp-content\/uploads\/2012\/07\/imagen0031-389x600.jpg\" alt=\"\" width=\"389\" height=\"600\" srcset=\"https:\/\/lamaneta.com\/web\/wp-content\/uploads\/2012\/07\/imagen0031-389x600.jpg 389w, https:\/\/lamaneta.com\/web\/wp-content\/uploads\/2012\/07\/imagen0031-194x300.jpg 194w, https:\/\/lamaneta.com\/web\/wp-content\/uploads\/2012\/07\/imagen0031.jpg 410w\" sizes=\"auto, (max-width: 389px) 100vw, 389px\" \/><\/a><\/p>\n<p>&nbsp;<\/p>\n","protected":false},"excerpt":{"rendered":"<p>Moto con sidecar de la Luftwaffe (Legi\u00f3n C\u00f3ndor) entrando en un cuartel en Espa\u00f1a. &nbsp;<\/p>\n","protected":false},"author":2,"featured_media":8106,"comment_status":"open","ping_status":"open","sticky":false,"template":"","format":"standard","meta":{"footnotes":""},"categories":[24],"tags":[1856,1859,1858,60,30,1796,113],"class_list":["post-8105","post","type-post","status-publish","format-standard","has-post-thumbnail","hentry","category-militares","tag-alemanes","tag-legion-condor","tag-luftwaffe","tag-moto","tag-sidecar","tag-soldado","tag-soldados"],"yoast_head":"<!-- This site is optimized with the Yoast SEO plugin v27.5 - https:\/\/yoast.com\/product\/yoast-seo-wordpress\/ -->\n<title>Entrando en un cuartel en Espa\u00f1a - lamaneta<\/title>\n<meta name=\"robots\" content=\"index, follow, max-snippet:-1, max-image-preview:large, max-video-preview:-1\" \/>\n<link rel=\"canonical\" href=\"https:\/\/lamaneta.com\/web\/entrando-en-un-cuartel-en-espana\/\" \/>\n<meta property=\"og:locale\" content=\"es_ES\" \/>\n<meta property=\"og:type\" content=\"article\" \/>\n<meta property=\"og:title\" content=\"Entrando en un cuartel en Espa\u00f1a - lamaneta\" \/>\n<meta property=\"og:description\" content=\"Moto con sidecar de la Luftwaffe (Legi\u00f3n C\u00f3ndor) entrando en un cuartel en Espa\u00f1a. &nbsp;\" \/>\n<meta property=\"og:url\" content=\"https:\/\/lamaneta.com\/web\/entrando-en-un-cuartel-en-espana\/\" \/>\n<meta property=\"og:site_name\" content=\"lamaneta\" \/>\n<meta property=\"article:published_time\" content=\"2012-07-27T16:29:59+00:00\" \/>\n<meta property=\"og:image\" content=\"https:\/\/lamaneta.com\/web\/wp-content\/uploads\/2012\/07\/imagen0031.jpg\" \/>\n\t<meta property=\"og:image:width\" content=\"410\" \/>\n\t<meta property=\"og:image:height\" content=\"631\" \/>\n\t<meta property=\"og:image:type\" content=\"image\/jpeg\" \/>\n<meta name=\"author\" content=\"montesista\" \/>\n<meta name=\"twitter:card\" content=\"summary_large_image\" \/>\n<meta name=\"twitter:label1\" content=\"Escrito por\" \/>\n\t<meta name=\"twitter:data1\" content=\"montesista\" \/>\n<script type=\"application\/ld+json\" class=\"yoast-schema-graph\">{\"@context\":\"https:\\\/\\\/schema.org\",\"@graph\":[{\"@type\":\"Article\",\"@id\":\"https:\\\/\\\/lamaneta.com\\\/web\\\/entrando-en-un-cuartel-en-espana\\\/#article\",\"isPartOf\":{\"@id\":\"https:\\\/\\\/lamaneta.com\\\/web\\\/entrando-en-un-cuartel-en-espana\\\/\"},\"author\":{\"name\":\"montesista\",\"@id\":\"https:\\\/\\\/lamaneta.com\\\/web\\\/#\\\/schema\\\/person\\\/c615c3f3ebd74ef8eded57c9b5b71be6\"},\"headline\":\"Entrando en un cuartel en Espa\u00f1a\",\"datePublished\":\"2012-07-27T16:29:59+00:00\",\"mainEntityOfPage\":{\"@id\":\"https:\\\/\\\/lamaneta.com\\\/web\\\/entrando-en-un-cuartel-en-espana\\\/\"},\"wordCount\":25,\"commentCount\":0,\"image\":{\"@id\":\"https:\\\/\\\/lamaneta.com\\\/web\\\/entrando-en-un-cuartel-en-espana\\\/#primaryimage\"},\"thumbnailUrl\":\"https:\\\/\\\/lamaneta.com\\\/web\\\/wp-content\\\/uploads\\\/2012\\\/07\\\/imagen0031.jpg\",\"keywords\":[\"alemanes\",\"legi\u00f3n c\u00f3ndor\",\"Luftwaffe\",\"moto\",\"sidecar\",\"soldado\",\"soldados\"],\"articleSection\":[\"Motos militares\"],\"inLanguage\":\"es\",\"potentialAction\":[{\"@type\":\"CommentAction\",\"name\":\"Comment\",\"target\":[\"https:\\\/\\\/lamaneta.com\\\/web\\\/entrando-en-un-cuartel-en-espana\\\/#respond\"]}]},{\"@type\":\"WebPage\",\"@id\":\"https:\\\/\\\/lamaneta.com\\\/web\\\/entrando-en-un-cuartel-en-espana\\\/\",\"url\":\"https:\\\/\\\/lamaneta.com\\\/web\\\/entrando-en-un-cuartel-en-espana\\\/\",\"name\":\"Entrando en un cuartel en Espa\u00f1a - lamaneta\",\"isPartOf\":{\"@id\":\"https:\\\/\\\/lamaneta.com\\\/web\\\/#website\"},\"primaryImageOfPage\":{\"@id\":\"https:\\\/\\\/lamaneta.com\\\/web\\\/entrando-en-un-cuartel-en-espana\\\/#primaryimage\"},\"image\":{\"@id\":\"https:\\\/\\\/lamaneta.com\\\/web\\\/entrando-en-un-cuartel-en-espana\\\/#primaryimage\"},\"thumbnailUrl\":\"https:\\\/\\\/lamaneta.com\\\/web\\\/wp-content\\\/uploads\\\/2012\\\/07\\\/imagen0031.jpg\",\"datePublished\":\"2012-07-27T16:29:59+00:00\",\"author\":{\"@id\":\"https:\\\/\\\/lamaneta.com\\\/web\\\/#\\\/schema\\\/person\\\/c615c3f3ebd74ef8eded57c9b5b71be6\"},\"breadcrumb\":{\"@id\":\"https:\\\/\\\/lamaneta.com\\\/web\\\/entrando-en-un-cuartel-en-espana\\\/#breadcrumb\"},\"inLanguage\":\"es\",\"potentialAction\":[{\"@type\":\"ReadAction\",\"target\":[\"https:\\\/\\\/lamaneta.com\\\/web\\\/entrando-en-un-cuartel-en-espana\\\/\"]}]},{\"@type\":\"ImageObject\",\"inLanguage\":\"es\",\"@id\":\"https:\\\/\\\/lamaneta.com\\\/web\\\/entrando-en-un-cuartel-en-espana\\\/#primaryimage\",\"url\":\"https:\\\/\\\/lamaneta.com\\\/web\\\/wp-content\\\/uploads\\\/2012\\\/07\\\/imagen0031.jpg\",\"contentUrl\":\"https:\\\/\\\/lamaneta.com\\\/web\\\/wp-content\\\/uploads\\\/2012\\\/07\\\/imagen0031.jpg\",\"width\":\"410\",\"height\":\"631\"},{\"@type\":\"BreadcrumbList\",\"@id\":\"https:\\\/\\\/lamaneta.com\\\/web\\\/entrando-en-un-cuartel-en-espana\\\/#breadcrumb\",\"itemListElement\":[{\"@type\":\"ListItem\",\"position\":1,\"name\":\"Portada\",\"item\":\"https:\\\/\\\/lamaneta.com\\\/web\\\/\"},{\"@type\":\"ListItem\",\"position\":2,\"name\":\"Entrando en un cuartel en Espa\u00f1a\"}]},{\"@type\":\"WebSite\",\"@id\":\"https:\\\/\\\/lamaneta.com\\\/web\\\/#website\",\"url\":\"https:\\\/\\\/lamaneta.com\\\/web\\\/\",\"name\":\"lamaneta\",\"description\":\"El portal de la moto antigua y clasica.\",\"potentialAction\":[{\"@type\":\"SearchAction\",\"target\":{\"@type\":\"EntryPoint\",\"urlTemplate\":\"https:\\\/\\\/lamaneta.com\\\/web\\\/?s={search_term_string}\"},\"query-input\":{\"@type\":\"PropertyValueSpecification\",\"valueRequired\":true,\"valueName\":\"search_term_string\"}}],\"inLanguage\":\"es\"},{\"@type\":\"Person\",\"@id\":\"https:\\\/\\\/lamaneta.com\\\/web\\\/#\\\/schema\\\/person\\\/c615c3f3ebd74ef8eded57c9b5b71be6\",\"name\":\"montesista\",\"image\":{\"@type\":\"ImageObject\",\"inLanguage\":\"es\",\"@id\":\"https:\\\/\\\/secure.gravatar.com\\\/avatar\\\/6d68c86c57cfb5bc6f330fb377fef5a9?s=96&d=mm&r=g\",\"url\":\"https:\\\/\\\/secure.gravatar.com\\\/avatar\\\/6d68c86c57cfb5bc6f330fb377fef5a9?s=96&d=mm&r=g\",\"contentUrl\":\"https:\\\/\\\/secure.gravatar.com\\\/avatar\\\/6d68c86c57cfb5bc6f330fb377fef5a9?s=96&d=mm&r=g\",\"caption\":\"montesista\"},\"url\":\"https:\\\/\\\/lamaneta.com\\\/web\\\/author\\\/montesista\\\/\"}]}<\/script>\n<!-- \/ Yoast SEO plugin. -->","yoast_head_json":{"title":"Entrando en un cuartel en Espa\u00f1a - lamaneta","robots":{"index":"index","follow":"follow","max-snippet":"max-snippet:-1","max-image-preview":"max-image-preview:large","max-video-preview":"max-video-preview:-1"},"canonical":"https:\/\/lamaneta.com\/web\/entrando-en-un-cuartel-en-espana\/","og_locale":"es_ES","og_type":"article","og_title":"Entrando en un cuartel en Espa\u00f1a - lamaneta","og_description":"Moto con sidecar de la Luftwaffe (Legi\u00f3n C\u00f3ndor) entrando en un cuartel en Espa\u00f1a. &nbsp;","og_url":"https:\/\/lamaneta.com\/web\/entrando-en-un-cuartel-en-espana\/","og_site_name":"lamaneta","article_published_time":"2012-07-27T16:29:59+00:00","og_image":[{"width":410,"height":631,"url":"https:\/\/lamaneta.com\/web\/wp-content\/uploads\/2012\/07\/imagen0031.jpg","type":"image\/jpeg"}],"author":"montesista","twitter_card":"summary_large_image","twitter_misc":{"Escrito por":"montesista"},"schema":{"@context":"https:\/\/schema.org","@graph":[{"@type":"Article","@id":"https:\/\/lamaneta.com\/web\/entrando-en-un-cuartel-en-espana\/#article","isPartOf":{"@id":"https:\/\/lamaneta.com\/web\/entrando-en-un-cuartel-en-espana\/"},"author":{"name":"montesista","@id":"https:\/\/lamaneta.com\/web\/#\/schema\/person\/c615c3f3ebd74ef8eded57c9b5b71be6"},"headline":"Entrando en un cuartel en Espa\u00f1a","datePublished":"2012-07-27T16:29:59+00:00","mainEntityOfPage":{"@id":"https:\/\/lamaneta.com\/web\/entrando-en-un-cuartel-en-espana\/"},"wordCount":25,"commentCount":0,"image":{"@id":"https:\/\/lamaneta.com\/web\/entrando-en-un-cuartel-en-espana\/#primaryimage"},"thumbnailUrl":"https:\/\/lamaneta.com\/web\/wp-content\/uploads\/2012\/07\/imagen0031.jpg","keywords":["alemanes","legi\u00f3n c\u00f3ndor","Luftwaffe","moto","sidecar","soldado","soldados"],"articleSection":["Motos militares"],"inLanguage":"es","potentialAction":[{"@type":"CommentAction","name":"Comment","target":["https:\/\/lamaneta.com\/web\/entrando-en-un-cuartel-en-espana\/#respond"]}]},{"@type":"WebPage","@id":"https:\/\/lamaneta.com\/web\/entrando-en-un-cuartel-en-espana\/","url":"https:\/\/lamaneta.com\/web\/entrando-en-un-cuartel-en-espana\/","name":"Entrando en un cuartel en Espa\u00f1a - lamaneta","isPartOf":{"@id":"https:\/\/lamaneta.com\/web\/#website"},"primaryImageOfPage":{"@id":"https:\/\/lamaneta.com\/web\/entrando-en-un-cuartel-en-espana\/#primaryimage"},"image":{"@id":"https:\/\/lamaneta.com\/web\/entrando-en-un-cuartel-en-espana\/#primaryimage"},"thumbnailUrl":"https:\/\/lamaneta.com\/web\/wp-content\/uploads\/2012\/07\/imagen0031.jpg","datePublished":"2012-07-27T16:29:59+00:00","author":{"@id":"https:\/\/lamaneta.com\/web\/#\/schema\/person\/c615c3f3ebd74ef8eded57c9b5b71be6"},"breadcrumb":{"@id":"https:\/\/lamaneta.com\/web\/entrando-en-un-cuartel-en-espana\/#breadcrumb"},"inLanguage":"es","potentialAction":[{"@type":"ReadAction","target":["https:\/\/lamaneta.com\/web\/entrando-en-un-cuartel-en-espana\/"]}]},{"@type":"ImageObject","inLanguage":"es","@id":"https:\/\/lamaneta.com\/web\/entrando-en-un-cuartel-en-espana\/#primaryimage","url":"https:\/\/lamaneta.com\/web\/wp-content\/uploads\/2012\/07\/imagen0031.jpg","contentUrl":"https:\/\/lamaneta.com\/web\/wp-content\/uploads\/2012\/07\/imagen0031.jpg","width":"410","height":"631"},{"@type":"BreadcrumbList","@id":"https:\/\/lamaneta.com\/web\/entrando-en-un-cuartel-en-espana\/#breadcrumb","itemListElement":[{"@type":"ListItem","position":1,"name":"Portada","item":"https:\/\/lamaneta.com\/web\/"},{"@type":"ListItem","position":2,"name":"Entrando en un cuartel en Espa\u00f1a"}]},{"@type":"WebSite","@id":"https:\/\/lamaneta.com\/web\/#website","url":"https:\/\/lamaneta.com\/web\/","name":"lamaneta","description":"El portal de la moto antigua y clasica.","potentialAction":[{"@type":"SearchAction","target":{"@type":"EntryPoint","urlTemplate":"https:\/\/lamaneta.com\/web\/?s={search_term_string}"},"query-input":{"@type":"PropertyValueSpecification","valueRequired":true,"valueName":"search_term_string"}}],"inLanguage":"es"},{"@type":"Person","@id":"https:\/\/lamaneta.com\/web\/#\/schema\/person\/c615c3f3ebd74ef8eded57c9b5b71be6","name":"montesista","image":{"@type":"ImageObject","inLanguage":"es","@id":"https:\/\/secure.gravatar.com\/avatar\/6d68c86c57cfb5bc6f330fb377fef5a9?s=96&d=mm&r=g","url":"https:\/\/secure.gravatar.com\/avatar\/6d68c86c57cfb5bc6f330fb377fef5a9?s=96&d=mm&r=g","contentUrl":"https:\/\/secure.gravatar.com\/avatar\/6d68c86c57cfb5bc6f330fb377fef5a9?s=96&d=mm&r=g","caption":"montesista"},"url":"https:\/\/lamaneta.com\/web\/author\/montesista\/"}]}},"_links":{"self":[{"href":"https:\/\/lamaneta.com\/web\/wp-json\/wp\/v2\/posts\/8105","targetHints":{"allow":["GET"]}}],"collection":[{"href":"https:\/\/lamaneta.com\/web\/wp-json\/wp\/v2\/posts"}],"about":[{"href":"https:\/\/lamaneta.com\/web\/wp-json\/wp\/v2\/types\/post"}],"author":[{"embeddable":true,"href":"https:\/\/lamaneta.com\/web\/wp-json\/wp\/v2\/users\/2"}],"replies":[{"embeddable":true,"href":"https:\/\/lamaneta.com\/web\/wp-json\/wp\/v2\/comments?post=8105"}],"version-history":[{"count":0,"href":"https:\/\/lamaneta.com\/web\/wp-json\/wp\/v2\/posts\/8105\/revisions"}],"wp:featuredmedia":[{"embeddable":true,"href":"https:\/\/lamaneta.com\/web\/wp-json\/wp\/v2\/media\/8106"}],"wp:attachment":[{"href":"https:\/\/lamaneta.com\/web\/wp-json\/wp\/v2\/media?parent=8105"}],"wp:term":[{"taxonomy":"category","embeddable":true,"href":"https:\/\/lamaneta.com\/web\/wp-json\/wp\/v2\/categories?post=8105"},{"taxonomy":"post_tag","embeddable":true,"href":"https:\/\/lamaneta.com\/web\/wp-json\/wp\/v2\/tags?post=8105"}],"curies":[{"name":"wp","href":"https:\/\/api.w.org\/{rel}","templated":true}]}}