{"id":8610,"date":"2012-07-29T16:27:30","date_gmt":"2012-07-29T16:27:30","guid":{"rendered":"http:\/\/lamaneta.com\/news\/?p=8610"},"modified":"2012-07-29T16:27:30","modified_gmt":"2012-07-29T16:27:30","slug":"el-taller-de-ricardet","status":"publish","type":"post","link":"https:\/\/lamaneta.com\/web\/el-taller-de-ricardet\/","title":{"rendered":"El taller de Ricardet"},"content":{"rendered":"<p>Despu\u00e9s de un fin de semana m\u00e1s que provechoso, os mando unos &#8216;afoticos&#8217; de mi antro. Se trata de una nave de unos 350 metros, situada a medias entre lo que queda de zona agr\u00edcola y zona urbana.<br \/>\nDe ello, se tabic\u00f3 un espacio de unos 85 metros, que son los que he dejado como taller. El resto lo utilizo para dejar las motos de m\u00e1s uso, y los aperos agr\u00edcolas.<br \/>\nDispongo adem\u00e1s, de dos habitaciones, que las utilizo de momento para aprender a pintar y cosas parecidas.<\/p>\n<p>Estas son la puerta de acceso, una grande abatible para entrar los cacharros, y la otra m\u00e1s peque\u00f1a de uso habitual. Vista del espacio para motos de uso habitual. A la izquiera, las dos habitaciones. Aqu\u00ed tenemos una vista frontal del taller. Otros espacios&#8230;.. Tablero principal, y banco. Aqu\u00ed os presento a mis ayudantes. Espacio reservado a la preparacion y elaboraci\u00f3n de los almuerzos para cuando Su Excelencia Tio Gilito tenga a bien hacerme una visita. Esta invitaci\u00f3n se hace extensible a todo aquel que quiera venir. Vista de la parte trasera. Me queda mucho espacio por llenar. Pero todo llegar\u00e1&#8230;&#8230;. En el techo, tengo instalados doce colgadores como los de la foto. Me vienen bien, porque me sirve para poder sujetar algunos artilugios o piezas de poco peso, como pueda ser la l\u00e1mpara, o sujetar un ch\u00e1sis, o cualquier herramienta. Pues esto es todo. Lo mejor, es que antes lo ten\u00eda montado en el garaje de casa. Poco espacio, visitas de los vecinos que me lo trasteaban todo. La parienta detr\u00e1s de m\u00ed con la escoba y el mocho para que no ensuciara. Ahora lo tengo a escasos diez minutos de casa, en medio del campo, buena combinaci\u00f3n. Encima ahora me han puesto el Leroy a escasos doscientos metros. Cuando no estoy con las motos, tengo un trozo de terreno donde siembro y planto toda clase de hortaliza para casa y los amigos. Tengo animales, etc&#8230; en fin &#8230;. que s\u00f3lo me falta tener m\u00e1s tiempo para disfrutarlo. Pero todo se andar\u00e1\u2026.<\/p>\n<div id='gallery-1' class='gallery galleryid-8610 gallery-columns-3 gallery-size-thumbnail'><figure class='gallery-item'>\n\t\t\t<div class='gallery-icon landscape'>\n\t\t\t\t<a href='https:\/\/lamaneta.com\/web\/el-taller-de-ricardet\/foto1-220\/'><img loading=\"lazy\" decoding=\"async\" width=\"150\" height=\"150\" src=\"https:\/\/lamaneta.com\/web\/wp-content\/uploads\/2012\/07\/foto1264-150x150.jpg\" class=\"attachment-thumbnail size-thumbnail\" alt=\"\" srcset=\"https:\/\/lamaneta.com\/web\/wp-content\/uploads\/2012\/07\/foto1264-150x150.jpg 150w, https:\/\/lamaneta.com\/web\/wp-content\/uploads\/2012\/07\/foto1264-50x50.jpg 50w\" sizes=\"auto, (max-width: 150px) 100vw, 150px\" \/><\/a>\n\t\t\t<\/div><\/figure><figure class='gallery-item'>\n\t\t\t<div class='gallery-icon landscape'>\n\t\t\t\t<a href='https:\/\/lamaneta.com\/web\/el-taller-de-ricardet\/foto2-173\/'><img loading=\"lazy\" decoding=\"async\" width=\"150\" height=\"150\" src=\"https:\/\/lamaneta.com\/web\/wp-content\/uploads\/2012\/07\/foto2194-150x150.jpg\" class=\"attachment-thumbnail size-thumbnail\" alt=\"\" srcset=\"https:\/\/lamaneta.com\/web\/wp-content\/uploads\/2012\/07\/foto2194-150x150.jpg 150w, https:\/\/lamaneta.com\/web\/wp-content\/uploads\/2012\/07\/foto2194-50x50.jpg 50w\" sizes=\"auto, (max-width: 150px) 100vw, 150px\" \/><\/a>\n\t\t\t<\/div><\/figure><figure class='gallery-item'>\n\t\t\t<div class='gallery-icon landscape'>\n\t\t\t\t<a href='https:\/\/lamaneta.com\/web\/el-taller-de-ricardet\/foto3-131\/'><img loading=\"lazy\" decoding=\"async\" width=\"150\" height=\"150\" src=\"https:\/\/lamaneta.com\/web\/wp-content\/uploads\/2012\/07\/foto3139-150x150.jpg\" class=\"attachment-thumbnail size-thumbnail\" alt=\"\" srcset=\"https:\/\/lamaneta.com\/web\/wp-content\/uploads\/2012\/07\/foto3139-150x150.jpg 150w, https:\/\/lamaneta.com\/web\/wp-content\/uploads\/2012\/07\/foto3139-50x50.jpg 50w\" sizes=\"auto, (max-width: 150px) 100vw, 150px\" \/><\/a>\n\t\t\t<\/div><\/figure><figure class='gallery-item'>\n\t\t\t<div class='gallery-icon landscape'>\n\t\t\t\t<a href='https:\/\/lamaneta.com\/web\/el-taller-de-ricardet\/foto4-97\/'><img loading=\"lazy\" decoding=\"async\" width=\"150\" height=\"150\" src=\"https:\/\/lamaneta.com\/web\/wp-content\/uploads\/2012\/07\/foto499-150x150.jpg\" class=\"attachment-thumbnail size-thumbnail\" alt=\"\" srcset=\"https:\/\/lamaneta.com\/web\/wp-content\/uploads\/2012\/07\/foto499-150x150.jpg 150w, https:\/\/lamaneta.com\/web\/wp-content\/uploads\/2012\/07\/foto499-50x50.jpg 50w\" sizes=\"auto, (max-width: 150px) 100vw, 150px\" \/><\/a>\n\t\t\t<\/div><\/figure><figure class='gallery-item'>\n\t\t\t<div class='gallery-icon landscape'>\n\t\t\t\t<a href='https:\/\/lamaneta.com\/web\/el-taller-de-ricardet\/foto5-67\/'><img loading=\"lazy\" decoding=\"async\" width=\"150\" height=\"150\" src=\"https:\/\/lamaneta.com\/web\/wp-content\/uploads\/2012\/07\/foto566-150x150.jpg\" class=\"attachment-thumbnail size-thumbnail\" alt=\"\" srcset=\"https:\/\/lamaneta.com\/web\/wp-content\/uploads\/2012\/07\/foto566-150x150.jpg 150w, https:\/\/lamaneta.com\/web\/wp-content\/uploads\/2012\/07\/foto566-50x50.jpg 50w\" sizes=\"auto, (max-width: 150px) 100vw, 150px\" \/><\/a>\n\t\t\t<\/div><\/figure><figure class='gallery-item'>\n\t\t\t<div class='gallery-icon landscape'>\n\t\t\t\t<a href='https:\/\/lamaneta.com\/web\/el-taller-de-ricardet\/foto6-49\/'><img loading=\"lazy\" decoding=\"async\" width=\"150\" height=\"139\" src=\"https:\/\/lamaneta.com\/web\/wp-content\/uploads\/2012\/07\/foto6-150x139.gif\" class=\"attachment-thumbnail size-thumbnail\" alt=\"\" \/><\/a>\n\t\t\t<\/div><\/figure><figure class='gallery-item'>\n\t\t\t<div class='gallery-icon landscape'>\n\t\t\t\t<a href='https:\/\/lamaneta.com\/web\/el-taller-de-ricardet\/foto7-30\/'><img loading=\"lazy\" decoding=\"async\" width=\"150\" height=\"150\" src=\"https:\/\/lamaneta.com\/web\/wp-content\/uploads\/2012\/07\/foto727-150x150.jpg\" class=\"attachment-thumbnail size-thumbnail\" alt=\"\" srcset=\"https:\/\/lamaneta.com\/web\/wp-content\/uploads\/2012\/07\/foto727-150x150.jpg 150w, https:\/\/lamaneta.com\/web\/wp-content\/uploads\/2012\/07\/foto727-50x50.jpg 50w\" sizes=\"auto, (max-width: 150px) 100vw, 150px\" \/><\/a>\n\t\t\t<\/div><\/figure><figure class='gallery-item'>\n\t\t\t<div class='gallery-icon landscape'>\n\t\t\t\t<a href='https:\/\/lamaneta.com\/web\/el-taller-de-ricardet\/foto8-21\/'><img loading=\"lazy\" decoding=\"async\" width=\"150\" height=\"150\" src=\"https:\/\/lamaneta.com\/web\/wp-content\/uploads\/2012\/07\/foto818-150x150.jpg\" class=\"attachment-thumbnail size-thumbnail\" alt=\"\" srcset=\"https:\/\/lamaneta.com\/web\/wp-content\/uploads\/2012\/07\/foto818-150x150.jpg 150w, https:\/\/lamaneta.com\/web\/wp-content\/uploads\/2012\/07\/foto818-50x50.jpg 50w\" sizes=\"auto, (max-width: 150px) 100vw, 150px\" \/><\/a>\n\t\t\t<\/div><\/figure><figure class='gallery-item'>\n\t\t\t<div class='gallery-icon landscape'>\n\t\t\t\t<a href='https:\/\/lamaneta.com\/web\/el-taller-de-ricardet\/foto9-16\/'><img loading=\"lazy\" decoding=\"async\" width=\"150\" height=\"150\" src=\"https:\/\/lamaneta.com\/web\/wp-content\/uploads\/2012\/07\/foto913-150x150.jpg\" class=\"attachment-thumbnail size-thumbnail\" alt=\"\" srcset=\"https:\/\/lamaneta.com\/web\/wp-content\/uploads\/2012\/07\/foto913-150x150.jpg 150w, https:\/\/lamaneta.com\/web\/wp-content\/uploads\/2012\/07\/foto913-50x50.jpg 50w\" sizes=\"auto, (max-width: 150px) 100vw, 150px\" \/><\/a>\n\t\t\t<\/div><\/figure><figure class='gallery-item'>\n\t\t\t<div class='gallery-icon landscape'>\n\t\t\t\t<a href='https:\/\/lamaneta.com\/web\/el-taller-de-ricardet\/foto10-13\/'><img loading=\"lazy\" decoding=\"async\" width=\"150\" height=\"150\" src=\"https:\/\/lamaneta.com\/web\/wp-content\/uploads\/2012\/07\/foto1011-150x150.jpg\" class=\"attachment-thumbnail size-thumbnail\" alt=\"\" srcset=\"https:\/\/lamaneta.com\/web\/wp-content\/uploads\/2012\/07\/foto1011-150x150.jpg 150w, https:\/\/lamaneta.com\/web\/wp-content\/uploads\/2012\/07\/foto1011-50x50.jpg 50w\" sizes=\"auto, (max-width: 150px) 100vw, 150px\" \/><\/a>\n\t\t\t<\/div><\/figure><figure class='gallery-item'>\n\t\t\t<div class='gallery-icon landscape'>\n\t\t\t\t<a href='https:\/\/lamaneta.com\/web\/el-taller-de-ricardet\/foto11-12\/'><img loading=\"lazy\" decoding=\"async\" width=\"150\" height=\"150\" src=\"https:\/\/lamaneta.com\/web\/wp-content\/uploads\/2012\/07\/foto11107-150x150.jpg\" class=\"attachment-thumbnail size-thumbnail\" alt=\"\" srcset=\"https:\/\/lamaneta.com\/web\/wp-content\/uploads\/2012\/07\/foto11107-150x150.jpg 150w, https:\/\/lamaneta.com\/web\/wp-content\/uploads\/2012\/07\/foto11107-50x50.jpg 50w\" sizes=\"auto, (max-width: 150px) 100vw, 150px\" \/><\/a>\n\t\t\t<\/div><\/figure><figure class='gallery-item'>\n\t\t\t<div class='gallery-icon landscape'>\n\t\t\t\t<a href='https:\/\/lamaneta.com\/web\/el-taller-de-ricardet\/foto12-8\/'><img loading=\"lazy\" decoding=\"async\" width=\"150\" height=\"150\" src=\"https:\/\/lamaneta.com\/web\/wp-content\/uploads\/2012\/07\/foto1265-150x150.jpg\" class=\"attachment-thumbnail size-thumbnail\" alt=\"\" srcset=\"https:\/\/lamaneta.com\/web\/wp-content\/uploads\/2012\/07\/foto1265-150x150.jpg 150w, https:\/\/lamaneta.com\/web\/wp-content\/uploads\/2012\/07\/foto1265-50x50.jpg 50w\" sizes=\"auto, (max-width: 150px) 100vw, 150px\" \/><\/a>\n\t\t\t<\/div><\/figure><figure class='gallery-item'>\n\t\t\t<div class='gallery-icon landscape'>\n\t\t\t\t<a href='https:\/\/lamaneta.com\/web\/el-taller-de-ricardet\/foto13-7\/'><img loading=\"lazy\" decoding=\"async\" width=\"150\" height=\"150\" src=\"https:\/\/lamaneta.com\/web\/wp-content\/uploads\/2012\/07\/foto1316-150x150.jpg\" class=\"attachment-thumbnail size-thumbnail\" alt=\"\" srcset=\"https:\/\/lamaneta.com\/web\/wp-content\/uploads\/2012\/07\/foto1316-150x150.jpg 150w, https:\/\/lamaneta.com\/web\/wp-content\/uploads\/2012\/07\/foto1316-50x50.jpg 50w\" sizes=\"auto, (max-width: 150px) 100vw, 150px\" \/><\/a>\n\t\t\t<\/div><\/figure><figure class='gallery-item'>\n\t\t\t<div class='gallery-icon landscape'>\n\t\t\t\t<a href='https:\/\/lamaneta.com\/web\/el-taller-de-ricardet\/foto14-5\/'><img loading=\"lazy\" decoding=\"async\" width=\"150\" height=\"150\" src=\"https:\/\/lamaneta.com\/web\/wp-content\/uploads\/2012\/07\/foto1414-150x150.jpg\" class=\"attachment-thumbnail size-thumbnail\" alt=\"\" srcset=\"https:\/\/lamaneta.com\/web\/wp-content\/uploads\/2012\/07\/foto1414-150x150.jpg 150w, https:\/\/lamaneta.com\/web\/wp-content\/uploads\/2012\/07\/foto1414-50x50.jpg 50w\" sizes=\"auto, (max-width: 150px) 100vw, 150px\" \/><\/a>\n\t\t\t<\/div><\/figure><figure class='gallery-item'>\n\t\t\t<div class='gallery-icon landscape'>\n\t\t\t\t<a href='https:\/\/lamaneta.com\/web\/el-taller-de-ricardet\/foto15-4\/'><img loading=\"lazy\" decoding=\"async\" width=\"150\" height=\"150\" src=\"https:\/\/lamaneta.com\/web\/wp-content\/uploads\/2012\/07\/foto1513-150x150.jpg\" class=\"attachment-thumbnail size-thumbnail\" alt=\"\" srcset=\"https:\/\/lamaneta.com\/web\/wp-content\/uploads\/2012\/07\/foto1513-150x150.jpg 150w, https:\/\/lamaneta.com\/web\/wp-content\/uploads\/2012\/07\/foto1513-50x50.jpg 50w\" sizes=\"auto, (max-width: 150px) 100vw, 150px\" \/><\/a>\n\t\t\t<\/div><\/figure><figure class='gallery-item'>\n\t\t\t<div class='gallery-icon landscape'>\n\t\t\t\t<a href='https:\/\/lamaneta.com\/web\/el-taller-de-ricardet\/foto16-3\/'><img loading=\"lazy\" decoding=\"async\" width=\"150\" height=\"150\" src=\"https:\/\/lamaneta.com\/web\/wp-content\/uploads\/2012\/07\/foto1612-150x150.jpg\" class=\"attachment-thumbnail size-thumbnail\" alt=\"\" srcset=\"https:\/\/lamaneta.com\/web\/wp-content\/uploads\/2012\/07\/foto1612-150x150.jpg 150w, https:\/\/lamaneta.com\/web\/wp-content\/uploads\/2012\/07\/foto1612-50x50.jpg 50w\" sizes=\"auto, (max-width: 150px) 100vw, 150px\" \/><\/a>\n\t\t\t<\/div><\/figure>\n\t\t<\/div>\n\n","protected":false},"excerpt":{"rendered":"<p>Despu\u00e9s de un fin de semana m\u00e1s que provechoso, os mando unos &#8216;afoticos&#8217; de mi antro. Se trata de una nave de unos 350 metros, situada a medias entre lo que queda de zona agr\u00edcola y zona urbana. De ello, se tabic\u00f3 un espacio de unos 85 metros, que son los que he dejado como [&hellip;]<\/p>\n","protected":false},"author":2,"featured_media":8616,"comment_status":"open","ping_status":"open","sticky":false,"template":"","format":"standard","meta":{"footnotes":""},"categories":[103],"tags":[1935,53,104],"class_list":["post-8610","post","type-post","status-publish","format-standard","has-post-thumbnail","hentry","category-nuestros-talleres","tag-ricardet","tag-taller","tag-workshop"],"yoast_head":"<!-- This site is optimized with the Yoast SEO plugin v27.5 - https:\/\/yoast.com\/product\/yoast-seo-wordpress\/ -->\n<title>El taller de Ricardet - lamaneta<\/title>\n<meta name=\"robots\" content=\"index, follow, max-snippet:-1, max-image-preview:large, max-video-preview:-1\" \/>\n<link rel=\"canonical\" href=\"https:\/\/lamaneta.com\/web\/el-taller-de-ricardet\/\" \/>\n<meta property=\"og:locale\" content=\"es_ES\" \/>\n<meta property=\"og:type\" content=\"article\" \/>\n<meta property=\"og:title\" content=\"El taller de Ricardet - lamaneta\" \/>\n<meta property=\"og:description\" content=\"Despu\u00e9s de un fin de semana m\u00e1s que provechoso, os mando unos &#8216;afoticos&#8217; de mi antro. Se trata de una nave de unos 350 metros, situada a medias entre lo que queda de zona agr\u00edcola y zona urbana. De ello, se tabic\u00f3 un espacio de unos 85 metros, que son los que he dejado como [&hellip;]\" \/>\n<meta property=\"og:url\" content=\"https:\/\/lamaneta.com\/web\/el-taller-de-ricardet\/\" \/>\n<meta property=\"og:site_name\" content=\"lamaneta\" \/>\n<meta property=\"article:published_time\" content=\"2012-07-29T16:27:30+00:00\" \/>\n<meta property=\"og:image\" content=\"https:\/\/lamaneta.com\/web\/wp-content\/uploads\/2012\/07\/foto6.gif\" \/>\n\t<meta property=\"og:image:width\" content=\"185\" \/>\n\t<meta property=\"og:image:height\" content=\"139\" \/>\n\t<meta property=\"og:image:type\" content=\"image\/gif\" \/>\n<meta name=\"author\" content=\"montesista\" \/>\n<meta name=\"twitter:card\" content=\"summary_large_image\" \/>\n<meta name=\"twitter:label1\" content=\"Escrito por\" \/>\n\t<meta name=\"twitter:data1\" content=\"montesista\" \/>\n\t<meta name=\"twitter:label2\" content=\"Tiempo de lectura\" \/>\n\t<meta name=\"twitter:data2\" content=\"2 minutos\" \/>\n<script type=\"application\/ld+json\" class=\"yoast-schema-graph\">{\"@context\":\"https:\\\/\\\/schema.org\",\"@graph\":[{\"@type\":\"Article\",\"@id\":\"https:\\\/\\\/lamaneta.com\\\/web\\\/el-taller-de-ricardet\\\/#article\",\"isPartOf\":{\"@id\":\"https:\\\/\\\/lamaneta.com\\\/web\\\/el-taller-de-ricardet\\\/\"},\"author\":{\"name\":\"montesista\",\"@id\":\"https:\\\/\\\/lamaneta.com\\\/web\\\/#\\\/schema\\\/person\\\/c615c3f3ebd74ef8eded57c9b5b71be6\"},\"headline\":\"El taller de Ricardet\",\"datePublished\":\"2012-07-29T16:27:30+00:00\",\"mainEntityOfPage\":{\"@id\":\"https:\\\/\\\/lamaneta.com\\\/web\\\/el-taller-de-ricardet\\\/\"},\"wordCount\":360,\"commentCount\":0,\"image\":{\"@id\":\"https:\\\/\\\/lamaneta.com\\\/web\\\/el-taller-de-ricardet\\\/#primaryimage\"},\"thumbnailUrl\":\"https:\\\/\\\/lamaneta.com\\\/web\\\/wp-content\\\/uploads\\\/2012\\\/07\\\/foto6.gif\",\"keywords\":[\"Ricardet\",\"taller\",\"workshop\"],\"articleSection\":[\"Nuestros talleres\"],\"inLanguage\":\"es\",\"potentialAction\":[{\"@type\":\"CommentAction\",\"name\":\"Comment\",\"target\":[\"https:\\\/\\\/lamaneta.com\\\/web\\\/el-taller-de-ricardet\\\/#respond\"]}]},{\"@type\":\"WebPage\",\"@id\":\"https:\\\/\\\/lamaneta.com\\\/web\\\/el-taller-de-ricardet\\\/\",\"url\":\"https:\\\/\\\/lamaneta.com\\\/web\\\/el-taller-de-ricardet\\\/\",\"name\":\"El taller de Ricardet - lamaneta\",\"isPartOf\":{\"@id\":\"https:\\\/\\\/lamaneta.com\\\/web\\\/#website\"},\"primaryImageOfPage\":{\"@id\":\"https:\\\/\\\/lamaneta.com\\\/web\\\/el-taller-de-ricardet\\\/#primaryimage\"},\"image\":{\"@id\":\"https:\\\/\\\/lamaneta.com\\\/web\\\/el-taller-de-ricardet\\\/#primaryimage\"},\"thumbnailUrl\":\"https:\\\/\\\/lamaneta.com\\\/web\\\/wp-content\\\/uploads\\\/2012\\\/07\\\/foto6.gif\",\"datePublished\":\"2012-07-29T16:27:30+00:00\",\"author\":{\"@id\":\"https:\\\/\\\/lamaneta.com\\\/web\\\/#\\\/schema\\\/person\\\/c615c3f3ebd74ef8eded57c9b5b71be6\"},\"breadcrumb\":{\"@id\":\"https:\\\/\\\/lamaneta.com\\\/web\\\/el-taller-de-ricardet\\\/#breadcrumb\"},\"inLanguage\":\"es\",\"potentialAction\":[{\"@type\":\"ReadAction\",\"target\":[\"https:\\\/\\\/lamaneta.com\\\/web\\\/el-taller-de-ricardet\\\/\"]}]},{\"@type\":\"ImageObject\",\"inLanguage\":\"es\",\"@id\":\"https:\\\/\\\/lamaneta.com\\\/web\\\/el-taller-de-ricardet\\\/#primaryimage\",\"url\":\"https:\\\/\\\/lamaneta.com\\\/web\\\/wp-content\\\/uploads\\\/2012\\\/07\\\/foto6.gif\",\"contentUrl\":\"https:\\\/\\\/lamaneta.com\\\/web\\\/wp-content\\\/uploads\\\/2012\\\/07\\\/foto6.gif\",\"width\":\"185\",\"height\":\"139\"},{\"@type\":\"BreadcrumbList\",\"@id\":\"https:\\\/\\\/lamaneta.com\\\/web\\\/el-taller-de-ricardet\\\/#breadcrumb\",\"itemListElement\":[{\"@type\":\"ListItem\",\"position\":1,\"name\":\"Portada\",\"item\":\"https:\\\/\\\/lamaneta.com\\\/web\\\/\"},{\"@type\":\"ListItem\",\"position\":2,\"name\":\"El taller de Ricardet\"}]},{\"@type\":\"WebSite\",\"@id\":\"https:\\\/\\\/lamaneta.com\\\/web\\\/#website\",\"url\":\"https:\\\/\\\/lamaneta.com\\\/web\\\/\",\"name\":\"lamaneta\",\"description\":\"El portal de la moto antigua y clasica.\",\"potentialAction\":[{\"@type\":\"SearchAction\",\"target\":{\"@type\":\"EntryPoint\",\"urlTemplate\":\"https:\\\/\\\/lamaneta.com\\\/web\\\/?s={search_term_string}\"},\"query-input\":{\"@type\":\"PropertyValueSpecification\",\"valueRequired\":true,\"valueName\":\"search_term_string\"}}],\"inLanguage\":\"es\"},{\"@type\":\"Person\",\"@id\":\"https:\\\/\\\/lamaneta.com\\\/web\\\/#\\\/schema\\\/person\\\/c615c3f3ebd74ef8eded57c9b5b71be6\",\"name\":\"montesista\",\"image\":{\"@type\":\"ImageObject\",\"inLanguage\":\"es\",\"@id\":\"https:\\\/\\\/secure.gravatar.com\\\/avatar\\\/6d68c86c57cfb5bc6f330fb377fef5a9?s=96&d=mm&r=g\",\"url\":\"https:\\\/\\\/secure.gravatar.com\\\/avatar\\\/6d68c86c57cfb5bc6f330fb377fef5a9?s=96&d=mm&r=g\",\"contentUrl\":\"https:\\\/\\\/secure.gravatar.com\\\/avatar\\\/6d68c86c57cfb5bc6f330fb377fef5a9?s=96&d=mm&r=g\",\"caption\":\"montesista\"},\"url\":\"https:\\\/\\\/lamaneta.com\\\/web\\\/author\\\/montesista\\\/\"}]}<\/script>\n<!-- \/ Yoast SEO plugin. -->","yoast_head_json":{"title":"El taller de Ricardet - lamaneta","robots":{"index":"index","follow":"follow","max-snippet":"max-snippet:-1","max-image-preview":"max-image-preview:large","max-video-preview":"max-video-preview:-1"},"canonical":"https:\/\/lamaneta.com\/web\/el-taller-de-ricardet\/","og_locale":"es_ES","og_type":"article","og_title":"El taller de Ricardet - lamaneta","og_description":"Despu\u00e9s de un fin de semana m\u00e1s que provechoso, os mando unos &#8216;afoticos&#8217; de mi antro. Se trata de una nave de unos 350 metros, situada a medias entre lo que queda de zona agr\u00edcola y zona urbana. De ello, se tabic\u00f3 un espacio de unos 85 metros, que son los que he dejado como [&hellip;]","og_url":"https:\/\/lamaneta.com\/web\/el-taller-de-ricardet\/","og_site_name":"lamaneta","article_published_time":"2012-07-29T16:27:30+00:00","og_image":[{"width":185,"height":139,"url":"https:\/\/lamaneta.com\/web\/wp-content\/uploads\/2012\/07\/foto6.gif","type":"image\/gif"}],"author":"montesista","twitter_card":"summary_large_image","twitter_misc":{"Escrito por":"montesista","Tiempo de lectura":"2 minutos"},"schema":{"@context":"https:\/\/schema.org","@graph":[{"@type":"Article","@id":"https:\/\/lamaneta.com\/web\/el-taller-de-ricardet\/#article","isPartOf":{"@id":"https:\/\/lamaneta.com\/web\/el-taller-de-ricardet\/"},"author":{"name":"montesista","@id":"https:\/\/lamaneta.com\/web\/#\/schema\/person\/c615c3f3ebd74ef8eded57c9b5b71be6"},"headline":"El taller de Ricardet","datePublished":"2012-07-29T16:27:30+00:00","mainEntityOfPage":{"@id":"https:\/\/lamaneta.com\/web\/el-taller-de-ricardet\/"},"wordCount":360,"commentCount":0,"image":{"@id":"https:\/\/lamaneta.com\/web\/el-taller-de-ricardet\/#primaryimage"},"thumbnailUrl":"https:\/\/lamaneta.com\/web\/wp-content\/uploads\/2012\/07\/foto6.gif","keywords":["Ricardet","taller","workshop"],"articleSection":["Nuestros talleres"],"inLanguage":"es","potentialAction":[{"@type":"CommentAction","name":"Comment","target":["https:\/\/lamaneta.com\/web\/el-taller-de-ricardet\/#respond"]}]},{"@type":"WebPage","@id":"https:\/\/lamaneta.com\/web\/el-taller-de-ricardet\/","url":"https:\/\/lamaneta.com\/web\/el-taller-de-ricardet\/","name":"El taller de Ricardet - lamaneta","isPartOf":{"@id":"https:\/\/lamaneta.com\/web\/#website"},"primaryImageOfPage":{"@id":"https:\/\/lamaneta.com\/web\/el-taller-de-ricardet\/#primaryimage"},"image":{"@id":"https:\/\/lamaneta.com\/web\/el-taller-de-ricardet\/#primaryimage"},"thumbnailUrl":"https:\/\/lamaneta.com\/web\/wp-content\/uploads\/2012\/07\/foto6.gif","datePublished":"2012-07-29T16:27:30+00:00","author":{"@id":"https:\/\/lamaneta.com\/web\/#\/schema\/person\/c615c3f3ebd74ef8eded57c9b5b71be6"},"breadcrumb":{"@id":"https:\/\/lamaneta.com\/web\/el-taller-de-ricardet\/#breadcrumb"},"inLanguage":"es","potentialAction":[{"@type":"ReadAction","target":["https:\/\/lamaneta.com\/web\/el-taller-de-ricardet\/"]}]},{"@type":"ImageObject","inLanguage":"es","@id":"https:\/\/lamaneta.com\/web\/el-taller-de-ricardet\/#primaryimage","url":"https:\/\/lamaneta.com\/web\/wp-content\/uploads\/2012\/07\/foto6.gif","contentUrl":"https:\/\/lamaneta.com\/web\/wp-content\/uploads\/2012\/07\/foto6.gif","width":"185","height":"139"},{"@type":"BreadcrumbList","@id":"https:\/\/lamaneta.com\/web\/el-taller-de-ricardet\/#breadcrumb","itemListElement":[{"@type":"ListItem","position":1,"name":"Portada","item":"https:\/\/lamaneta.com\/web\/"},{"@type":"ListItem","position":2,"name":"El taller de Ricardet"}]},{"@type":"WebSite","@id":"https:\/\/lamaneta.com\/web\/#website","url":"https:\/\/lamaneta.com\/web\/","name":"lamaneta","description":"El portal de la moto antigua y clasica.","potentialAction":[{"@type":"SearchAction","target":{"@type":"EntryPoint","urlTemplate":"https:\/\/lamaneta.com\/web\/?s={search_term_string}"},"query-input":{"@type":"PropertyValueSpecification","valueRequired":true,"valueName":"search_term_string"}}],"inLanguage":"es"},{"@type":"Person","@id":"https:\/\/lamaneta.com\/web\/#\/schema\/person\/c615c3f3ebd74ef8eded57c9b5b71be6","name":"montesista","image":{"@type":"ImageObject","inLanguage":"es","@id":"https:\/\/secure.gravatar.com\/avatar\/6d68c86c57cfb5bc6f330fb377fef5a9?s=96&d=mm&r=g","url":"https:\/\/secure.gravatar.com\/avatar\/6d68c86c57cfb5bc6f330fb377fef5a9?s=96&d=mm&r=g","contentUrl":"https:\/\/secure.gravatar.com\/avatar\/6d68c86c57cfb5bc6f330fb377fef5a9?s=96&d=mm&r=g","caption":"montesista"},"url":"https:\/\/lamaneta.com\/web\/author\/montesista\/"}]}},"_links":{"self":[{"href":"https:\/\/lamaneta.com\/web\/wp-json\/wp\/v2\/posts\/8610","targetHints":{"allow":["GET"]}}],"collection":[{"href":"https:\/\/lamaneta.com\/web\/wp-json\/wp\/v2\/posts"}],"about":[{"href":"https:\/\/lamaneta.com\/web\/wp-json\/wp\/v2\/types\/post"}],"author":[{"embeddable":true,"href":"https:\/\/lamaneta.com\/web\/wp-json\/wp\/v2\/users\/2"}],"replies":[{"embeddable":true,"href":"https:\/\/lamaneta.com\/web\/wp-json\/wp\/v2\/comments?post=8610"}],"version-history":[{"count":0,"href":"https:\/\/lamaneta.com\/web\/wp-json\/wp\/v2\/posts\/8610\/revisions"}],"wp:featuredmedia":[{"embeddable":true,"href":"https:\/\/lamaneta.com\/web\/wp-json\/wp\/v2\/media\/8616"}],"wp:attachment":[{"href":"https:\/\/lamaneta.com\/web\/wp-json\/wp\/v2\/media?parent=8610"}],"wp:term":[{"taxonomy":"category","embeddable":true,"href":"https:\/\/lamaneta.com\/web\/wp-json\/wp\/v2\/categories?post=8610"},{"taxonomy":"post_tag","embeddable":true,"href":"https:\/\/lamaneta.com\/web\/wp-json\/wp\/v2\/tags?post=8610"}],"curies":[{"name":"wp","href":"https:\/\/api.w.org\/{rel}","templated":true}]}}